{"id":2193,"date":"2022-10-07T01:50:46","date_gmt":"2022-10-07T01:50:46","guid":{"rendered":"https:\/\/minutaregional.cl\/?p=2193"},"modified":"2022-10-07T01:50:46","modified_gmt":"2022-10-07T01:50:46","slug":"subsecretaria-tatiana-rojas-encabeza-inauguracion-del-paseo-gastronomico-caleta-de-penuelas","status":"publish","type":"post","link":"https:\/\/minutaregional.cl\/?p=2193","title":{"rendered":"Subsecretaria Tatiana Rojas Encabeza Inauguraci\u00f3n del Paseo Gastron\u00f3mico Caleta de Pe\u00f1uelas"},"content":{"rendered":"<ul>\n<li style=\"text-align: justify;\"><strong><em>El nuevo espacio p\u00fablico, emplazado en una zona t\u00edpica de Coquimbo, cuenta con infraestructura y diversos equipamientos para la pr\u00e1ctica de actividades recreativas y deportivas. Financiado por el Minvu, el Paseo renueva y recupera el sector tanto para la comunidad como para los turistas que lo visitan y disfrutan de su tradicional oferta gastron\u00f3mica. <\/em><\/strong><\/li>\n<\/ul>\n<p style=\"text-align: justify;\">La subsecretaria de Vivienda y Urbanismo, Tatiana Rojas Leiva, junto al delegado presidencial de la Regi\u00f3n de Coquimbo, Rub\u00e9n Quezada, y al alcalde de Coquimbo, Ali Manouchehri, encabezaron esta tarde la ceremonia de inauguraci\u00f3n del \u201cPaseo Gastron\u00f3mico Caleta de Pe\u00f1uelas\u201d el que estar\u00e1 abierto tanto a la comunidad local como a los turistas que semanalmente visitan esta tradicional caleta.<\/p>\n<p style=\"text-align: justify;\">El acto, que cont\u00f3 con una fiesta vecinal y muestra gastron\u00f3mica por parte de las locatarias y locatarios del sector, marca la apertura de este espacio p\u00fablico financiado por el Minvu, que signific\u00f3 una inversi\u00f3n de m\u00e1s de $ 868 millones de pesos y que cambiar\u00e1 la cara a este sector t\u00edpico de la comuna.<\/p>\n<p style=\"text-align: justify;\">Ubicado entre las calles Rengo y Avenida Costanera, el paseo cuenta con pavimentaci\u00f3n para circulaci\u00f3n tanto peatonal como vehicular, mobiliario, zonas de descanso, \u00e1reas de resguardo y sombreaderos, estacionamientos, paisajismo con criterios de sustentabilidad, iluminaci\u00f3n peatonal, juegos infantiles, sector para esparcimiento y deporte y una explanada para desarrollar actividades masivas o deportivas. Asimismo, el proyecto cont\u00f3 con participaci\u00f3n ciudadana, donde vecinas, vecinos, locatarias y locatarios plantearon sus opiniones que quedaron plasmadas en su dise\u00f1o.<\/p>\n<p style=\"text-align: justify;\">En la oportunidad, la subsecretaria Tatiana Rojas Leiva expres\u00f3 que \u201cestamos en este espacio que da gusto invitar a todas y a todos a visitarlo, ahora que se viene a coronar un proceso de desarrollo econ\u00f3mico, de esfuerzo de muchos locatarios, de muchas familias que hay detr\u00e1s. Se viene a coronar con esta infraestructura p\u00fablica que entregamos desde el sector de Vivienda\u201d y agreg\u00f3 que \u201cquiero reforzar que en el Minvu no solamente estamos construyendo casas y edificios, sino que estamos construyendo ciudad, estamos aportando a espacios como este, donde las personas pueden recrearse, desarrollarse econ\u00f3micamente y donde podemos visitar, desde todas las regiones de Chile, esta comuna que hoy tiene tantos desaf\u00edos no solamente en ciudad, sino que en vivienda\u201d.<\/p>\n<p style=\"text-align: justify;\">Por su parte, el delegado presidencial, Rub\u00e9n Quezada indic\u00f3 que \u201cestamos entregando un espacio en compa\u00f1\u00eda de locatarios, de vecinos, vecinas, para poder relevar una idea de que los espacios p\u00fablicos no son de nadie, son de todos y todas, y por lo mismo ahora toca cuidarlos, usarlos, apropiarnos de ellos y seguir avanzando, seguir recuperando espacios. Es un Gobierno que escucha, por lo tanto, hemos escuchado a las personas que tenemos que avanzar m\u00e1s en t\u00e9rminos de recuperar canchas, espacios para que los ni\u00f1os y ni\u00f1as jueguen con m\u00e1s seguridad, con m\u00e1s comunidad, con m\u00e1s inversi\u00f3n, con m\u00e1s turismo, m\u00e1s econom\u00eda vamos a poder seguir avanzando y recuperando y haci\u00e9ndonos cargo de problemas que se arrastran hace a\u00f1os\u201d.<\/p>\n<p style=\"text-align: justify;\">A su vez, el alcalde de Coquimbo, Ali Manouchehri, afirm\u00f3 que \u201cpara nosotros, es incre\u00edble tener la oportunidad de ver como se est\u00e1 transformando nuestra comuna. El apoyo del Ministerio de Vivienda y Urbanismo nos permite hoy estar disfrutando un espacio que tiene un reconocimiento no solo de los coquimbanos y coquimbanas, sino que tambi\u00e9n de la gente que nos visita. Recordar que somos un lugar tur\u00edstico, y para transformarnos en un lugar a\u00fan m\u00e1s tur\u00edstico, que sea un espacio donde la gente nos visite, tenemos que ir mejorando los espacios\u00bb. Asimismo, se\u00f1al\u00f3 que \u201csomos unos eternos agradecidos. Como coquimbano y alcalde de esta comuna, agradezco el apoyo del Gobierno en ayudarnos a destrabar estos proyectos que son de larga data y que van en directo beneficio de la comunidad\u201d.<\/p>\n<p style=\"text-align: justify;\">En tanto que el presidente de la Asociaci\u00f3n Gremial de Locatarios de la Caleta de Pe\u00f1uelas, Jorge Luis Forconi se\u00f1al\u00f3 que \u201ceste es un sue\u00f1o de los vecinos de sesenta a\u00f1os, por lo que estamos s\u00faper felices. Le estamos dando la seguridad, la tranquilidad a nuestros clientes. El 80% del turismo que llega a la regi\u00f3n pasa por estas cocinas as\u00ed que no es menor. Ac\u00e1 hay mucha trayectoria, mucho trabajo para lograr tener nuestros locales\u00bb.<\/p>\n<p style=\"text-align: justify;\"><strong><u>Entrega de Subsidios DS1<\/u><\/strong><\/p>\n<p style=\"text-align: justify;\"><strong>\u00a0<\/strong>Luego del acto de inauguraci\u00f3n del Paseo, la subsecretaria Rojas encabez\u00f3 la entrega de certificados de Subsidios para Sectores Medios (DS1) del Minvu para 80 familias de Coquimbo. Este programa est\u00e1 destinado a familias de ingresos medios que no son propietarias de una vivienda, que tienen capacidad de ahorro y posibilidad de complementar el valor de la vivienda con recursos propios o a trav\u00e9s de un cr\u00e9dito hipotecario, en caso de ser necesario.<\/p>\n<p>&nbsp;<\/p>\n","protected":false},"excerpt":{"rendered":"<p>El nuevo espacio p\u00fablico, emplazado en una zona t\u00edpica de Coquimbo, cuenta con infraestructura y diversos equipamientos para la pr\u00e1ctica de actividades recreativas y deportivas. Financiado por el Minvu, el Paseo renueva y recupera el sector tanto para la comunidad como para los turistas que lo visitan y disfrutan de<\/p>\n","protected":false},"author":1,"featured_media":2194,"comment_status":"open","ping_status":"open","sticky":false,"template":"","format":"standard","meta":{"footnotes":""},"categories":[36,1],"tags":[],"class_list":["post-2193","post","type-post","status-publish","format-standard","has-post-thumbnail","hentry","category-dppcoquimbo","category-noticias-regionales"],"_links":{"self":[{"href":"https:\/\/minutaregional.cl\/index.php?rest_route=\/wp\/v2\/posts\/2193","targetHints":{"allow":["GET"]}}],"collection":[{"href":"https:\/\/minutaregional.cl\/index.php?rest_route=\/wp\/v2\/posts"}],"about":[{"href":"https:\/\/minutaregional.cl\/index.php?rest_route=\/wp\/v2\/types\/post"}],"author":[{"embeddable":true,"href":"https:\/\/minutaregional.cl\/index.php?rest_route=\/wp\/v2\/users\/1"}],"replies":[{"embeddable":true,"href":"https:\/\/minutaregional.cl\/index.php?rest_route=%2Fwp%2Fv2%2Fcomments&post=2193"}],"version-history":[{"count":1,"href":"https:\/\/minutaregional.cl\/index.php?rest_route=\/wp\/v2\/posts\/2193\/revisions"}],"predecessor-version":[{"id":2195,"href":"https:\/\/minutaregional.cl\/index.php?rest_route=\/wp\/v2\/posts\/2193\/revisions\/2195"}],"wp:featuredmedia":[{"embeddable":true,"href":"https:\/\/minutaregional.cl\/index.php?rest_route=\/wp\/v2\/media\/2194"}],"wp:attachment":[{"href":"https:\/\/minutaregional.cl\/index.php?rest_route=%2Fwp%2Fv2%2Fmedia&parent=2193"}],"wp:term":[{"taxonomy":"category","embeddable":true,"href":"https:\/\/minutaregional.cl\/index.php?rest_route=%2Fwp%2Fv2%2Fcategories&post=2193"},{"taxonomy":"post_tag","embeddable":true,"href":"https:\/\/minutaregional.cl\/index.php?rest_route=%2Fwp%2Fv2%2Ftags&post=2193"}],"curies":[{"name":"wp","href":"https:\/\/api.w.org\/{rel}","templated":true}]}}