{"id":2189,"date":"2022-10-06T22:25:34","date_gmt":"2022-10-06T22:25:34","guid":{"rendered":"https:\/\/minutaregional.cl\/?p=2189"},"modified":"2022-10-06T22:25:34","modified_gmt":"2022-10-06T22:25:34","slug":"se-constituyo-la-mesa-regional-del-plan-de-emergencia-habitacional","status":"publish","type":"post","link":"https:\/\/minutaregional.cl\/?p=2189","title":{"rendered":"Se constituy\u00f3 la Mesa Regional del Plan de Emergencia Habitacional"},"content":{"rendered":"<ul>\n<li style=\"text-align: justify;\"><strong><em>Con la participaci\u00f3n de la Subsecretaria de Vivienda y Urbanismo, Tatiana Rojas, se firm\u00f3 el acta de constituci\u00f3n de la primera sesi\u00f3n de la mesa intersectorial que fomentar\u00e1 y agilizar\u00e1 el Plan de Emergencia Habitacional en la regi\u00f3n. <\/em><\/strong><\/li>\n<\/ul>\n<p style=\"text-align: justify;\"><strong><em>Adem\u00e1s, se firm\u00f3 el traspaso de m\u00e1s de 100 hect\u00e1reas desde Bienes Nacionales al Minvu para el desarrollo del Plan Urbano Habitacional de Las Compa\u00f1\u00edas que tiene una cabida de m\u00e1s de 7 mil viviendas. <\/em><\/strong><\/p>\n<p style=\"text-align: justify;\">En el Condominio Ensue\u00f1o de Las Compa\u00f1\u00edas, un proyecto ejecutado por Inmobiliaria Habita y financiado con el Subsidio del Fondo Solidario de Elecci\u00f3n de Vivienda DS49 del Ministerio de Vivienda y Urbanismo, se constituy\u00f3 la Mesa Regional del Plan de Emergencia Habitacional (PEH), una mesa intersectorial que dar\u00e1 seguimiento a la construcci\u00f3n de 12.490 viviendas en los cuatro a\u00f1os de Gobierno en la regi\u00f3n de Coquimbo.<\/p>\n<p style=\"text-align: justify;\">El acto de constituci\u00f3n de la Mesa Regional del PEH estuvo encabezado por la Subsecretaria de Vivienda y Urbanismo, Tatiana Rojas Leiva y el Delegado Presidencial, Rub\u00e9n Quezada Gaete, y cont\u00f3 con la firma del Seremi de Vivienda, Jos\u00e9 Manuel Peralta, la Directora (s) de Serviu Coquimbo, Ver\u00f3nica Ibacache Parraguez, la Seremi de Transportes, Alejandra Maureira, Seremi de las Culturas, las Artes y el Patrimonio, Cecric Steinlen.<\/p>\n<p style=\"text-align: justify;\">A los actos asistieron autoridades como el Consejero Regional, Lombardo Toledo y las concejalas de La Serena Rayen Pojomowski, Daniela Molina y Pamela Salom\u00e9 Caimanque, y el Secretario de Planificaci\u00f3n de la Municipalidad de La Serena, Sergio Rojas, que asisti\u00f3 en representaci\u00f3n del alcalde Roberto Jacob.<\/p>\n<p style=\"text-align: justify;\">Esta mesa velar\u00e1 por una mejor y m\u00e1s efectiva coordinaci\u00f3n entre las distintas carteras de Gobierno, agilizar\u00e1 tr\u00e1mites, ser\u00e1 el enlace con el sector privado y fomentar\u00e1 el cumplimiento del objetivo de construir soluciones habitacionales para reducir el d\u00e9ficit de vivienda en la regi\u00f3n que es cercano a las 28 mil viviendas.<\/p>\n<p style=\"text-align: justify;\">Para la Subsecretaria de Vivienda y Urbanismo, <strong>Tatiana Rojas Leiva<\/strong>, la constituci\u00f3n de esta mesa regional es una buena se\u00f1al y valor\u00f3 que exista coordinaci\u00f3n entre los distintos sectores p\u00fablicos y privados, ya que <strong>\u201cson el acto simb\u00f3lico de concretar un trabajo intersectorial que es lo m\u00e1s relevante. Son los actos de compromiso de un trabajo que se va a desarrollar complementariamente, colaborativamente, mancomunadamente entre los distintos actores regionales. Y eso es la trascendencia e importancia de este momento. Aqu\u00ed veo un tremendo desarrollo que se va a potenciar con estos convenios de colaboraci\u00f3n. Veo que estamos pudiendo planificar de la mejor manera c\u00f3mo vamos a abordar el Plan de Emergencia Habitacional en la regi\u00f3n de Coquimbo. Este es un Plan Urbano Habitacional que no solamente va a entregar viviendas a las familias, sino que adem\u00e1s va a entregar una comunidad, espacios, \u00e1reas verdes, equipamientos de calidad. Aqu\u00ed vemos que no solamente van a ser casas, viviendas, departamentos, sino que tambi\u00e9n espacios para el desarrollo social de quienes los van a habitar\u201d<\/strong><\/p>\n<p style=\"text-align: justify;\">Mientras que el Delegado Presidencial, Rub\u00e9n Quezada, afirm\u00f3 que este el camino correcto para ir cumpliendo con los objetivos del Plan de Emergencia Habitacional, ya que mejora la comunicaci\u00f3n entre las carteras de manera que no existan trabas para ir avanzando en levantar soluciones en materia de vivienda.<\/p>\n<p style=\"text-align: justify;\"><strong>\u201cEs un esfuerzo de Gobierno liderado por nuestro Presidente Gabriel Boric que en la regi\u00f3n de Coquimbo avanza fuerte. Con la visita de la Subsecretaria hemos podido ver tambi\u00e9n que esto se hace de manera intersectorial, en equipo, coordinado, tanto p\u00fablico como privado fuertemente de la mano con la sociedad civil, quienes tambi\u00e9n se han agrupado y han podido ver c\u00f3mo se priorizan| personas con condiciones especiales, adultos mayores, en los distintos espacios. Eso es muy valorable y es algo que queremos destacar\u201d, <\/strong>afirm\u00f3 el Delegado Presidencial, Rub\u00e9n Quezada.<\/p>\n<p style=\"text-align: justify;\"><strong>\u00a0<\/strong><strong>FIRMA DE TRASPASO DE TERRENOS DE BIENES NACIONALES PARA PLAN URBANO HABITACIONAL DE LAS COMPA\u00d1\u00cdAS <\/strong><\/p>\n<p style=\"text-align: justify;\"><strong>\u00a0<\/strong>La ceremonia tambi\u00e9n tuvo una firma de convenio de entrega de terrenos significativa tanto para el Plan de Emergencia Habitacional en la regi\u00f3n como para el desarrollo del Plan Urbano Habitacional de Las Compa\u00f1\u00edas, uno de los m\u00e1s grandes del pa\u00eds.<\/p>\n<p style=\"text-align: justify;\">Se trata de 100,49 hect\u00e1reas que Bienes Nacionales entreg\u00f3 al Ministerio de Vivienda y Urbanismo para la construcci\u00f3n de 7.714 soluciones habitacionales dentro de este Plan Urbano ubicado en La Serena que tambi\u00e9n considera zonas de \u00e1reas verdes, deportivas, equipamientos, colegios, centros de salud y las urbanizaciones.<\/p>\n<p style=\"text-align: justify;\">Traspaso de terrenos que fue firmado simb\u00f3licamente por la Subsecretaria Tatiana Rojas y destacado por el Seremi de Vivienda y Urbanismo, Jos\u00e9 Manuel Peralta. <strong>\u201cEste PUH pretende es regalarle a La Serena, un trozo de ciudad bien planificada y bien desarrollada en forma arm\u00f3nica para que la gente viva mejor. As\u00ed que reforzar el compromiso de nuestra regi\u00f3n que vamos a cumplir la meta de construir las 12.490 soluciones habitacionales en cuatro a\u00f1os. Esa meta se cumple s\u00ed o s\u00ed, esa meta se cumple porque tenemos un acuerdo de trabajo con el sector p\u00fablico y privado para cumplir esta meta\u201d, <\/strong>asegur\u00f3 el Seremi de Vivienda y Urbanismo.<\/p>\n<p style=\"text-align: justify;\">En tanto, el Seremi de Bienes Nacionales ratific\u00f3 la obligaci\u00f3n de su cartera con el cumplimiento de los objetivos del Plan de Emergencia Habitacional y se\u00f1al\u00f3 que <strong>\u201cquiero reafirmar el compromiso de nuestra ministra Javiera Toro en cuanto al trabajo mancomunado, intersectorial con el Ministerio de Vivienda y Urbanismo, y en conjunto con la Delegaci\u00f3n Presidencial. Nosotros buscamos es justamente disponer de terrenos que sean factibles para el desarrollo urbano de todas las ciudades de la regi\u00f3n. Y tenemos la garant\u00eda de que este trabajo ser\u00e1 uno que permita mejorar la calidad de vida de vecinas y vecinas que hoy d\u00eda est\u00e1n viviendo hace muchos a\u00f1os con graves problemas de habitabilidad y que esto viene a cumplir el compromiso del Presidente Gabriel Boric\u201d<\/strong><\/p>\n<p style=\"text-align: justify;\">A esta multitudinaria ceremonia asistieron dirigentas, dirigentes, socias y socios de distintos comit\u00e9s del sector de Las Compa\u00f1\u00edas y La Serena y tambi\u00e9n\u00a0\u00a0 asistieron autoridades como el Consejero Regional, Lombardo Toledo y las concejalas de La Serena Rayen Pojomovski, Daniela Molina y Pamela Salom\u00e9 Caimanque; el Secretario de Planificaci\u00f3n de la Municipalidad de La Serena, Sergio Rojas, que asisti\u00f3 en representaci\u00f3n del alcalde Roberto Jacob. Adem\u00e1s del Gerente General de Aguas del Valle, Andr\u00e9s Nazer.<\/p>\n<p>&nbsp;<\/p>\n","protected":false},"excerpt":{"rendered":"<p>Con la participaci\u00f3n de la Subsecretaria de Vivienda y Urbanismo, Tatiana Rojas, se firm\u00f3 el acta de constituci\u00f3n de la primera sesi\u00f3n de la mesa intersectorial que fomentar\u00e1 y agilizar\u00e1 el Plan de Emergencia Habitacional en la regi\u00f3n. Adem\u00e1s, se firm\u00f3 el traspaso de m\u00e1s de 100 hect\u00e1reas desde Bienes<\/p>\n","protected":false},"author":1,"featured_media":2190,"comment_status":"closed","ping_status":"open","sticky":false,"template":"","format":"standard","meta":{"footnotes":""},"categories":[36,1],"tags":[],"class_list":["post-2189","post","type-post","status-publish","format-standard","has-post-thumbnail","hentry","category-dppcoquimbo","category-noticias-regionales"],"_links":{"self":[{"href":"https:\/\/minutaregional.cl\/index.php?rest_route=\/wp\/v2\/posts\/2189","targetHints":{"allow":["GET"]}}],"collection":[{"href":"https:\/\/minutaregional.cl\/index.php?rest_route=\/wp\/v2\/posts"}],"about":[{"href":"https:\/\/minutaregional.cl\/index.php?rest_route=\/wp\/v2\/types\/post"}],"author":[{"embeddable":true,"href":"https:\/\/minutaregional.cl\/index.php?rest_route=\/wp\/v2\/users\/1"}],"replies":[{"embeddable":true,"href":"https:\/\/minutaregional.cl\/index.php?rest_route=%2Fwp%2Fv2%2Fcomments&post=2189"}],"version-history":[{"count":1,"href":"https:\/\/minutaregional.cl\/index.php?rest_route=\/wp\/v2\/posts\/2189\/revisions"}],"predecessor-version":[{"id":2191,"href":"https:\/\/minutaregional.cl\/index.php?rest_route=\/wp\/v2\/posts\/2189\/revisions\/2191"}],"wp:featuredmedia":[{"embeddable":true,"href":"https:\/\/minutaregional.cl\/index.php?rest_route=\/wp\/v2\/media\/2190"}],"wp:attachment":[{"href":"https:\/\/minutaregional.cl\/index.php?rest_route=%2Fwp%2Fv2%2Fmedia&parent=2189"}],"wp:term":[{"taxonomy":"category","embeddable":true,"href":"https:\/\/minutaregional.cl\/index.php?rest_route=%2Fwp%2Fv2%2Fcategories&post=2189"},{"taxonomy":"post_tag","embeddable":true,"href":"https:\/\/minutaregional.cl\/index.php?rest_route=%2Fwp%2Fv2%2Ftags&post=2189"}],"curies":[{"name":"wp","href":"https:\/\/api.w.org\/{rel}","templated":true}]}}