{"id":2184,"date":"2022-10-06T20:26:28","date_gmt":"2022-10-06T20:26:28","guid":{"rendered":"https:\/\/minutaregional.cl\/?p=2184"},"modified":"2022-10-06T20:38:29","modified_gmt":"2022-10-06T20:38:29","slug":"panoramas-recorreran-la-region-gracias-a-programa-de-reactivacion-cultural","status":"publish","type":"post","link":"https:\/\/minutaregional.cl\/?p=2184","title":{"rendered":"Panoramas Recorrer\u00e1n la Regi\u00f3n Gracias a Programa de Reactivaci\u00f3n Cultural"},"content":{"rendered":"<audio class=\"wp-audio-shortcode\" id=\"audio-2184-1\" preload=\"none\" style=\"width: 100%;\" controls=\"controls\"><source type=\"audio\/mpeg\" src=\"https:\/\/minutaregional.cl\/wp-content\/uploads\/2022\/10\/Cuna-Cedric-Steinlen-seremi-de-las-Culturas.mp3?_=1\" \/><a href=\"https:\/\/minutaregional.cl\/wp-content\/uploads\/2022\/10\/Cuna-Cedric-Steinlen-seremi-de-las-Culturas.mp3\">https:\/\/minutaregional.cl\/wp-content\/uploads\/2022\/10\/Cuna-Cedric-Steinlen-seremi-de-las-Culturas.mp3<\/a><\/audio>\n<p>AUDIO : \u00a0Cedric Steinlen &#8211; Seremi de las Culturas<\/p>\n<ul>\n<li style=\"text-align: justify;\"><strong>ReactivArte 2022 ofrecer\u00e1 m\u00fasica, cine, literatura, artes esc\u00e9nicas, entre otras disciplinas, en una cartelera que incluye presentaciones en las tres provincias. <\/strong><strong>Andacollo, <\/strong><strong>La Serena, Coquimbo y <\/strong><strong>Ovalle albergar\u00e1n los pr\u00f3ximos eventos.<\/strong><\/li>\n<\/ul>\n<p style=\"text-align: justify;\">Con el objetivo de revitalizar el trabajo de artistas, gestores y espacios culturales de la Regi\u00f3n de Coquimbo, la seremi de las Culturas, las Artes y el Patrimonio puso en marcha el programa de reactivaci\u00f3n \u201cReactivArte 2022\u201d, una iniciativa que llevar\u00e1 diferentes expresiones art\u00edstico-culturales por las quince comunas de la regi\u00f3n hasta diciembre del presente a\u00f1o.<\/p>\n<p style=\"text-align: justify;\">En la Casa de la Cultura de Vicu\u00f1a, la Compa\u00f1\u00eda T\u00edteres \u201cLa Boda\u201d present\u00f3 la obra teatral \u201cBendita Agua\u201d, mientras que en el Bodeg\u00f3n Cultural de Los Vilos se imparti\u00f3 el taller \u201cArte para sentir y conectar\u201d, orientado especialmente a mujeres, disidencias y hombres mayores de 18 a\u00f1os. En tanto, en Illapel se llev\u00f3 a cabo un taller de grabado liderado por la Colectiva Art\u00edstica Marisma y orientado a ni\u00f1os, ni\u00f1as y j\u00f3venes de esa comuna. En Combarbal\u00e1, por su parte, fue exhibido el cortometraje \u201cRedenci\u00f3n\u201d ante estudiantes de tercero medio del Liceo Bicentenario Samuel Rom\u00e1n Rojas.<\/p>\n<p style=\"text-align: justify;\">\u201cEstamos muy entusiasmados y entusiasmadas con el inicio que ha tenido ReactivArte 2022. Estuvimos, por ejemplo, en la Provincia de Choapa entreg\u00e1ndoles conocimientos a ni\u00f1os y ni\u00f1as en materia de educaci\u00f3n art\u00edstica, descentralizando nuestro quehacer y empoderando a la comunidad y sus centros culturales con herramientas para fomentar y fortalecer su propia identidad cultural. Recorreremos la regi\u00f3n, reactivando la labor del ecosistema cultural regional tras dos a\u00f1os dur\u00edsimos en materia de empleabilidad debido a la pandemia\u201d, valor\u00f3 el seremi Cedric Steinlen.<\/p>\n<p style=\"text-align: justify;\">Este viernes 07 a las 20:00 horas, en el Club Inexcess de Andacollo, la Colectiva La Camanchaca presentar\u00e1 la obra de danza contempor\u00e1nea \u201cVi-entre Gabriela\u201d, un viaje po\u00e9tico que incorpora la palabra, m\u00fasica, imagen y movimiento en torno a la pasi\u00f3n de la poeta, docente e intelectual elquina, Gabriela Mistral. El s\u00e1bado 08 desde las 16:30 horas, en tanto, se vivir\u00e1 la celebraci\u00f3n del D\u00eda de la M\u00fasica y los M\u00fasicos Chilenos en la Biblioteca Gabriela Mistral de La Serena con la presentaci\u00f3n de Medin\u00e1mico, guitarrista local que centra sus estilos en la m\u00fasica urbana y la improvisaci\u00f3n, y de Franka Miranda, artista andacollina de gran proyecci\u00f3n a nivel nacional.<\/p>\n<p style=\"text-align: justify;\">\u201cEste s\u00e1bado presenciaremos la musicalizaci\u00f3n de cinco poemas de Gabriela Mistral, interpretados esc\u00e9nicamente por Coti Silva, mi padre en el bajo, yo en la voz y guitarra el\u00e9ctrica, bajo la direcci\u00f3n esc\u00e9nica de La Surcida. La pandemia precariz\u00f3 mucho nuestro rubro, y estas instancias ayudan a devolver al arte el espacio que se merece, sobre todo el arte creado por mujeres y disidencias\u201d, explic\u00f3 Miranda.<\/p>\n<p style=\"text-align: justify;\">El martes 11, 18 y 25 de octubre, Felipe Rivera impartir\u00e1 el taller \u201cdel Biodrama a la Dramaturgia Esc\u00e9nica\u201d, desde las 19:00 horas en la Casa de las Artes de Coquimbo. El jueves 13, a las 20:00 horas, se exhibir\u00e1 la obra de teatro \u201cLa cosas claras y el pisco que cura mis heridas sangrantes\u201d, a cargo de la compa\u00f1\u00eda LaconteC\u00eda en el Circo La Cuarta Estaci\u00f3n en Coquimbo. En tanto, en el mismo recinto, se presentar\u00e1 la obra \u201cPreciosas y Rid\u00edculas\u201d (Compa\u00f1\u00eda Teatro G\u00e1rgaras), con una adaptaci\u00f3n de \u201cLas Preciosas Rid\u00edculas\u201d de Moliere, el viernes 14 desde las 20:00 horas. El s\u00e1bado 15 tambi\u00e9n a las 20:00, se realizar\u00e1 el lanzamiento de la novela\u00a0 \u00abEl Amauta; Cura y Lucha\u00bb, de Edris Angel Valverde en la sede social de la poblaci\u00f3n la Carmelitana en Ovalle.<\/p>\n<p style=\"text-align: justify;\">Durante los pr\u00f3ximos d\u00edas las redes de la Seremi de las Culturas y la Red Yakana informar\u00e1n sobre las pr\u00f3ximas actividades del programa ReactivArte 2022, las que ser\u00e1n gratuitas y abiertas a todo p\u00fablico.<\/p>\n<p>&nbsp;<\/p>\n<p>&nbsp;<\/p>\n","protected":false},"excerpt":{"rendered":"<p>AUDIO : \u00a0Cedric Steinlen &#8211; Seremi de las Culturas ReactivArte 2022 ofrecer\u00e1 m\u00fasica, cine, literatura, artes esc\u00e9nicas, entre otras disciplinas, en una cartelera que incluye presentaciones en las tres provincias. Andacollo, La Serena, Coquimbo y Ovalle albergar\u00e1n los pr\u00f3ximos eventos. Con el objetivo de revitalizar el trabajo de artistas, gestores<\/p>\n","protected":false},"author":1,"featured_media":2185,"comment_status":"closed","ping_status":"open","sticky":false,"template":"","format":"standard","meta":{"footnotes":""},"categories":[16],"tags":[],"class_list":["post-2184","post","type-post","status-publish","format-standard","has-post-thumbnail","hentry","category-seremi-de-cultura"],"_links":{"self":[{"href":"https:\/\/minutaregional.cl\/index.php?rest_route=\/wp\/v2\/posts\/2184","targetHints":{"allow":["GET"]}}],"collection":[{"href":"https:\/\/minutaregional.cl\/index.php?rest_route=\/wp\/v2\/posts"}],"about":[{"href":"https:\/\/minutaregional.cl\/index.php?rest_route=\/wp\/v2\/types\/post"}],"author":[{"embeddable":true,"href":"https:\/\/minutaregional.cl\/index.php?rest_route=\/wp\/v2\/users\/1"}],"replies":[{"embeddable":true,"href":"https:\/\/minutaregional.cl\/index.php?rest_route=%2Fwp%2Fv2%2Fcomments&post=2184"}],"version-history":[{"count":2,"href":"https:\/\/minutaregional.cl\/index.php?rest_route=\/wp\/v2\/posts\/2184\/revisions"}],"predecessor-version":[{"id":2188,"href":"https:\/\/minutaregional.cl\/index.php?rest_route=\/wp\/v2\/posts\/2184\/revisions\/2188"}],"wp:featuredmedia":[{"embeddable":true,"href":"https:\/\/minutaregional.cl\/index.php?rest_route=\/wp\/v2\/media\/2185"}],"wp:attachment":[{"href":"https:\/\/minutaregional.cl\/index.php?rest_route=%2Fwp%2Fv2%2Fmedia&parent=2184"}],"wp:term":[{"taxonomy":"category","embeddable":true,"href":"https:\/\/minutaregional.cl\/index.php?rest_route=%2Fwp%2Fv2%2Fcategories&post=2184"},{"taxonomy":"post_tag","embeddable":true,"href":"https:\/\/minutaregional.cl\/index.php?rest_route=%2Fwp%2Fv2%2Ftags&post=2184"}],"curies":[{"name":"wp","href":"https:\/\/api.w.org\/{rel}","templated":true}]}}