{"id":2180,"date":"2022-10-06T20:13:48","date_gmt":"2022-10-06T20:13:48","guid":{"rendered":"https:\/\/minutaregional.cl\/?p=2180"},"modified":"2022-10-06T20:13:48","modified_gmt":"2022-10-06T20:13:48","slug":"seremi-minvu-paulina-ruz-gestiona-recursos-a-traves-de-ministerio-ante-el-deficit-en-proyectos-de-comites-de-vivienda","status":"publish","type":"post","link":"https:\/\/minutaregional.cl\/?p=2180","title":{"rendered":"Seremi Minvu, Paulina Ruz, Gestiona Recursos A Trav\u00e9s De Ministerio, Ante El D\u00e9ficit En Proyectos De Comit\u00e9s de Vivienda"},"content":{"rendered":"<audio class=\"wp-audio-shortcode\" id=\"audio-2180-1\" preload=\"none\" style=\"width: 100%;\" controls=\"controls\"><source type=\"audio\/mpeg\" src=\"https:\/\/minutaregional.cl\/wp-content\/uploads\/2022\/10\/Seremi-.mp3?_=1\" \/><a href=\"https:\/\/minutaregional.cl\/wp-content\/uploads\/2022\/10\/Seremi-.mp3\">https:\/\/minutaregional.cl\/wp-content\/uploads\/2022\/10\/Seremi-.mp3<\/a><\/audio>\n<p>AUDIO:\u00a0 Seremi Minvu Ays\u00e9n , Paulina Ruz<\/p>\n<p style=\"text-align: justify;\"><strong><em>\u201cVamos a poder beneficiar a casi 400 familias de la regi\u00f3n de Ays\u00e9n\u201d, asegur\u00f3 la autoridad.<\/em><\/strong><\/p>\n<p style=\"text-align: justify;\">Luego de diferentes instancias de di\u00e1logo y participaci\u00f3n ciudadana entre la Seremi de Vivienda y Urbanismo de Ays\u00e9n y los comit\u00e9s de vivienda de la zona, la seremi Paulina Ruz viaj\u00f3 hasta Santiago para reunirse con el ministro de Vivienda y Urbanismo, Carlos Montes, la Subsecretaria, Tatiana Rojas, la Direcci\u00f3n de Finanzas y la Divisi\u00f3n de Pol\u00edtica Habitacional de la misma cartera. Lo anterior con la finalidad de obtener los recursos necesarios para la efectiva postulaci\u00f3n de comit\u00e9s con sus proyectos habitacionales ante el d\u00e9ficit de recursos en que estos se encontraban.<\/p>\n<p style=\"text-align: justify;\">En ese sentido y luego de finalizar la jornada en la capital, la seremi Paulina Ruz se\u00f1al\u00f3 que \u201cestamos profundamente contentos y satisfechos, ya que debido a las gestiones que se realizaron desde nuestra Seremi, pudimos conseguir recursos. Esto significa que vamos a poder beneficiar a casi 400 familias de la regi\u00f3n de Ays\u00e9n para que puedan postular y tener garantizado su derecho a la vivienda digna y, sobre todo, para que podamos concretar el sue\u00f1o de la casa propia para ellos\u201d.<\/p>\n<p style=\"text-align: justify;\">La autoridad regional agreg\u00f3: \u201cAgradecemos la gesti\u00f3n tanto del Minvu como de nuestro plan de gobierno en marcha, en cuanto al Plan de Emergencia Habitacional que, precisamente, consigue eso: llegar a los territorios m\u00e1s alejados y apartados del territorio nacional, desde un fuerte enfoque descentralizador en conseguir beneficio para todas las familias de nuestro pa\u00eds\u201d.<\/p>\n<p style=\"text-align: justify;\">Los miembros de los distintos comit\u00e9s de vivienda de la regi\u00f3n valoraron las acciones gestadas por la Secretar\u00eda. Sigisfredo S\u00e1nchez, presidente del comit\u00e9 de vivienda Patagonia Alegre de Puerto Chacabuco, indic\u00f3 que \u201cquiero darle las gracias a la seremi de Vivienda y Urbanismo y al director del Serviu, quienes en la \u00faltima reuni\u00f3n que tuvimos se comprometieron a buscar los recursos y cumplieron con su palabra viajando a Santiago a solicitarlos. Est\u00e1bamos expectantes a c\u00f3mo se iba a desarrollar su viaje y la misi\u00f3n, as\u00ed que en cuanto supieron los resultados, la Seremi nos llam\u00f3 personalmente para darnos la buena noticia. Estamos muy felices, despu\u00e9s de doce a\u00f1os esperando, ser\u00e1 posible nuestra postulaci\u00f3n\u201d.<\/p>\n<p style=\"text-align: justify;\">Por su parte, Cristina Mu\u00f1oz, presidenta del comit\u00e9 de vivienda El Encuentro de La Junta a\u00f1adi\u00f3 que \u201cagradezco, en nombre de mi comit\u00e9, las gestiones de la seremi Paulina Ruz, ya que debido a eso obtuvimos recursos para toda la regi\u00f3n y varios comit\u00e9s que seremos beneficiados con los subsidios. Estamos agradecidos tambi\u00e9n porque la seremi estuvo en nuestra localidad conociendo a nuestros socios y visitando el terreno en el que prontamente se har\u00e1 realidad nuestro sue\u00f1o tan anhelado de la casa propia. Sus gestiones, su disposici\u00f3n y atenci\u00f3n en tantas ocasiones es algo que agradecemos profundamente\u201d.<\/p>\n<p style=\"text-align: justify;\">De esta manera, se espera avanzar de manera concreta para alcanzar y superar la meta propuesta por la seremi Paulina Ruz de m\u00e1s de 1300 nuevas viviendas para la regi\u00f3n, garantizando el acceso a la vivienda digna y la casa propia.<\/p>\n<p>&nbsp;<\/p>\n<p>&nbsp;<\/p>\n<p>&nbsp;<\/p>\n<p>&nbsp;<\/p>\n<p>&nbsp;<\/p>\n<p>&nbsp;<\/p>\n<p>&nbsp;<\/p>\n","protected":false},"excerpt":{"rendered":"<p>AUDIO:\u00a0 Seremi Minvu Ays\u00e9n , Paulina Ruz \u201cVamos a poder beneficiar a casi 400 familias de la regi\u00f3n de Ays\u00e9n\u201d, asegur\u00f3 la autoridad. Luego de diferentes instancias de di\u00e1logo y participaci\u00f3n ciudadana entre la Seremi de Vivienda y Urbanismo de Ays\u00e9n y los comit\u00e9s de vivienda de la zona, la<\/p>\n","protected":false},"author":1,"featured_media":2181,"comment_status":"closed","ping_status":"open","sticky":false,"template":"","format":"standard","meta":{"footnotes":""},"categories":[1],"tags":[],"class_list":["post-2180","post","type-post","status-publish","format-standard","has-post-thumbnail","hentry","category-noticias-regionales"],"_links":{"self":[{"href":"https:\/\/minutaregional.cl\/index.php?rest_route=\/wp\/v2\/posts\/2180","targetHints":{"allow":["GET"]}}],"collection":[{"href":"https:\/\/minutaregional.cl\/index.php?rest_route=\/wp\/v2\/posts"}],"about":[{"href":"https:\/\/minutaregional.cl\/index.php?rest_route=\/wp\/v2\/types\/post"}],"author":[{"embeddable":true,"href":"https:\/\/minutaregional.cl\/index.php?rest_route=\/wp\/v2\/users\/1"}],"replies":[{"embeddable":true,"href":"https:\/\/minutaregional.cl\/index.php?rest_route=%2Fwp%2Fv2%2Fcomments&post=2180"}],"version-history":[{"count":1,"href":"https:\/\/minutaregional.cl\/index.php?rest_route=\/wp\/v2\/posts\/2180\/revisions"}],"predecessor-version":[{"id":2183,"href":"https:\/\/minutaregional.cl\/index.php?rest_route=\/wp\/v2\/posts\/2180\/revisions\/2183"}],"wp:featuredmedia":[{"embeddable":true,"href":"https:\/\/minutaregional.cl\/index.php?rest_route=\/wp\/v2\/media\/2181"}],"wp:attachment":[{"href":"https:\/\/minutaregional.cl\/index.php?rest_route=%2Fwp%2Fv2%2Fmedia&parent=2180"}],"wp:term":[{"taxonomy":"category","embeddable":true,"href":"https:\/\/minutaregional.cl\/index.php?rest_route=%2Fwp%2Fv2%2Fcategories&post=2180"},{"taxonomy":"post_tag","embeddable":true,"href":"https:\/\/minutaregional.cl\/index.php?rest_route=%2Fwp%2Fv2%2Ftags&post=2180"}],"curies":[{"name":"wp","href":"https:\/\/api.w.org\/{rel}","templated":true}]}}