{"id":2171,"date":"2022-10-05T22:12:00","date_gmt":"2022-10-05T22:12:00","guid":{"rendered":"https:\/\/minutaregional.cl\/?p=2171"},"modified":"2022-10-05T22:12:00","modified_gmt":"2022-10-05T22:12:00","slug":"curso-de-formacion-habilito-a-19-guias-en-areas-silvestres-protegidas","status":"publish","type":"post","link":"https:\/\/minutaregional.cl\/?p=2171","title":{"rendered":"Curso de formaci\u00f3n habilit\u00f3 a 19 Gu\u00edas en \u00c1reas Silvestres Protegidas"},"content":{"rendered":"<ul>\n<li style=\"text-align: justify;\"><strong><em>Este trabajo es un esfuerzo p\u00fablico y privado que busca estandarizar los servicios prestados por los gu\u00edas regionales.<\/em><\/strong><\/li>\n<\/ul>\n<p style=\"text-align: justify;\"><strong>Coyhaique, <\/strong>Con el objetivo de formar gu\u00edas que est\u00e9n habilitados y habilitadas para ingresar a las \u00c1reas Silvestres Protegidas (ASP), administradas por CONAF en la Regi\u00f3n de Ays\u00e9n, la Universidad Austral de Chile en alianza con la Asociaci\u00f3n de Gu\u00edas de la Patagonia (AGAP) y el PER Turismo de Corfo Ays\u00e9n, desarroll\u00f3 un curso en el que 19 gu\u00edas adoptaron nuevos y mejorados conocimientos que les permitir\u00e1 entregar buen servicio a los viajeros, acogidos al uso p\u00fablico de la \u00e1reas y los objetivos de creaci\u00f3n de \u00e9stas.<\/p>\n<p style=\"text-align: justify;\">La AGAP busca que los gu\u00edas tengan conocimiento y propiedad sobre los sectores que trabajan, por eso surgi\u00f3 la idea de profesionalizar a\u00fan m\u00e1s a sus miembros y ser parte de la protecci\u00f3n de las \u00c1reas Silvestres Protegidas. Francisco Lara, presidente de la AGAP, destac\u00f3 el trabajo realizado. \u201cLa idea surge luego de ver el trabajo que se desarrolla en el Parque Nacional Torres del Paines en la Regi\u00f3n de Magallanes. De esta manera, definimos un curso de formaci\u00f3n, con una malla tipo y ac\u00e1 la perfilamos para nuestra regi\u00f3n, entre la UACh, Conaf, PER Turismo y nosotros, para la habilitaci\u00f3n de gu\u00edas en las \u00c1reas Silvestres Protegidas. El primer curso se realiz\u00f3 en el 2020, se habilitaron 34 gu\u00edas. En esta segunda entrega, fueron 19. Lo que buscamos como Asociaci\u00f3n es que m\u00e1s gu\u00edas se certifiquen, para que todos los gu\u00edas tengamos un mismo relato e ir profesionalizando el guiado, ofreciendo un mejor servicio a quienes visitan la regi\u00f3n y motivar la contrataci\u00f3n de gu\u00edas locales certificados para entrar a las ASP, con curso de primeros auxilios y registro en Sernatur al d\u00eda y que forma parte de una asociaci\u00f3n gremial o agrupaci\u00f3n de gu\u00edas de la regi\u00f3n\u201d.<\/p>\n<p style=\"text-align: justify;\"><strong>PROGRAMA FORMACI\u00d3N<\/strong><\/p>\n<p style=\"text-align: justify;\">Parte del programa de formaci\u00f3n, incorpor\u00f3 la definici\u00f3n de los tipos de turismo que se desarrollan en Ays\u00e9n, y el desaf\u00edo de avanzar hacia un turismo sustentable a nivel local y regional. Asimismo, abordaron la normativa vigente respecto a las ASP, en particular a lo relativo a la recreaci\u00f3n y turismo, y los aspectos log\u00edsticos y de planificaci\u00f3n que deben realizar los gu\u00edas, para una operaci\u00f3n oportuna. Tambi\u00e9n trabajaron en torno a la puesta en valor de los principales objetos de conservaci\u00f3n de la geo y biodiversidad, con foco en el rol del visitante y su aporte al cuidado de la naturaleza.<\/p>\n<p style=\"text-align: justify;\">Desde el punto de vista patrimonial, se entregaron herramientas para poner en valor y conservar la identidad local, a trav\u00e9s de la identificaci\u00f3n y conocimiento de los principales hitos hist\u00f3ricos regionales, as\u00ed como las etnias y aspectos culturales.<\/p>\n<p style=\"text-align: justify;\">Finalmente, quienes participaron pudieron trabajar en dos talleres pr\u00e1cticos: uno, en torno a las habilidades blandas y comunicaci\u00f3n efectiva, como eje de la vinculaci\u00f3n entre el relato tur\u00edstico y sus visitantes; y, el segundo, sobre los principios y aplicaciones pr\u00e1cticas de \u201cNo Deje Rastro\u201d.<\/p>\n<p style=\"text-align: justify;\">Las actividades se desarrollaron a lo largo de cuatro semanas, ejecutadas en distintos espacios de formaci\u00f3n como la Reserva Coyhaique, el Museo Regional de Ays\u00e9n y el Campus Patagonia de la UACh.<\/p>\n<p style=\"text-align: justify;\">\n","protected":false},"excerpt":{"rendered":"<p>Este trabajo es un esfuerzo p\u00fablico y privado que busca estandarizar los servicios prestados por los gu\u00edas regionales. Coyhaique, Con el objetivo de formar gu\u00edas que est\u00e9n habilitados y habilitadas para ingresar a las \u00c1reas Silvestres Protegidas (ASP), administradas por CONAF en la Regi\u00f3n de Ays\u00e9n, la Universidad Austral de<\/p>\n","protected":false},"author":1,"featured_media":2172,"comment_status":"closed","ping_status":"open","sticky":false,"template":"","format":"standard","meta":{"footnotes":""},"categories":[1],"tags":[],"class_list":["post-2171","post","type-post","status-publish","format-standard","has-post-thumbnail","hentry","category-noticias-regionales"],"_links":{"self":[{"href":"https:\/\/minutaregional.cl\/index.php?rest_route=\/wp\/v2\/posts\/2171","targetHints":{"allow":["GET"]}}],"collection":[{"href":"https:\/\/minutaregional.cl\/index.php?rest_route=\/wp\/v2\/posts"}],"about":[{"href":"https:\/\/minutaregional.cl\/index.php?rest_route=\/wp\/v2\/types\/post"}],"author":[{"embeddable":true,"href":"https:\/\/minutaregional.cl\/index.php?rest_route=\/wp\/v2\/users\/1"}],"replies":[{"embeddable":true,"href":"https:\/\/minutaregional.cl\/index.php?rest_route=%2Fwp%2Fv2%2Fcomments&post=2171"}],"version-history":[{"count":1,"href":"https:\/\/minutaregional.cl\/index.php?rest_route=\/wp\/v2\/posts\/2171\/revisions"}],"predecessor-version":[{"id":2173,"href":"https:\/\/minutaregional.cl\/index.php?rest_route=\/wp\/v2\/posts\/2171\/revisions\/2173"}],"wp:featuredmedia":[{"embeddable":true,"href":"https:\/\/minutaregional.cl\/index.php?rest_route=\/wp\/v2\/media\/2172"}],"wp:attachment":[{"href":"https:\/\/minutaregional.cl\/index.php?rest_route=%2Fwp%2Fv2%2Fmedia&parent=2171"}],"wp:term":[{"taxonomy":"category","embeddable":true,"href":"https:\/\/minutaregional.cl\/index.php?rest_route=%2Fwp%2Fv2%2Fcategories&post=2171"},{"taxonomy":"post_tag","embeddable":true,"href":"https:\/\/minutaregional.cl\/index.php?rest_route=%2Fwp%2Fv2%2Ftags&post=2171"}],"curies":[{"name":"wp","href":"https:\/\/api.w.org\/{rel}","templated":true}]}}