{"id":2164,"date":"2022-10-05T21:37:48","date_gmt":"2022-10-05T21:37:48","guid":{"rendered":"https:\/\/minutaregional.cl\/?p=2164"},"modified":"2022-10-05T21:40:15","modified_gmt":"2022-10-05T21:40:15","slug":"sernameg-invita-a-postular-al-fondo-equidad-de-genero-2022","status":"publish","type":"post","link":"https:\/\/minutaregional.cl\/?p=2164","title":{"rendered":"SernamEG invita a postular al Fondo Equidad de G\u00e9nero 2022"},"content":{"rendered":"<audio class=\"wp-audio-shortcode\" id=\"audio-2164-1\" preload=\"none\" style=\"width: 100%;\" controls=\"controls\"><source type=\"audio\/mpeg\" src=\"https:\/\/minutaregional.cl\/wp-content\/uploads\/2022\/10\/DIRECTORA-NACIONAL-SERNAMEG.mp3?_=1\" \/><a href=\"https:\/\/minutaregional.cl\/wp-content\/uploads\/2022\/10\/DIRECTORA-NACIONAL-SERNAMEG.mp3\">https:\/\/minutaregional.cl\/wp-content\/uploads\/2022\/10\/DIRECTORA-NACIONAL-SERNAMEG.mp3<\/a><\/audio>\n<p>AUDIO : DIRECTORA NACIONAL SERNAMEG<\/p>\n<audio class=\"wp-audio-shortcode\" id=\"audio-2164-2\" preload=\"none\" style=\"width: 100%;\" controls=\"controls\"><source type=\"audio\/mpeg\" src=\"https:\/\/minutaregional.cl\/wp-content\/uploads\/2022\/10\/DIRECTORA-REG-S-SERNAMEG.mp3?_=2\" \/><a href=\"https:\/\/minutaregional.cl\/wp-content\/uploads\/2022\/10\/DIRECTORA-REG-S-SERNAMEG.mp3\">https:\/\/minutaregional.cl\/wp-content\/uploads\/2022\/10\/DIRECTORA-REG-S-SERNAMEG.mp3<\/a><\/audio>\n<p>AUDIO : DIRECTORA REGIONAL SERNAMEG<\/p>\n<p class=\"yiv3903628951MsoNormal\" style=\"text-align: justify;\"><span lang=\"ES\">Por segundo a\u00f1o, el Servicio Nacional de la Mujer y la Equidad de G\u00e9nero, SernamEG, lanza un llamado a personas naturales y jur\u00eddicas a postular al Fondo Equidad de G\u00e9nero, 2022. Su objetivo es contribuir al financiamiento de proyectos, programas y actividades nacionales, regionales o locales, de educaci\u00f3n y difusi\u00f3n, destinados a fortalecer la participaci\u00f3n, asociatividad, y liderazgo de las mujeres en el marco de la equidad de g\u00e9nero y los derechos humanos de las mismas.<\/span><\/p>\n<p class=\"yiv3903628951MsoNormal\" style=\"text-align: justify;\"><span lang=\"ES\">\u00a0<\/span><span lang=\"ES\">\u201cPersonas naturales, personas jur\u00eddicas, organizaciones de la sociedad civil, instituciones educacionales, todas y todos pueden postular a este beneficio que entrega el SernamEG para que sigamos robusteciendo las acciones que promuevan la equidad de g\u00e9nero y la participaci\u00f3n de las mujeres en todos los espacios de la sociedad\u201d, afirm\u00f3 la Directora Nacional de SernamEG, Priscilla Carrasco Pizarro.<\/span><\/p>\n<p class=\"yiv3903628951MsoNormal\" style=\"text-align: justify;\"><span lang=\"ES\">\u00a0<\/span><span lang=\"ES\">Por su parte, la Directora Regional (S) de SernamEG, Carla Arriagada Malague\u00f1o, se refiri\u00f3 a las l\u00edneas de acci\u00f3n de financiamiento, precisando que \u201capuntan al fortalecimiento, ya sea de car\u00e1cter interno de la organizaci\u00f3n que postule, o bien con este mismo fin, destinado a redes de asociatividad. El a\u00f1o pasado, tuvimos una muy buena experiencia con un proyecto que benefici\u00f3 a 15 mujeres en la comuna de R\u00edo Ib\u00e1\u00f1ez\u201d.<\/span><\/p>\n<p class=\"yiv3903628951MsoNormal\" style=\"text-align: justify;\"><span lang=\"ES\">\u00a0<\/span><span lang=\"ES\">Por su parte, la ganadora del proyecto del Fondo Equidad de G\u00e9nero 2021, Marcela Gonz\u00e1lez Vel\u00e1squez, manifest\u00f3: \u201cfue una oportunidad que como persona me permiti\u00f3 tener un espacio de encuentro y de escucha activa; asimismo, generar un proceso de aprendizaje para las participantes. En definitiva, fue una experiencia inolvidable, ya que los recursos se pueden focalizar en la necesidad que existe en el territorio; en mi caso, fueron talleres de formaci\u00f3n en redes sociales que siento que fue una labor fruct\u00edfera, tanto para las mujeres como para m\u00ed como profesional\u201d.<\/span><\/p>\n<p class=\"yiv3903628951MsoNormal\" style=\"text-align: justify;\"><span lang=\"ES\">\u00a0<\/span><span lang=\"ES\">El Fondo Equidad de G\u00e9nero financia propuestas por la suma de $4.000.000 (cuatro millones de pesos). El aporte propio que gestione la organizaci\u00f3n o persona natural, puede ser fresco o valorizado, y equivale a un m\u00ednimo del 10% del total del Fondo solicitado. Los recursos ser\u00e1n otorgados a los proyectos, programas o actividades que cumplan con las finalidades se\u00f1aladas y ser\u00e1n transferidos en una cuota, seg\u00fan lo establecido en las Bases de Convocatoria. La postulaci\u00f3n al Fondo Equidad de G\u00e9nero 2022 se realiza en\u00a0<\/span><a href=\"http:\/\/www.fondos.gob.cl\/\" target=\"_blank\" rel=\"nofollow noopener noreferrer\"><span lang=\"ES\">www.fondos.gob.cl<\/span><\/a><span lang=\"ES\">, desde el 4 hasta el 19 de octubre de 2022. Finalmente, para posibles consultas se encuentra disponible el correo:\u00a0<\/span><a href=\"mailto:postulacionesfondoeg@sernameg.gob.cl\" target=\"_blank\" rel=\"nofollow noopener noreferrer\"><span lang=\"ES\">postulacionesfondoeg@sernameg.gob.cl<\/span><\/a><span lang=\"ES\">\u00a0hasta el domingo 09 de octubre.<\/span><\/p>\n<p class=\"yiv3903628951MsoNormal\" style=\"text-align: justify;\"><span lang=\"ES\">\u00a0<\/span><span lang=\"ES\">\u00a0<\/span><\/p>\n<table class=\"yiv3903628951gmail-MsoTableGrid\" border=\"1\" cellspacing=\"0\" cellpadding=\"0\">\n<tbody>\n<tr>\n<td valign=\"top\" width=\"589\">\n<p class=\"yiv3903628951MsoNormal\"><b><span lang=\"ES\">TIPOS DE PROPUESTAS FONDO DE EQUIDAD DE G\u00c9NERO<\/span><\/b><\/p>\n<p class=\"yiv3903628951MsoNormal\"><span lang=\"ES\">\u00a0<\/span><\/p>\n<p class=\"yiv3903628951MsoNormal\"><u><span lang=\"ES\">Proyecto<\/span><\/u><span lang=\"ES\">: Estas propuestas est\u00e1n destinadas al fortalecimiento y desarrollo de las propias organizaciones de mujeres. Las mujeres que componen la organizaci\u00f3n, o bien, la organizaci\u00f3n busca la consolidaci\u00f3n en el territorio. Ejemplos: Capacitaciones, formaciones, encuentros, imagen corporativa, desarrollo de TIC, p\u00e1ginas web, entre otras.<\/span><\/p>\n<p class=\"yiv3903628951MsoNormal\"><span lang=\"ES\">\u00a0<\/span><u><span lang=\"ES\">Programa<\/span><\/u><span lang=\"ES\">: Estas propuestas buscan el fortalecimiento de redes o mesas de trabajo en las que participa la organizaci\u00f3n o la persona natural que presenta la propuesta. Ejemplos: Encuentros, ferias, capacitaciones, talleres, ciclos de cine o teatro, entre otras acciones.<\/span><\/p>\n<p class=\"yiv3903628951MsoNormal\"><span lang=\"ES\">\u00a0<\/span><u><span lang=\"ES\">Actividad<\/span><\/u><span lang=\"ES\">: Estas propuestas est\u00e1n destinadas a la difusi\u00f3n e informaci\u00f3n de la comunidad. Por ejemplo: Creaci\u00f3n de material gr\u00e1fico para distribuir en la comunidad, programa de radio o podcast, programa de televisi\u00f3n, conmemoraciones de fechas emblem\u00e1ticas, coloquios, conversatorios, intervenciones en plazas o parques, entre otras.<\/span><\/p>\n<p class=\"yiv3903628951MsoNormal\"><span lang=\"ES\">\u00a0<\/span><\/p>\n<\/td>\n<\/tr>\n<\/tbody>\n<\/table>\n<p class=\"yiv3903628951MsoNormal\" style=\"text-align: justify;\"><span lang=\"ES\">\u00a0<\/span><\/p>\n","protected":false},"excerpt":{"rendered":"<p>AUDIO : DIRECTORA NACIONAL SERNAMEG AUDIO : DIRECTORA REGIONAL SERNAMEG Por segundo a\u00f1o, el Servicio Nacional de la Mujer y la Equidad de G\u00e9nero, SernamEG, lanza un llamado a personas naturales y jur\u00eddicas a postular al Fondo Equidad de G\u00e9nero, 2022. Su objetivo es contribuir al financiamiento de proyectos, programas<\/p>\n","protected":false},"author":1,"featured_media":2165,"comment_status":"closed","ping_status":"open","sticky":false,"template":"","format":"standard","meta":{"footnotes":""},"categories":[1],"tags":[],"class_list":["post-2164","post","type-post","status-publish","format-standard","has-post-thumbnail","hentry","category-noticias-regionales"],"_links":{"self":[{"href":"https:\/\/minutaregional.cl\/index.php?rest_route=\/wp\/v2\/posts\/2164","targetHints":{"allow":["GET"]}}],"collection":[{"href":"https:\/\/minutaregional.cl\/index.php?rest_route=\/wp\/v2\/posts"}],"about":[{"href":"https:\/\/minutaregional.cl\/index.php?rest_route=\/wp\/v2\/types\/post"}],"author":[{"embeddable":true,"href":"https:\/\/minutaregional.cl\/index.php?rest_route=\/wp\/v2\/users\/1"}],"replies":[{"embeddable":true,"href":"https:\/\/minutaregional.cl\/index.php?rest_route=%2Fwp%2Fv2%2Fcomments&post=2164"}],"version-history":[{"count":3,"href":"https:\/\/minutaregional.cl\/index.php?rest_route=\/wp\/v2\/posts\/2164\/revisions"}],"predecessor-version":[{"id":2168,"href":"https:\/\/minutaregional.cl\/index.php?rest_route=\/wp\/v2\/posts\/2164\/revisions\/2168"}],"wp:featuredmedia":[{"embeddable":true,"href":"https:\/\/minutaregional.cl\/index.php?rest_route=\/wp\/v2\/media\/2165"}],"wp:attachment":[{"href":"https:\/\/minutaregional.cl\/index.php?rest_route=%2Fwp%2Fv2%2Fmedia&parent=2164"}],"wp:term":[{"taxonomy":"category","embeddable":true,"href":"https:\/\/minutaregional.cl\/index.php?rest_route=%2Fwp%2Fv2%2Fcategories&post=2164"},{"taxonomy":"post_tag","embeddable":true,"href":"https:\/\/minutaregional.cl\/index.php?rest_route=%2Fwp%2Fv2%2Ftags&post=2164"}],"curies":[{"name":"wp","href":"https:\/\/api.w.org\/{rel}","templated":true}]}}