{"id":2142,"date":"2022-10-05T00:14:15","date_gmt":"2022-10-05T00:14:15","guid":{"rendered":"https:\/\/minutaregional.cl\/?p=2142"},"modified":"2022-10-05T00:16:53","modified_gmt":"2022-10-05T00:16:53","slug":"reuniones-periodicas-entre-el-core-y-la-delegacion-presidencial-surgen-como-propuesta-para-hacer-seguimiento-a-la-ejecucion-presupuestaria-regional","status":"publish","type":"post","link":"https:\/\/minutaregional.cl\/?p=2142","title":{"rendered":"Reuniones Per\u00edodicas Entre el CORE y la Delegaci\u00f3n Presidencial Surgen Como Propuesta para Hacer Seguimiento a la Ejecuci\u00f3n Presupuestaria Regional"},"content":{"rendered":"<audio class=\"wp-audio-shortcode\" id=\"audio-2142-1\" preload=\"none\" style=\"width: 100%;\" controls=\"controls\"><source type=\"audio\/mpeg\" src=\"https:\/\/minutaregional.cl\/wp-content\/uploads\/2022\/10\/3-Delegado-Presidencial-Ruben-Quezada.mp3?_=1\" \/><a href=\"https:\/\/minutaregional.cl\/wp-content\/uploads\/2022\/10\/3-Delegado-Presidencial-Ruben-Quezada.mp3\">https:\/\/minutaregional.cl\/wp-content\/uploads\/2022\/10\/3-Delegado-Presidencial-Ruben-Quezada.mp3<\/a><\/audio>\n<p>AUDIO : Delegado Presidencial &#8211; Rub\u00e9n Quezada<\/p>\n<audio class=\"wp-audio-shortcode\" id=\"audio-2142-2\" preload=\"none\" style=\"width: 100%;\" controls=\"controls\"><source type=\"audio\/mpeg\" src=\"https:\/\/minutaregional.cl\/wp-content\/uploads\/2022\/10\/1-Consejero-Regional-Javier-Vega-Pdte-Comsiion-presupuesto.mp3?_=2\" \/><a href=\"https:\/\/minutaregional.cl\/wp-content\/uploads\/2022\/10\/1-Consejero-Regional-Javier-Vega-Pdte-Comsiion-presupuesto.mp3\">https:\/\/minutaregional.cl\/wp-content\/uploads\/2022\/10\/1-Consejero-Regional-Javier-Vega-Pdte-Comsiion-presupuesto.mp3<\/a><\/audio>\n<p>AUDIO : Consejero Regional Javier Vega &#8211; Pdte Comisi\u00f3n Presupuesto<\/p>\n<p style=\"text-align: justify;\">Dando cumplimiento a tres acuerdos del cuerpo colegiado, finalmente se concret\u00f3 la citaci\u00f3n de los principales actores relacionados con la ejecuci\u00f3n presupuestaria regional, que hoy se posiciona como la m\u00e1s baja del pa\u00eds, a fin de aunar esfuerzos para agilizar el proceso. Participaron el Delegado Presidencial, Rub\u00e9n Quezada, junto al encargado regional de Subdere, Bernardo Salinas, y seremis y directores de servicios. La Gobernadora Krist Naranjo se rest\u00f3 de la cita.<\/p>\n<p style=\"text-align: justify;\">Con el fin de abordar las diversas problem\u00e1ticas en torno a la baja ejecuci\u00f3n del presupuesto de inversi\u00f3n del Gobierno Regional, que hoy presenta un 19.48% de avance, la comisi\u00f3n de Presupuesto del CORE de Coquimbo convoc\u00f3 a diversos actores involucrados en este proceso, considerando al ejecutivo del Gobierno Regional, la Gobernadora Krist naranjo; el Delegado Presidencial, Rub\u00e9n Quezada; y Subdere. Un encuentro con el que se da cumplimiento a los acuerdos 12.448 del 09\/08\/22, 12.493 del 23\/08\/22, y 12.544 del 13\/09\/22.<\/p>\n<p style=\"text-align: justify;\">En la instancia se esperaba conocer, de parte del ejecutivo, la proyecci\u00f3n financiera, programaci\u00f3n de caja y detalle de las iniciativas que sustentar\u00edan la ejecuci\u00f3n del programa de inversi\u00f3n y permitir\u00edan alcanzar el 100%. Pese a que la Gobernadora no particip\u00f3 del encuentro, se revisaron los antecedentes disponibles, entre ellos, el hecho de que la ejecuci\u00f3n proyectada para la fecha deber\u00eda ser de un 67%, es decir, un 44% m\u00e1s de lo registrado en el \u00faltimo reporte entregado seg\u00fan el marco Subdere, que mide el desempe\u00f1o de los gobiernos regionales.<\/p>\n<p style=\"text-align: justify;\">\u201cHoy estamos con una muy baja ejecuci\u00f3n presupuestaria, tenemos que buscar las condiciones para dialogar, y aqu\u00ed las condiciones estuvieron. La reuni\u00f3n se dio bajo la l\u00f3gica del respeto, la democracia y la diversidad de opiniones que puede haber dentro del cuerpo colegiado y de las opiniones que tiene el gobierno para poder desarrollar. Se habl\u00f3 de la reactivaci\u00f3n econ\u00f3mica, de los convenios de transferencia que necesitamos para poder avanzar en la ejecuci\u00f3n, de los proyectos que hoy est\u00e1n en cartera y que tienen que sacar adelante los RS y de las voluntades que cada una de las instancias tiene para lograr un mejor avance presupuestario\u201d, detall\u00f3 el consejero regional Javier Vega, quien preside la comisi\u00f3n de presupuesto del cuerpo colegiado, tras el encuentro.<\/p>\n<p style=\"text-align: justify;\">Para cumplir con lo anterior, la comisi\u00f3n de presupuesto acord\u00f3 proponer la generaci\u00f3n de una mesa CORE-Delegaci\u00f3n Presidencial, donde se coordinar\u00e1 y har\u00e1 seguimiento a la inversi\u00f3n p\u00fablica para el desarrollo estrat\u00e9gico de la regi\u00f3n y el desarrollo equilibrado del territorio y sus familias. La iniciativa ser\u00e1 sometida a votaci\u00f3n del pleno durante la pr\u00f3xima sesi\u00f3n.<\/p>\n<p style=\"text-align: justify;\">En lo sucesivo, cada presidencia de comisi\u00f3n trabajar\u00e1 en conjunto con las distintas l\u00edneas sectoriales del gobierno. \u201cHoy d\u00eda falt\u00f3 una pata de esta mesa, falta que se integre la Gobernadora y hacemos un llamado a cumplir este acuerdo del cuerpo colegiado para que vayamos trabajando en conjunto trabajando, porque lo que no quiere la ciudadan\u00eda es seguir en esta discusi\u00f3n pol\u00edtica. La ciudadan\u00eda necesita proyectos de verdad en temas de salud, vivienda, empleo, turismo, y que las grandes inversiones comiencen a desarrollarse\u201d, agreg\u00f3 Vega.<\/p>\n<p style=\"text-align: justify;\">Asimismo, se repas\u00f3 la cartera de 18 iniciativas que la gobernadora present\u00f3 en reuni\u00f3n telem\u00e1tica con el ministro de Desarrollo Social y Familia, Giorgio Jackson, y que est\u00e1n en proceso de reevaluaci\u00f3n. Al mismo tiempo, la Delegaci\u00f3n presidencial expres\u00f3 su disposici\u00f3n de agilizar el trabajo y las inversiones que dependen directamente del gobierno central y sus ministerios, con el fin de dar mayor dinamismo a la econom\u00eda regional.<\/p>\n<p style=\"text-align: justify;\">Consultado, el Delegado Regional, Rub\u00e9n Quezada, puntualiz\u00f3 que \u201csabemos que se necesita un trabajo conjunto y en eso no nos vamos a perder, es algo que hemos hecho desde el 11 de marzo y lo seguiremos haciendo hasta el \u00faltimo d\u00eda que estemos en el gobierno. Adem\u00e1s, hemos presentado una hoja de ruta que pone los \u00e9nfasis en seguridad; reactivaci\u00f3n econ\u00f3mica, con generaci\u00f3n de trabajo con empleos decentes; adem\u00e1s de la mejora en la calidad de vida de las personas de nuestra regi\u00f3n, en t\u00e9rminos tan concretos como transporte p\u00fablico, plan de emergencia habitacional, recuperaci\u00f3n de espacios, qu\u00e9 vamos a hacer desde el punto de vista del desarrollo integral del Choapa, c\u00f3mo vamos a fortalecer los caminos rurales y los sistemas de agua potable rural, y as\u00ed una serie de proyectos que esperamos que sean analizados en el Consejo Regional, para este o futuros presupuestos y que nos permitan ir creciendo como regi\u00f3n\u201d.<\/p>\n<p style=\"text-align: justify;\">Por su parte, la consejera regional por Elqui, Tatiana Castillo, enfatiz\u00f3 en que se debe considerar que los tiempos para sacar adelante estas iniciativas y convenios son lentos. \u201cUna demora normal son seis meses, porque pasan por distintas etapas, y estamos en una situaci\u00f3n de a\u00f1os de debilidad econ\u00f3mica en la regi\u00f3n, pero esto no significa que no vayamos a sacar algo. Se van a sacar proyectos, yo creo que vamos a llegar tal vez a un 60% de ejecuci\u00f3n, lo que es baj\u00edsimo, somos la regi\u00f3n con la ejecuci\u00f3n m\u00e1s baja, pero no somos tan malo comparado con otras, hay otras regiones que est\u00e1n muy cerca a nosotros, es decir, este es un a\u00f1o complejo\u201d.<\/p>\n<p style=\"text-align: justify;\">Un panorama regional que el consejero por Limar\u00ed, Wladimir Pleticosic ve con mucha preocupaci\u00f3n, y sobre el que se\u00f1ala que \u201cnecesitamos agilidad en los equipos t\u00e9cnicos del Gobierno regional para poder generar una buena ejecuci\u00f3n. Lamentando tambi\u00e9n que estos equipos hoy est\u00e1n disminuidos, pues hemos tenido un transitar bastante inusual de los jefes de divisiones, que llevan adelante el quehacer del Gobierno Regional y eso ha afectado enormemente la gesti\u00f3n\u201d.<\/p>\n<p style=\"text-align: justify;\">El consejero agreg\u00f3 que hay una alta probabilidad de no completar la ejecuci\u00f3n presupuestaria de este 2022, lo que afectar\u00eda directamente al presupuesto 2023. \u201cesperamos que, desde el Gobierno Central, la Direcci\u00f3n de Presupuesto pueda tener en consideraci\u00f3n algunos elementos que hemos tenido este a\u00f1o en la regi\u00f3n y no tengamos una afectaci\u00f3n mayor en lo que significa el presupuesto de la regi\u00f3n para 2023\u201d.<\/p>\n<p style=\"text-align: justify;\">Respecto de las conclusiones de la reuni\u00f3n, adem\u00e1s de la mesa de coordinaci\u00f3n y seguimiento, la comisi\u00f3n de presupuesto acord\u00f3 solicitar como urgencia a la gobernadora una presentaci\u00f3n del Plan Regional de Gobierno, y la programaci\u00f3n financiera para la ejecuci\u00f3n del presupuesto de Inversi\u00f3n 2022. Estas y otras propuestas ser\u00e1n votadas por el pleno el martes 11 de octubre.<\/p>\n<p>&nbsp;<\/p>\n","protected":false},"excerpt":{"rendered":"<p>AUDIO : Delegado Presidencial &#8211; Rub\u00e9n Quezada AUDIO : Consejero Regional Javier Vega &#8211; Pdte Comisi\u00f3n Presupuesto Dando cumplimiento a tres acuerdos del cuerpo colegiado, finalmente se concret\u00f3 la citaci\u00f3n de los principales actores relacionados con la ejecuci\u00f3n presupuestaria regional, que hoy se posiciona como la m\u00e1s baja del pa\u00eds,<\/p>\n","protected":false},"author":1,"featured_media":2143,"comment_status":"closed","ping_status":"open","sticky":false,"template":"","format":"standard","meta":{"footnotes":""},"categories":[19,1],"tags":[],"class_list":["post-2142","post","type-post","status-publish","format-standard","has-post-thumbnail","hentry","category-corecoquimbo","category-noticias-regionales"],"_links":{"self":[{"href":"https:\/\/minutaregional.cl\/index.php?rest_route=\/wp\/v2\/posts\/2142","targetHints":{"allow":["GET"]}}],"collection":[{"href":"https:\/\/minutaregional.cl\/index.php?rest_route=\/wp\/v2\/posts"}],"about":[{"href":"https:\/\/minutaregional.cl\/index.php?rest_route=\/wp\/v2\/types\/post"}],"author":[{"embeddable":true,"href":"https:\/\/minutaregional.cl\/index.php?rest_route=\/wp\/v2\/users\/1"}],"replies":[{"embeddable":true,"href":"https:\/\/minutaregional.cl\/index.php?rest_route=%2Fwp%2Fv2%2Fcomments&post=2142"}],"version-history":[{"count":3,"href":"https:\/\/minutaregional.cl\/index.php?rest_route=\/wp\/v2\/posts\/2142\/revisions"}],"predecessor-version":[{"id":2148,"href":"https:\/\/minutaregional.cl\/index.php?rest_route=\/wp\/v2\/posts\/2142\/revisions\/2148"}],"wp:featuredmedia":[{"embeddable":true,"href":"https:\/\/minutaregional.cl\/index.php?rest_route=\/wp\/v2\/media\/2143"}],"wp:attachment":[{"href":"https:\/\/minutaregional.cl\/index.php?rest_route=%2Fwp%2Fv2%2Fmedia&parent=2142"}],"wp:term":[{"taxonomy":"category","embeddable":true,"href":"https:\/\/minutaregional.cl\/index.php?rest_route=%2Fwp%2Fv2%2Fcategories&post=2142"},{"taxonomy":"post_tag","embeddable":true,"href":"https:\/\/minutaregional.cl\/index.php?rest_route=%2Fwp%2Fv2%2Ftags&post=2142"}],"curies":[{"name":"wp","href":"https:\/\/api.w.org\/{rel}","templated":true}]}}