{"id":2116,"date":"2022-10-03T19:09:28","date_gmt":"2022-10-03T19:09:28","guid":{"rendered":"https:\/\/minutaregional.cl\/?p=2116"},"modified":"2022-10-03T19:09:28","modified_gmt":"2022-10-03T19:09:28","slug":"con-gran-exito-y-participacion-se-llevo-a-cabo-la-3era-feria-feminista-del-libro-en-la-region-de-coquimbo","status":"publish","type":"post","link":"https:\/\/minutaregional.cl\/?p=2116","title":{"rendered":"Con Gran \u00c9xito y Participaci\u00f3n se LLev\u00f3 a Cabo la 3era Feria Feminista del Libro en la Regi\u00f3n de Coquimbo"},"content":{"rendered":"<ul>\n<li style=\"text-align: justify;\"><strong>Durante 2 d\u00edas y con gran asistencia de la comunidad, se llev\u00f3 a cabo la tercera edici\u00f3n de la Feria Feminista del Libro de la Regi\u00f3n de Coquimbo y que cont\u00f3 con conversatorios, presentaciones de libros, documentales, lecturas y performance, buscando as\u00ed consolidar el espacio para la literatura feminista.<\/strong><\/li>\n<\/ul>\n<p style=\"text-align: justify;\">La actividad fue organizada por la Red Feminista del Libro Regi\u00f3n de Coquimbo (RFL), con el apoyo de la Ilustre Municipalidad de La Serena y la SEREMI de las Culturas, las Artes y Patrimonio de la Regi\u00f3n de Coquimbo. Respecto a c\u00f3mo nace la iniciativa, la presidenta de la RFL y Editora de Bordelibre Ediciones, se\u00f1al\u00f3 que \u201cse da por la escasez de instancias de encuentro en torno al libro escritos por mujeres y libros feministas y adem\u00e1s de la regi\u00f3n. Entonces, viendo ese vac\u00edo es que a nosotras pensamos en\u00a0 revertir esta situaci\u00f3n\u201d. Por su parte, el SEREMI de las Culturas, las Artes y el Patrimonio, Cedric Steinlen, indic\u00f3 que \u201cestamos muy contentos de apoyar esta relevante instancia porque estamos volviendo a encontrarnos luego de dos a\u00f1os. Esta es una primavera cultural en que se desarrolla esta Feria Feminista del Libro que da el puntapi\u00e9 inicial con tem\u00e1ticas tan importantes como el feminismo y el g\u00e9nero que son transversales en el Gobierno del presidente Gabriel Boric y de nuestro Ministerio\u201d.<\/p>\n<p style=\"text-align: justify;\">La Feria cont\u00f3 con diversas expositoras, una de ellas fue la poeta Eugenia Brito, quien expuso sobre escritura y feminismo en Chile en el conversatorio \u201cRuta cr\u00edtica: desaf\u00edos feministas en la literatura contempor\u00e1nea, \u201ctienen que abrirse espacios y para eso hay que escribir temas que sean relevantes, textos convocantes, por ejemplo, sobre las tendencias contempor\u00e1neas que existen en la escritura, sobre el rol que tienen las mujeres, en qu\u00e9 consiste la escritura, la textualidad. Estas actividades me parecen muy buenas, hay que ampliarlas y desarrollarlas m\u00e1s\u00bb. Mary Colores, actriz y pedagoga teatral y directora de la compa\u00f1\u00eda de teatro Delirante, tambi\u00e9n estuvo presente con su libro \u201cEscenas huachas\u201d, se\u00f1alando que \u201cestos espacios me parecen genial sobre todo tener referentes mujeres, agradezco y encuentro muy generoso que me hayan dado un espacio porque a veces cuesta mucho encontrar lugares donde te abran un espacio y escuchen\u201d.<\/p>\n<p style=\"text-align: justify;\">Respecto a esta tercera edici\u00f3n, la presidenta de la Red Feminista del Libro Regi\u00f3n de Coquimbo, Paula Ceballos indic\u00f3 que \u201cestamos muy contentas porque se cumplieron todos los objetivos que nos hab\u00edamos trazado desde un principio, tuvimos la compa\u00f1\u00eda de nuestras invitadas que ven\u00edan de Copiap\u00f3, Concepci\u00f3n, Santiago, y junto al di\u00e1logo con las autoras locales, tuvimos lanzamientos, conversatorios, el documental de \u201cLa Colorina\u201d, todo bajo un di\u00e1logo permanente en torno al encuentro y libro feminista\u201d.<\/p>\n<p style=\"text-align: justify;\">Sobre la importancia de generar estas instancias, Ceballos se\u00f1al\u00f3 que \u201cesperamos que esta instancia se consolide, que no sea un hito aislado, sino que permanezca, que las autoridades se comprometan a dar recursos para poderla sostener. La feria es en su mayor\u00eda autogestionada, por lo tanto, nuestro prop\u00f3sito es que se consolide, sea financiada y puesta como un hito relevante en la Regi\u00f3n de Coquimbo\u201d.<\/p>\n","protected":false},"excerpt":{"rendered":"<p>Durante 2 d\u00edas y con gran asistencia de la comunidad, se llev\u00f3 a cabo la tercera edici\u00f3n de la Feria Feminista del Libro de la Regi\u00f3n de Coquimbo y que cont\u00f3 con conversatorios, presentaciones de libros, documentales, lecturas y performance, buscando as\u00ed consolidar el espacio para la literatura feminista. La<\/p>\n","protected":false},"author":1,"featured_media":2117,"comment_status":"closed","ping_status":"open","sticky":false,"template":"","format":"standard","meta":{"footnotes":""},"categories":[1],"tags":[],"class_list":["post-2116","post","type-post","status-publish","format-standard","has-post-thumbnail","hentry","category-noticias-regionales"],"_links":{"self":[{"href":"https:\/\/minutaregional.cl\/index.php?rest_route=\/wp\/v2\/posts\/2116","targetHints":{"allow":["GET"]}}],"collection":[{"href":"https:\/\/minutaregional.cl\/index.php?rest_route=\/wp\/v2\/posts"}],"about":[{"href":"https:\/\/minutaregional.cl\/index.php?rest_route=\/wp\/v2\/types\/post"}],"author":[{"embeddable":true,"href":"https:\/\/minutaregional.cl\/index.php?rest_route=\/wp\/v2\/users\/1"}],"replies":[{"embeddable":true,"href":"https:\/\/minutaregional.cl\/index.php?rest_route=%2Fwp%2Fv2%2Fcomments&post=2116"}],"version-history":[{"count":1,"href":"https:\/\/minutaregional.cl\/index.php?rest_route=\/wp\/v2\/posts\/2116\/revisions"}],"predecessor-version":[{"id":2118,"href":"https:\/\/minutaregional.cl\/index.php?rest_route=\/wp\/v2\/posts\/2116\/revisions\/2118"}],"wp:featuredmedia":[{"embeddable":true,"href":"https:\/\/minutaregional.cl\/index.php?rest_route=\/wp\/v2\/media\/2117"}],"wp:attachment":[{"href":"https:\/\/minutaregional.cl\/index.php?rest_route=%2Fwp%2Fv2%2Fmedia&parent=2116"}],"wp:term":[{"taxonomy":"category","embeddable":true,"href":"https:\/\/minutaregional.cl\/index.php?rest_route=%2Fwp%2Fv2%2Fcategories&post=2116"},{"taxonomy":"post_tag","embeddable":true,"href":"https:\/\/minutaregional.cl\/index.php?rest_route=%2Fwp%2Fv2%2Ftags&post=2116"}],"curies":[{"name":"wp","href":"https:\/\/api.w.org\/{rel}","templated":true}]}}