{"id":2109,"date":"2022-10-03T18:42:39","date_gmt":"2022-10-03T18:42:39","guid":{"rendered":"https:\/\/minutaregional.cl\/?p=2109"},"modified":"2022-10-03T18:55:58","modified_gmt":"2022-10-03T18:55:58","slug":"continua-abierta-la-convocatoria-al-programa-semilla-inicia-de-corfo-dirigido-a-emprendedores-y-emprendedoras-de-aysen","status":"publish","type":"post","link":"https:\/\/minutaregional.cl\/?p=2109","title":{"rendered":"Contin\u00faa Abierta la Convocatoria al Programa Semilla Inicia de Corfo Dirigido a Emprendedores y Emprendedoras de Ays\u00e9n"},"content":{"rendered":"<audio class=\"wp-audio-shortcode\" id=\"audio-2109-1\" preload=\"none\" style=\"width: 100%;\" controls=\"controls\"><source type=\"audio\/mpeg\" src=\"https:\/\/minutaregional.cl\/wp-content\/uploads\/2022\/10\/AMacias-GobAysen.mp3?_=1\" \/><a href=\"https:\/\/minutaregional.cl\/wp-content\/uploads\/2022\/10\/AMacias-GobAysen.mp3\">https:\/\/minutaregional.cl\/wp-content\/uploads\/2022\/10\/AMacias-GobAysen.mp3<\/a><\/audio>\n<p>AUDIO :<strong>Gobernadora Regional Andrea Mac\u00edas Palma<\/strong><\/p>\n<audio class=\"wp-audio-shortcode\" id=\"audio-2109-2\" preload=\"none\" style=\"width: 100%;\" controls=\"controls\"><source type=\"audio\/mpeg\" src=\"https:\/\/minutaregional.cl\/wp-content\/uploads\/2022\/10\/HMarin-CorfoAysen.mp3?_=2\" \/><a href=\"https:\/\/minutaregional.cl\/wp-content\/uploads\/2022\/10\/HMarin-CorfoAysen.mp3\">https:\/\/minutaregional.cl\/wp-content\/uploads\/2022\/10\/HMarin-CorfoAysen.mp3<\/a><\/audio>\n<p>AUDIO : <strong>CORFO AYSEN<\/strong><\/p>\n<ul>\n<li style=\"text-align: justify;\"><strong><em>El programa entregar\u00e1 hasta $15 millones a proyectos innovadores, cuya <\/em>soluci\u00f3n propuesta tenga alcance nacional y potencial de internacionalizaci\u00f3n. \u00a0<\/strong><em>\u00a0<\/em><\/li>\n<\/ul>\n<p style=\"text-align: justify;\"><strong>Coyhaique, 02 de octubre de 2022.-<\/strong> Hasta el 21 de octubre estar\u00e1n abiertas las postulaciones al programa <a href=\"https:\/\/cutt.ly\/FVhosGp\">Semilla Inicia de Corfo Ays\u00e9n<\/a>, que busca apoyar emprendimientos de alto potencial de crecimiento y que cuenten con un prototipo de su producto o servicio. Este programa es financiado con recursos del Gobierno Regional de Ays\u00e9n a trav\u00e9s del Fondo Nacional de Desarrollo Regional (F.N.D.R.).<\/p>\n<p style=\"text-align: justify;\">Andrea Mac\u00edas Palma, Gobernadora Regional de Ays\u00e9n, se\u00f1al\u00f3 que \u201cSemilla Inicia es un programa que recibe aporte del Gobierno Regional y que permite apoyar a emprendedores y emprendedoras que cuentan con proyectos con un alto potencial de crecimiento a trav\u00e9s de este cofinanciamiento, que tambi\u00e9n tiene una mirada de g\u00e9nero. Siempre hemos dicho que la inversi\u00f3n p\u00fablica debe reducir las brechas de g\u00e9nero tambi\u00e9n en materia de fomento\u201d.<\/p>\n<p style=\"text-align: justify;\">Esta iniciativa est\u00e1 orientada a apoyar emprendimientos innovadores, esto es, proyectos cuya soluci\u00f3n propuesta a una problem\u00e1tica relevante, represente un nuevo o mejorado producto o servicio, que corresponda a un desarrollo del equipo emprendedor, que tenga un alcance nacional y potencial de internacionalizaci\u00f3n.<\/p>\n<p style=\"text-align: justify;\">Por su parte, Humberto Mar\u00edn Leiva, director de Corfo Ays\u00e9n, indic\u00f3 que \u201cpara poder reactivar nuestra econom\u00eda, el emprendimiento es una herramienta esencial. Agradecemos al Gobierno Regional de Ays\u00e9n a trav\u00e9s del Fondo Nacional de Desarrollo Regional (F.N.D.R.), por disponer de los recursos necesarios para fomentar la innovaci\u00f3n en la b\u00fasqueda de soluciones para las problem\u00e1ticas detectadas, permitiendo que muchos emprendedores y emprendedoras inicien sus negocios y puedan dinamizar nuestra econom\u00eda\u201d.<\/p>\n<p style=\"text-align: justify;\"><strong>INNOVACI\u00d3N Y VALIDACI\u00d3N<\/strong><\/p>\n<p style=\"text-align: justify;\">El programa Semilla Inicia busca apoyar a emprendedores y emprendedoras que cuenten con proyectos de negocios de alto potencial de crecimiento, mediante el cofinanciamiento de actividades para la validaci\u00f3n t\u00e9cnica y comercial del emprendimiento, adem\u00e1s de acceso a servicios de apoyo para su implementaci\u00f3n y desarrollo.<\/p>\n<p style=\"text-align: justify;\">Podr\u00e1n postular personas naturales, mayores de 18 a\u00f1os, con residencia en Chile. Persona jur\u00eddica, constituida en Chile, que tengan menos de 18 meses de iniciaci\u00f3n de actividades ante el Servicio de Impuestos Internos (SII), SIN VENTAS. Personas extranjeras con su C\u00e9dula de Identidad.<\/p>\n<p style=\"text-align: justify;\">Este programa cofinancia hasta el 75% del costo total del proyecto, con un tope de hasta $15.000.000. El monto restante debe ser aportado por el beneficiario (25%), en dinero en efectivo, en el transcurso de la ejecuci\u00f3n del proyecto. En el caso de adjudicaci\u00f3n de Empresa Liderada por Mujer, cubre hasta el 85% del Costo Total del proyecto y el 15% restante debe ser aportado por la Beneficiaria, en dinero en efectivo, en el transcurso de ejecuci\u00f3n del proyecto.<\/p>\n<p style=\"text-align: justify;\">Los interesados en Semilla Inicia de Corfo tendr\u00e1n hasta las 15:00 horas del 21 de octubre de 2022 para postular a trav\u00e9s de <a href=\"http:\/\/www.corfo.cl\/\">www.corfo.cl<\/a><u>.\u00a0 <\/u>Para m\u00e1s informaci\u00f3n, dirigirse a las oficinas de Corfo Ays\u00e9n, ubicadas en Sim\u00f3n Bol\u00edvar n\u00b0262, Coyhaique en horario de 08:30 a 13:30 horas;\u00a0escribiendo a\u00a0<a href=\"mailto:monica.moldenhauer@corfo.cl\">monica.moldenhauer@corfo.cl<\/a>\u00a0o llamando al tel\u00e9fono 67 2451250.<\/p>\n<p>&nbsp;<\/p>\n<p>&nbsp;<\/p>\n","protected":false},"excerpt":{"rendered":"<p>AUDIO :Gobernadora Regional Andrea Mac\u00edas Palma AUDIO : CORFO AYSEN El programa entregar\u00e1 hasta $15 millones a proyectos innovadores, cuya soluci\u00f3n propuesta tenga alcance nacional y potencial de internacionalizaci\u00f3n. \u00a0\u00a0 Coyhaique, 02 de octubre de 2022.- Hasta el 21 de octubre estar\u00e1n abiertas las postulaciones al programa Semilla Inicia de<\/p>\n","protected":false},"author":1,"featured_media":2110,"comment_status":"closed","ping_status":"open","sticky":false,"template":"","format":"standard","meta":{"footnotes":""},"categories":[20,1],"tags":[],"class_list":["post-2109","post","type-post","status-publish","format-standard","has-post-thumbnail","hentry","category-corfo","category-noticias-regionales"],"_links":{"self":[{"href":"https:\/\/minutaregional.cl\/index.php?rest_route=\/wp\/v2\/posts\/2109","targetHints":{"allow":["GET"]}}],"collection":[{"href":"https:\/\/minutaregional.cl\/index.php?rest_route=\/wp\/v2\/posts"}],"about":[{"href":"https:\/\/minutaregional.cl\/index.php?rest_route=\/wp\/v2\/types\/post"}],"author":[{"embeddable":true,"href":"https:\/\/minutaregional.cl\/index.php?rest_route=\/wp\/v2\/users\/1"}],"replies":[{"embeddable":true,"href":"https:\/\/minutaregional.cl\/index.php?rest_route=%2Fwp%2Fv2%2Fcomments&post=2109"}],"version-history":[{"count":3,"href":"https:\/\/minutaregional.cl\/index.php?rest_route=\/wp\/v2\/posts\/2109\/revisions"}],"predecessor-version":[{"id":2115,"href":"https:\/\/minutaregional.cl\/index.php?rest_route=\/wp\/v2\/posts\/2109\/revisions\/2115"}],"wp:featuredmedia":[{"embeddable":true,"href":"https:\/\/minutaregional.cl\/index.php?rest_route=\/wp\/v2\/media\/2110"}],"wp:attachment":[{"href":"https:\/\/minutaregional.cl\/index.php?rest_route=%2Fwp%2Fv2%2Fmedia&parent=2109"}],"wp:term":[{"taxonomy":"category","embeddable":true,"href":"https:\/\/minutaregional.cl\/index.php?rest_route=%2Fwp%2Fv2%2Fcategories&post=2109"},{"taxonomy":"post_tag","embeddable":true,"href":"https:\/\/minutaregional.cl\/index.php?rest_route=%2Fwp%2Fv2%2Ftags&post=2109"}],"curies":[{"name":"wp","href":"https:\/\/api.w.org\/{rel}","templated":true}]}}