{"id":2099,"date":"2022-10-02T01:44:11","date_gmt":"2022-10-02T01:44:11","guid":{"rendered":"https:\/\/minutaregional.cl\/?p=2099"},"modified":"2022-10-02T01:44:11","modified_gmt":"2022-10-02T01:44:11","slug":"destinos-de-la-region-de-coquimbo-llegan-a-la-feria-mas-grande-de-sudamerica-la-fit-de-buenos-aires","status":"publish","type":"post","link":"https:\/\/minutaregional.cl\/?p=2099","title":{"rendered":"Destinos de la Regi\u00f3n de Coquimbo llegan a la Feria M\u00e1s Grande de Sudam\u00e9rica, la FIT de Buenos Aires"},"content":{"rendered":"<p style=\"text-align: justify;\"><em>Actividad se desarrollar\u00e1 entre el 01 y 04 de octubre y se espera que unos 100 mil visitantes accedan al espacio que contar\u00e1 la regi\u00f3n, donde se exhibir\u00e1 la oferta y experiencias de astroturismo, piscos, cervezas y vinos, playas, valles, turismo wellness y parques nacionales, entre otras.<\/em><\/p>\n<p style=\"text-align: justify;\"><strong>S\u00e1bado 01 de octubre en 2022.-<\/strong> Los destinos, servicios, experiencias y ofertas tur\u00edsticas de la regi\u00f3n de Coquimbo se exhibir\u00e1n en la tribuna m\u00e1s amplia y especializada del \u00e1rea en Sudam\u00e9rica, la Feria Internacional de Turismo (FIT) de Buenos Aires.<\/p>\n<p style=\"text-align: justify;\">La versi\u00f3n se desarrollar\u00e1 entre el 01 y el 04 de octubre en la capital de Argentina, y el espacio que habilitar\u00e1 Sernatur Coquimbo, a trav\u00e9s del Proyecto Plan Marketing 360, financiado por el Gobierno Regional de Coquimbo, espera atender a unas 100 mil personas, intentando cautivar al p\u00fablico de ese pa\u00eds.<\/p>\n<p style=\"text-align: justify;\">El gasto diario promedio de los argentinos en Chile llega a los US$94 por persona, y las ventas se concentran principalmente en el sector comercio, donde la categor\u00eda consumo\/shopping ocupa un 41%; supermercados un 13%; restaurantes con un 19%; l\u00edneas A\u00e9reas, un 10%; arriendos de auto, un 7% y otros servicios, con un 9%. Ello se traduce en utilizar alojamientos, visitar atractivos, restaurantes y locales comerciales, que fortalecen a las econom\u00edas locales de la regi\u00f3n.<\/p>\n<p style=\"text-align: justify;\">La Gobernadora Krist Naranjo, reiter\u00f3 que \u00abpara esta versi\u00f3n se esperan m\u00e1s de 100.000 asistentes, y dos de los 4 d\u00edas ser\u00e1 para potenciales turistas, mientras que las dos jornadas restantes habr\u00e1 oportunidades para que operadores y agencias de todo el mundo conozcan nuestra oferta\u00bb.<\/p>\n<p style=\"text-align: justify;\">Entre los expositores que llevar\u00e1n la oferta de astroturismo, piscos y vinos, playas, valles, turismo wellness y parques nacionales est\u00e1 la Municipalidad de La Serena, Sernatur Coquimbo y el proyecto asociativo \u201cDescubre Elqui\u201d.<\/p>\n<p style=\"text-align: justify;\">\u201cEs una muy buena vitrina comercial, nos relaciona y vincula con operadores tur\u00edsticos nacionales e internacionales. Tenemos la oportunidad de reconquistar al p\u00fablico argentino\u201d, sostuvo Pamela Rubio del proyecto \u201cDescubre Elqui\u201d, que re\u00fane a las empresas Hotel Club La Serena, Casa Bagua, Cervezas Guayac\u00e1n y Cavas del Valle.<\/p>\n<p style=\"text-align: justify;\">La regi\u00f3n de Coquimbo tiene el 47% de la oferta de Chile en turismo astron\u00f3mico, y posee m\u00e1s de 60 servicios, una red de 14 observatorios astrotur\u00edsticos; trekking y cabalgatas; alojamientos tematizados; cenas y servicios de astrofotograf\u00eda.<\/p>\n<p style=\"text-align: justify;\">Para la directora de Sernatur Coquimbo, Ang\u00e9lica Funes, el \u00faltimo periodo ha estado marcado por las restricciones al sector tur\u00edstico, pero durante los \u00faltimos meses hemos visto mayor apertura para lleguen visitantes. Entre ellos, los argentinos, especialmente de la provincia de San Juan, quienes ocupan un lugar privilegiado para la regi\u00f3n, puesto que prefieren nuestras costas, descansar junto al mar, visitar los valles, adquirir productos en los centros comerciales de La Serena y Coquimbo, degustar productos t\u00edpicos de la regi\u00f3n en restaurantes y recorrer los distintos atractivos de la regi\u00f3n, y La Serena y Coquimbo.<\/p>\n<p style=\"text-align: justify;\">\u201cEl valle de Elqui es de clase mundial, y sumado al Limar\u00ed y Choapa hacen de la regi\u00f3n unos de los lugares m\u00e1s aptos para el cultivo de la uva pisquera, licor emblem\u00e1tico de Chile. Coquimbo, la &#8216;Regi\u00f3n Estrella&#8217;, te cautivar\u00e1 con sus privilegiadas condiciones geogr\u00e1ficas que atraen a disfrutar de actividades para todos los intereses, en cualquier \u00e9poca del a\u00f1o\u201d, es parte de la invitaci\u00f3n que llevar\u00e1 la directora de Sernatur Coquimbo, Ang\u00e9lica Funes, al pa\u00eds vecino.<\/p>\n<p style=\"text-align: justify;\">\n<p>&nbsp;<\/p>\n<p>&nbsp;<\/p>\n","protected":false},"excerpt":{"rendered":"<p>Actividad se desarrollar\u00e1 entre el 01 y 04 de octubre y se espera que unos 100 mil visitantes accedan al espacio que contar\u00e1 la regi\u00f3n, donde se exhibir\u00e1 la oferta y experiencias de astroturismo, piscos, cervezas y vinos, playas, valles, turismo wellness y parques nacionales, entre otras. S\u00e1bado 01 de<\/p>\n","protected":false},"author":1,"featured_media":2100,"comment_status":"closed","ping_status":"open","sticky":false,"template":"","format":"standard","meta":{"footnotes":""},"categories":[1],"tags":[],"class_list":["post-2099","post","type-post","status-publish","format-standard","has-post-thumbnail","hentry","category-noticias-regionales"],"_links":{"self":[{"href":"https:\/\/minutaregional.cl\/index.php?rest_route=\/wp\/v2\/posts\/2099","targetHints":{"allow":["GET"]}}],"collection":[{"href":"https:\/\/minutaregional.cl\/index.php?rest_route=\/wp\/v2\/posts"}],"about":[{"href":"https:\/\/minutaregional.cl\/index.php?rest_route=\/wp\/v2\/types\/post"}],"author":[{"embeddable":true,"href":"https:\/\/minutaregional.cl\/index.php?rest_route=\/wp\/v2\/users\/1"}],"replies":[{"embeddable":true,"href":"https:\/\/minutaregional.cl\/index.php?rest_route=%2Fwp%2Fv2%2Fcomments&post=2099"}],"version-history":[{"count":1,"href":"https:\/\/minutaregional.cl\/index.php?rest_route=\/wp\/v2\/posts\/2099\/revisions"}],"predecessor-version":[{"id":2101,"href":"https:\/\/minutaregional.cl\/index.php?rest_route=\/wp\/v2\/posts\/2099\/revisions\/2101"}],"wp:featuredmedia":[{"embeddable":true,"href":"https:\/\/minutaregional.cl\/index.php?rest_route=\/wp\/v2\/media\/2100"}],"wp:attachment":[{"href":"https:\/\/minutaregional.cl\/index.php?rest_route=%2Fwp%2Fv2%2Fmedia&parent=2099"}],"wp:term":[{"taxonomy":"category","embeddable":true,"href":"https:\/\/minutaregional.cl\/index.php?rest_route=%2Fwp%2Fv2%2Fcategories&post=2099"},{"taxonomy":"post_tag","embeddable":true,"href":"https:\/\/minutaregional.cl\/index.php?rest_route=%2Fwp%2Fv2%2Ftags&post=2099"}],"curies":[{"name":"wp","href":"https:\/\/api.w.org\/{rel}","templated":true}]}}