{"id":2096,"date":"2022-10-02T01:35:06","date_gmt":"2022-10-02T01:35:06","guid":{"rendered":"https:\/\/minutaregional.cl\/?p=2096"},"modified":"2022-10-02T01:35:06","modified_gmt":"2022-10-02T01:35:06","slug":"aguas-del-valle-presenta-nuevo-reporte-de-sostenibilidad-y-destaca-gestion-ante-la-sequia","status":"publish","type":"post","link":"https:\/\/minutaregional.cl\/?p=2096","title":{"rendered":"Aguas del Valle Presenta Nuevo Reporte de Sostenibilidad y Destaca Gesti\u00f3n Ante la Sequ\u00eda"},"content":{"rendered":"<p style=\"text-align: justify;\">Con la presencia de la meteor\u00f3loga Michelle Adam:<\/p>\n<ul style=\"text-align: justify;\">\n<li><em>En la entrega del documento se destacaron las obras, acciones y gestiones enfocadas a evitar el racionamiento de agua potable, como la construcci\u00f3n de la conducci\u00f3n Salamanca \u2013 Lim\u00e1huida, convenios con las juntas de vigilancia y la implementaci\u00f3n de tecnolog\u00eda para disminuir p\u00e9rdidas.<\/em><\/li>\n<\/ul>\n<p style=\"text-align: justify;\"><strong>\u00a0<\/strong><strong>La Serena, 01 de octubre de 2022.<\/strong>\u00a0 Junto a diversas organizaciones sociales y autoridades, el gerente regional de Aguas del Valle, Andr\u00e9s Nazer, present\u00f3 el d\u00e9cimo Reporte de Sostenibilidad correspondiente a la gesti\u00f3n 2021. El documento da cuenta del quehacer de la sanitaria en los \u00e1mbitos econ\u00f3mico, social y medioambiental, su aporte al desarrollo regional y acciones de vinculaci\u00f3n con la comunidad.<\/p>\n<p style=\"text-align: justify;\">\u201cEste reporte nos permite compartir los avances de nuestra gesti\u00f3n y fijar los lineamientos para seguir desarrollando nuestro trabajo que tiene como foco principal entregar un servicio de calidad a nuestros clientes, para ir m\u00e1s all\u00e1 de sus expectativas\u201d, dijo Nazer.<\/p>\n<p style=\"text-align: justify;\"><strong>Desaf\u00edo: evitar el racionamiento<\/strong><\/p>\n<p style=\"text-align: justify;\">\u201cLa dura sequ\u00eda que afecta a nuestra regi\u00f3n ha hecho que todos nuestros esfuezos se vuelquen a abordar este escenario y evitar racionamientos, un trabajo continuo y cada vez m\u00e1s intenso por la aridificaci\u00f3n creciente de la Regi\u00f3n de Coquimbo\u201d, agreg\u00f3 el ejecutivo y destac\u00f3, entre otros hitos la construcci\u00f3n de la conducci\u00f3n Salamanca-Lim\u00e1huida; el traslado de agua en camiones aljibe hasta Canela, Combarbal\u00e1 y Cha\u00f1aral Alto; los convenios con las Juntas de Vigilancia de los r\u00edos Elqui, Limar\u00ed y Choapa; el avance del proyecto de planta desaladora para la conurbaci\u00f3n La Serena\u2013Coquimbo; y \u00a0la implementaci\u00f3n de software de inteligencia operacional con m\u00e1s de 2.800 sensores para detectar filtraciones y disminuir p\u00e9rdidas.<\/p>\n<p style=\"text-align: justify;\">El ejecutivo, coment\u00f3 adem\u00e1s algunos hitos de Aguas del Valle, destacando que se sit\u00faa \u00a0entre las 15 mejores empresas para trabajar en Chile del ranking Great Place to Work; obtuvo el Sello \u201cParidad de G\u00e9nero Chile\u201d y se ubic\u00f3 en el cuarto lugar (entre grandes y medianas empresas) de la Encuesta de Percepci\u00f3n de la SISS que recoge la percepci\u00f3n de los usuarios.<\/p>\n<p style=\"text-align: justify;\"><strong>Otros avances<\/strong><\/p>\n<p style=\"text-align: justify;\">En 2021, el 26,6% de la energ\u00eda consumida por la sanitaria fue de origen renovable. Adem\u00e1s, se concret\u00f3 el primer inventario para medir gases de efecto invernadero.<\/p>\n<p style=\"text-align: justify;\">En la relaci\u00f3n con la comunidad destacan iniciativas como la sexta versi\u00f3n del Fondo Concursable \u201cContigo en Cada Gota\u201d que apoy\u00f3 a 26 organizaciones y el taller de \u201cMujeres G\u00e1sfiter en Terreno\u201d que capacit\u00f3 a 190 jefas de hogar.<\/p>\n<p style=\"text-align: justify;\">La presidenta de la Uni\u00f3n Comunal de Juntas (UNCO) de Vecinos de Ovalle, Patricia Alfaro, se\u00f1al\u00f3 que \u201ceste reporte es muy importante porque podemos conocer que ha hecho la empresa en diversos aspectos. En este sentido yo quiero dar las gracias a Aguas del Valle por comunicarnos, por citar a los dirigentes sociales y darles a conocer realmente lo que est\u00e1 pasando con el tema h\u00eddrico\u201d.<\/p>\n<p style=\"text-align: justify;\">En tanto, el diputado Ricardo Cifuentes, sostuvo que \u201cme parece muy interesante que la empresa est\u00e9 preocupada de la sostenibilidad y sustentabilidad del recurso, el agua es fundamental para la vida y particularmente en esta zona donde ha sido hist\u00f3ricamente escasa, entonces tener conciencia de ese hecho a mi me parece vital. Tenemos que tomar medidas urgentes, yo soy un convencido de que tenemos que hacer la desaladora lo antes posible, este no es un tema menor, sino un tema que est\u00e1 instalado y al cual debemos responder con mucha urgencia\u201d.<\/p>\n<p style=\"text-align: justify;\"><strong>El agua y el cambio clim\u00e1tico<\/strong><\/p>\n<p style=\"text-align: justify;\">La actividad cont\u00f3, adem\u00e1s, con la participaci\u00f3n de la meteor\u00f3loga Michelle Adam, quien a trav\u00e9s de su charla \u201cCrisis H\u00eddrica: \u00bfun invento de los alarmistas?\u201d, plante\u00f3 la necesidad de reflexionar sobre la profundidad de la alerta ambiental, que hace que el recurso h\u00eddrico sea cada vez m\u00e1s escaso en la actualidad.<\/p>\n<p style=\"text-align: justify;\">En ese contexto, analiz\u00f3 la informaci\u00f3n entregada en el d\u00e9cimo reporte, indicando que \u201ctenemos que cuidar el agua, pero tambi\u00e9n debemos usar las nuevas tecnolog\u00edas y ver la posibilidad de que m\u00e1s adelante se pueda hacer algo m\u00e1s concreto en desalinizaci\u00f3n. Nosotros estamos en una crisis y cu\u00e1nto tiempo m\u00e1s vamos a poder depender de la poca lluvia que cae y sabemos que en nuestro pa\u00eds la zona central va camino a la desertificaci\u00f3n, particularmente en la Regi\u00f3n de Coquimbo y la Regi\u00f3n de Valpara\u00edso\u201d.<\/p>\n","protected":false},"excerpt":{"rendered":"<p>Con la presencia de la meteor\u00f3loga Michelle Adam: En la entrega del documento se destacaron las obras, acciones y gestiones enfocadas a evitar el racionamiento de agua potable, como la construcci\u00f3n de la conducci\u00f3n Salamanca \u2013 Lim\u00e1huida, convenios con las juntas de vigilancia y la implementaci\u00f3n de tecnolog\u00eda para disminuir<\/p>\n","protected":false},"author":1,"featured_media":2097,"comment_status":"closed","ping_status":"open","sticky":false,"template":"","format":"standard","meta":{"footnotes":""},"categories":[45],"tags":[],"class_list":["post-2096","post","type-post","status-publish","format-standard","has-post-thumbnail","hentry","category-aguas-del-valle"],"_links":{"self":[{"href":"https:\/\/minutaregional.cl\/index.php?rest_route=\/wp\/v2\/posts\/2096","targetHints":{"allow":["GET"]}}],"collection":[{"href":"https:\/\/minutaregional.cl\/index.php?rest_route=\/wp\/v2\/posts"}],"about":[{"href":"https:\/\/minutaregional.cl\/index.php?rest_route=\/wp\/v2\/types\/post"}],"author":[{"embeddable":true,"href":"https:\/\/minutaregional.cl\/index.php?rest_route=\/wp\/v2\/users\/1"}],"replies":[{"embeddable":true,"href":"https:\/\/minutaregional.cl\/index.php?rest_route=%2Fwp%2Fv2%2Fcomments&post=2096"}],"version-history":[{"count":1,"href":"https:\/\/minutaregional.cl\/index.php?rest_route=\/wp\/v2\/posts\/2096\/revisions"}],"predecessor-version":[{"id":2098,"href":"https:\/\/minutaregional.cl\/index.php?rest_route=\/wp\/v2\/posts\/2096\/revisions\/2098"}],"wp:featuredmedia":[{"embeddable":true,"href":"https:\/\/minutaregional.cl\/index.php?rest_route=\/wp\/v2\/media\/2097"}],"wp:attachment":[{"href":"https:\/\/minutaregional.cl\/index.php?rest_route=%2Fwp%2Fv2%2Fmedia&parent=2096"}],"wp:term":[{"taxonomy":"category","embeddable":true,"href":"https:\/\/minutaregional.cl\/index.php?rest_route=%2Fwp%2Fv2%2Fcategories&post=2096"},{"taxonomy":"post_tag","embeddable":true,"href":"https:\/\/minutaregional.cl\/index.php?rest_route=%2Fwp%2Fv2%2Ftags&post=2096"}],"curies":[{"name":"wp","href":"https:\/\/api.w.org\/{rel}","templated":true}]}}