{"id":2077,"date":"2022-10-01T00:43:42","date_gmt":"2022-10-01T00:43:42","guid":{"rendered":"https:\/\/minutaregional.cl\/?p=2077"},"modified":"2022-10-01T00:43:42","modified_gmt":"2022-10-01T00:43:42","slug":"gobierno-lanza-programa-para-apoyar-al-sector-acuicultura-de-pequena-escala","status":"publish","type":"post","link":"https:\/\/minutaregional.cl\/?p=2077","title":{"rendered":"GOBIERNO LANZA PROGRAMA PARA APOYAR AL SECTOR ACUICULTURA DE PEQUE\u00d1A ESCALA"},"content":{"rendered":"<ul type=\"disc\">\n<li class=\"yiv3395268219MsoNoSpacing\"><strong><i>El instrumento tendr\u00e1 presencia en las 16 regiones del pa\u00eds, contempla aportes del Estado por $ 2.000 millones y espera beneficiar a m\u00e1s de 450 Mipes del sector.<\/i><\/strong><\/li>\n<\/ul>\n<p class=\"yiv3395268219MsoNormal\"><b>Nacional, 30 de Septiembre 2022.-<\/b>\u00a0Con el objetivo de impulsar la reactivaci\u00f3n de las Micro y Peque\u00f1as Empresas (Mipes) acu\u00edcolas en la recuperaci\u00f3n de su potencial productivo y de su gesti\u00f3n, la Subsecretaria de Pesca y Acuicultura y Corfo lanzaron hoy el \u201cPAR Chile Apoya Acuicultura de Peque\u00f1a Escala (APE)\u201d.<\/p>\n<p class=\"yiv3395268219MsoNormal\">La iniciativa apoyar\u00e1 empresas del sector a trav\u00e9s del financiamiento de proyectos individuales, que contemplen capacitaciones, planes de negocios, consultor\u00edas, asistencia t\u00e9cnica, capital de trabajo y\/o proyectos de inversi\u00f3n. Se realizar\u00e1 un primer llamado para empresas lideradas por mujeres el cual comenzar\u00e1 hoy con un plazo de postulaci\u00f3n m\u00e1ximo de un mes o hasta que se reciban postulaciones que alcancen un 120% de los recursos disponibles.<\/p>\n<p class=\"yiv3395268219MsoNormal\">El segundo llamado estar\u00e1 disponible para todo postulante inscrito en el Registro de Acuicultura de Peque\u00f1a Escala en SERNAPESCA, con fecha anterior a la de la apertura de la convocatoria y se abrir\u00e1 una vez terminado el primer llamado.<\/p>\n<p class=\"yiv3395268219MsoNormal\">Julio Salas, Subsecretario de Pesca y Acuicultura destaca que \u201cla apertura de este PAR de Corfo es de gran importancia para promover el empuje de la acuicultura de peque\u00f1a escala a nivel nacional. Desde el Gobierno creemos que este sector tiene muchas oportunidades de desarrollo y producci\u00f3n sostenible, lo cual va de la mano con la implementaci\u00f3n y aplicaci\u00f3n del reglamento APE y otras normativas. Asimismo, agradecemos el dedicado y profesional trabajo interinstitucional para materializar estas iniciativas\u201d.<\/p>\n<p class=\"yiv3395268219MsoNormal\">El instrumento PAR Chile Apoya tendr\u00e1 presencia en las 16 regiones del pa\u00eds y contempla aportes del Estado por $ 2.000 millones, beneficiando a m\u00e1s de 450 Mipes del sector.<\/p>\n<p class=\"yiv3395268219MsoNormal\">Corfo financiar\u00e1 el 100% de cada proyecto individual con un tope de hasta $4 millones de pesos.<\/p>\n<p class=\"yiv3395268219MsoNormal\"><b>Perfil beneficiario (a)<\/b><\/p>\n<p class=\"yiv3395268219MsoNormal\">&#8211;\u00a0\u00a0\u00a0\u00a0\u00a0\u00a0\u00a0\u00a0\u00a0\u00a0\u00a0\u00a0\u00a0 Personas naturales o jur\u00eddicas inscritas en el Registro de Acuicultura de Peque\u00f1a Escala del SERNAPESCA.<\/p>\n<p class=\"yiv3395268219MsoNormal\">&#8211;\u00a0\u00a0\u00a0\u00a0\u00a0\u00a0\u00a0\u00a0\u00a0\u00a0\u00a0\u00a0\u00a0 Micro y peque\u00f1as empresas que deben acreditar ventas netas anuales en un rango superior a UF 0 hasta las UF 25.000 (Segmento MIPE).<\/p>\n<p class=\"yiv3395268219MsoNormal\">&#8211;\u00a0\u00a0\u00a0\u00a0\u00a0\u00a0\u00a0\u00a0\u00a0\u00a0\u00a0\u00a0\u00a0 Haber iniciado actividades ante el Servicio de Impuestos Internos (SII), al menos 1 a\u00f1o antes de la fecha de apertura de la respectiva convocatoria<\/p>\n<p class=\"yiv3395268219MsoNormal\">&#8211;\u00a0\u00a0\u00a0\u00a0\u00a0\u00a0\u00a0\u00a0\u00a0\u00a0\u00a0\u00a0\u00a0 Tributar en Primera Categor\u00eda.<\/p>\n<p class=\"yiv3395268219MsoNormal\"><b>Focalizaci\u00f3n<\/b><\/p>\n<p class=\"yiv3395268219MsoNormal\">Zona Norte: Arica y Parinacota, Tarapac\u00e1, Antofagasta, Atacama, Coquimbo<\/p>\n<p class=\"yiv3395268219MsoNormal\">Zona Centro: Valpara\u00edso, O\u2019Higgins, Maule, \u00d1uble y Biob\u00edo<\/p>\n<p class=\"yiv3395268219MsoNormal\">Zona Sur: Araucan\u00eda, Los R\u00edos<\/p>\n<p class=\"yiv3395268219MsoNormal\">Zona Los Lagos: Los Lagos<\/p>\n<p class=\"yiv3395268219MsoNormal\">Zona Austral: Ays\u00e9n, Magallanes<\/p>\n<p class=\"yiv3395268219MsoNormal\">La convocatoria est\u00e1 disponible en la p\u00e1gina web de Corfo (<a href=\"http:\/\/www.corfo.cl\/\" target=\"_blank\" rel=\"nofollow noopener noreferrer\">www.corfo.cl<\/a>) y en el mismo sitio se podr\u00e1 encontrar m\u00e1s informaci\u00f3n del programa, los requisitos de postulaci\u00f3n y plazos, entre otros aspectos relevantes.<\/p>\n<p class=\"yiv3395268219MsoNormal\">\n","protected":false},"excerpt":{"rendered":"<p>El instrumento tendr\u00e1 presencia en las 16 regiones del pa\u00eds, contempla aportes del Estado por $ 2.000 millones y espera beneficiar a m\u00e1s de 450 Mipes del sector. Nacional, 30 de Septiembre 2022.-\u00a0Con el objetivo de impulsar la reactivaci\u00f3n de las Micro y Peque\u00f1as Empresas (Mipes) acu\u00edcolas en la recuperaci\u00f3n<\/p>\n","protected":false},"author":1,"featured_media":2080,"comment_status":"closed","ping_status":"open","sticky":false,"template":"","format":"standard","meta":{"footnotes":""},"categories":[20],"tags":[],"class_list":["post-2077","post","type-post","status-publish","format-standard","has-post-thumbnail","hentry","category-corfo"],"_links":{"self":[{"href":"https:\/\/minutaregional.cl\/index.php?rest_route=\/wp\/v2\/posts\/2077","targetHints":{"allow":["GET"]}}],"collection":[{"href":"https:\/\/minutaregional.cl\/index.php?rest_route=\/wp\/v2\/posts"}],"about":[{"href":"https:\/\/minutaregional.cl\/index.php?rest_route=\/wp\/v2\/types\/post"}],"author":[{"embeddable":true,"href":"https:\/\/minutaregional.cl\/index.php?rest_route=\/wp\/v2\/users\/1"}],"replies":[{"embeddable":true,"href":"https:\/\/minutaregional.cl\/index.php?rest_route=%2Fwp%2Fv2%2Fcomments&post=2077"}],"version-history":[{"count":1,"href":"https:\/\/minutaregional.cl\/index.php?rest_route=\/wp\/v2\/posts\/2077\/revisions"}],"predecessor-version":[{"id":2081,"href":"https:\/\/minutaregional.cl\/index.php?rest_route=\/wp\/v2\/posts\/2077\/revisions\/2081"}],"wp:featuredmedia":[{"embeddable":true,"href":"https:\/\/minutaregional.cl\/index.php?rest_route=\/wp\/v2\/media\/2080"}],"wp:attachment":[{"href":"https:\/\/minutaregional.cl\/index.php?rest_route=%2Fwp%2Fv2%2Fmedia&parent=2077"}],"wp:term":[{"taxonomy":"category","embeddable":true,"href":"https:\/\/minutaregional.cl\/index.php?rest_route=%2Fwp%2Fv2%2Fcategories&post=2077"},{"taxonomy":"post_tag","embeddable":true,"href":"https:\/\/minutaregional.cl\/index.php?rest_route=%2Fwp%2Fv2%2Ftags&post=2077"}],"curies":[{"name":"wp","href":"https:\/\/api.w.org\/{rel}","templated":true}]}}