{"id":2063,"date":"2022-10-01T00:00:28","date_gmt":"2022-10-01T00:00:28","guid":{"rendered":"https:\/\/minutaregional.cl\/?p=2063"},"modified":"2022-10-01T00:00:28","modified_gmt":"2022-10-01T00:00:28","slug":"acto-civico-religioso-a-patrono-san-rafael-arcangel-en-plaza-de-armas-de-illapel","status":"publish","type":"post","link":"https:\/\/minutaregional.cl\/?p=2063","title":{"rendered":"ACTO C\u00cdVICO RELIGIOSO A PATRONO SAN RAFAEL ARC\u00c1NGEL EN PLAZA DE ARMAS DE ILLAPEL"},"content":{"rendered":"<p style=\"text-align: justify;\">Este jueves 29 de septiembre se conmemor\u00f3 en un acto c\u00edvico religioso a San Rafael Arc\u00e1ngel, patrono de la ciudad de Illapel.<\/p>\n<p style=\"text-align: justify;\">La actividad cont\u00f3 con la presencia de diversas autoridades adem\u00e1s de representantes de los establecimientos educacionales de nuestra ciudad.<\/p>\n<p style=\"text-align: justify;\">El 8 de febrero de 1755 los habitantes del Valle de Cuz Cuz se reunieron en la casa del Cura Doctrinero, Don Pablo de la Carrera, para elegir nombre de la nueva poblaci\u00f3n. El sacerdote propuso al Arc\u00e1ngel San Rafael, en honor de la hija del Gobernador, Rafaela de Rozas, y para que todos tuvieran un gran protector y quien les ayudara en sus necesidades temporales y espirituales.<\/p>\n<p style=\"text-align: justify;\">Todos estuvieron de acuerdo y dieron como nombre a la nueva Villa: San Rafael de Rozas. Acordaron levantar una iglesia dedicada al Santo Arc\u00e1ngel, que fue la primera de las cinco que se han construido en el mismo lugar. Con el tiempo la Villa recuper\u00f3 el nombre de Illapel, pero San Rafael qued\u00f3 representado en su escudo de armas.<\/p>\n<p style=\"text-align: justify;\">La iglesia de San Rafael fue atendida en principio por el p\u00e1rroco de Mincha, y hacia fines del siglo XVIII lleg\u00f3 a ser iglesia parroquial con p\u00e1rroco propio.<\/p>\n<p style=\"text-align: justify;\"><strong>Visite, comparta y suscr\u00edbase al canal de noticias de YouTube y nuestro sitio web<\/strong><\/p>\n<p style=\"text-align: justify;\">\n<p style=\"text-align: justify;\"><a href=\"https:\/\/www.youtube.com\/channel\/UCKqVGapJI4lbTFpKPdsEiOg\"><strong>https:\/\/www.youtube.com\/channel\/UCKqVGapJI4lbTFpKPdsEiOg<\/strong><\/a><\/p>\n<p style=\"text-align: justify;\"><strong>\u00a0<\/strong><a href=\"http:\/\/www.daemillapel.cl\"><strong>www.daemillapel.cl<\/strong><\/a><\/p>\n<p><strong>\u00a0<\/strong><\/p>\n<p><strong>\u00a0<\/strong><\/p>\n<p><strong>\u00a0<\/strong><\/p>\n<p><strong>DAEM ILLAPEL<\/strong><\/p>\n<p>&nbsp;<\/p>\n<p>&nbsp;<\/p>\n<p>&nbsp;<\/p>\n","protected":false},"excerpt":{"rendered":"<p>Este jueves 29 de septiembre se conmemor\u00f3 en un acto c\u00edvico religioso a San Rafael Arc\u00e1ngel, patrono de la ciudad de Illapel. La actividad cont\u00f3 con la presencia de diversas autoridades adem\u00e1s de representantes de los establecimientos educacionales de nuestra ciudad. El 8 de febrero de 1755 los habitantes del<\/p>\n","protected":false},"author":1,"featured_media":2065,"comment_status":"closed","ping_status":"open","sticky":false,"template":"","format":"standard","meta":{"footnotes":""},"categories":[22],"tags":[],"class_list":["post-2063","post","type-post","status-publish","format-standard","has-post-thumbnail","hentry","category-muni-illapel"],"_links":{"self":[{"href":"https:\/\/minutaregional.cl\/index.php?rest_route=\/wp\/v2\/posts\/2063","targetHints":{"allow":["GET"]}}],"collection":[{"href":"https:\/\/minutaregional.cl\/index.php?rest_route=\/wp\/v2\/posts"}],"about":[{"href":"https:\/\/minutaregional.cl\/index.php?rest_route=\/wp\/v2\/types\/post"}],"author":[{"embeddable":true,"href":"https:\/\/minutaregional.cl\/index.php?rest_route=\/wp\/v2\/users\/1"}],"replies":[{"embeddable":true,"href":"https:\/\/minutaregional.cl\/index.php?rest_route=%2Fwp%2Fv2%2Fcomments&post=2063"}],"version-history":[{"count":1,"href":"https:\/\/minutaregional.cl\/index.php?rest_route=\/wp\/v2\/posts\/2063\/revisions"}],"predecessor-version":[{"id":2066,"href":"https:\/\/minutaregional.cl\/index.php?rest_route=\/wp\/v2\/posts\/2063\/revisions\/2066"}],"wp:featuredmedia":[{"embeddable":true,"href":"https:\/\/minutaregional.cl\/index.php?rest_route=\/wp\/v2\/media\/2065"}],"wp:attachment":[{"href":"https:\/\/minutaregional.cl\/index.php?rest_route=%2Fwp%2Fv2%2Fmedia&parent=2063"}],"wp:term":[{"taxonomy":"category","embeddable":true,"href":"https:\/\/minutaregional.cl\/index.php?rest_route=%2Fwp%2Fv2%2Fcategories&post=2063"},{"taxonomy":"post_tag","embeddable":true,"href":"https:\/\/minutaregional.cl\/index.php?rest_route=%2Fwp%2Fv2%2Ftags&post=2063"}],"curies":[{"name":"wp","href":"https:\/\/api.w.org\/{rel}","templated":true}]}}