{"id":2054,"date":"2022-09-30T23:26:06","date_gmt":"2022-09-30T23:26:06","guid":{"rendered":"https:\/\/minutaregional.cl\/?p=2054"},"modified":"2022-09-30T23:33:00","modified_gmt":"2022-09-30T23:33:00","slug":"este-lunes-03-de-octubre-se-inaugura-en-la-serena-8-congreso-nacional-de-redes-pedagogicas-de-educacion-para-personas-jovenes-y-adultas","status":"publish","type":"post","link":"https:\/\/minutaregional.cl\/?p=2054","title":{"rendered":"Este lunes 03 de octubre se inaugura en La Serena  8\u00b0 Congreso Nacional de Redes Pedag\u00f3gicas  de Educaci\u00f3n para Personas J\u00f3venes y Adultas"},"content":{"rendered":"<audio class=\"wp-audio-shortcode\" id=\"audio-2054-1\" preload=\"none\" style=\"width: 100%;\" controls=\"controls\"><source type=\"audio\/mpeg\" src=\"https:\/\/minutaregional.cl\/wp-content\/uploads\/2022\/09\/Despacho-Radial-Este-lunes-03-de-octubre-se-inaugura-8\u00b0-Congreso-Nacional-de-Redes-Pedagogicas-de-Educacion-para-Personas-Jovenes-y-Adultas_.mp3?_=1\" \/><a href=\"https:\/\/minutaregional.cl\/wp-content\/uploads\/2022\/09\/Despacho-Radial-Este-lunes-03-de-octubre-se-inaugura-8\u00b0-Congreso-Nacional-de-Redes-Pedagogicas-de-Educacion-para-Personas-Jovenes-y-Adultas_.mp3\">https:\/\/minutaregional.cl\/wp-content\/uploads\/2022\/09\/Despacho-Radial-Este-lunes-03-de-octubre-se-inaugura-8\u00b0-Congreso-Nacional-de-Redes-Pedagogicas-de-Educacion-para-Personas-Jovenes-y-Adultas_.mp3<\/a><\/audio>\n<p>AUDIO : Despacho Radial Este lunes 03 de octubre se inaugura 8\u00b0 Congreso Nacional de Redes Pedag\u00f3gicas de Educaci\u00f3n para Personas J\u00f3venes y Adultas<\/p>\n<p style=\"text-align: justify;\">Este lunes 03 de octubre en la comuna de La Serena se inaugurar\u00e1 la segunda etapa presencial del \u201c8\u00b0 Congreso Nacional de Redes Pedag\u00f3gicas de Educaci\u00f3n para Personas J\u00f3venes y Adultas\u201d, organizado por la Coordinaci\u00f3n Nacional de Educaci\u00f3n para Personas J\u00f3venes y Adultas (EPJA) del Ministerio de Educaci\u00f3n, a trav\u00e9s de la Coordinaci\u00f3n Regional EPJA de la Seremi de Educaci\u00f3n de Coquimbo y en conjunto a las Redes Pedag\u00f3gicas de Educaci\u00f3n de Personas J\u00f3venes y Adultas \u201cEntre Valles\u201d, \u201cDiaguitas\u201d y \u201cPuerto Valle\u201d.<\/p>\n<p style=\"text-align: justify;\">El 8\u00b0 Congreso Nacional que tiene como sellos a \u201cGabriela Mistral\u201d, la \u201cIgualdad de G\u00e9nero y la \u201cCrisis H\u00eddrica\u201d tuvo una primera etapa virtual, con charlas entre el 08 al 29 de septiembre, y ahora se inicia una segunda etapa presencial, entre el 03 al 05 de octubre en la comuna de La Serena, que espera convocar a m\u00e1s de 200 profesores, expertos y acad\u00e9micos de todo el pa\u00eds.<\/p>\n<p style=\"text-align: justify;\">La Seremi de Educaci\u00f3n, Cecilia Ram\u00edrez Ch\u00e1vez destac\u00f3 que \u201cpara nuestra Secretar\u00eda Regional Ministerial es un honor que el Congreso Nacional de Redes Pedag\u00f3gicas de Educaci\u00f3n para Personas J\u00f3venes y Adultas se organice nuevamente en nuestra Regi\u00f3n de Coquimbo. Un espacio de encuentro, de celebraci\u00f3n y reflexi\u00f3n. Recordar que ac\u00e1 naci\u00f3 el primer congreso nacional de la Red \u201cDiaguitas\u201d de nuestra regi\u00f3n y ha retornado luego de dos a\u00f1os de pandemia. Hemos finalizado la primera etapa virtual, que tuvo intercambio de experiencias entre las 53 Redes Pedag\u00f3gicas que est\u00e1n en funcionamiento en nuestro pa\u00eds, quienes adem\u00e1s han compartido informaci\u00f3n sobre Pol\u00edtica Educativa Convivencia para la Ciudadan\u00eda; Sexualidad, Afectividad y G\u00e9nero y otros t\u00f3picos relevantes para el sistema educacional. Este lunes inauguramos la etapa presencial ac\u00e1 en La Serena, la que se extender\u00e1 hasta el mi\u00e9rcoles 05 de octubre\u201d.<\/p>\n<p style=\"text-align: justify;\">En su etapa presencial se espera la participaci\u00f3n de profesores y directivos de 53 redes de educaci\u00f3n para personas j\u00f3venes y adultas de Arica a Punta Arenas, adem\u00e1s de supervisores del Mineduc que apoyan las redes pedag\u00f3gicas, profesionales y acad\u00e9micos que componen la Red Universitaria de Educaci\u00f3n para Personas J\u00f3venes y Adultas, expertos internacionales, autoridades, entre otros invitados.<\/p>\n<p style=\"text-align: justify;\">En el congreso se abordar\u00e1n las tem\u00e1ticas de convivencia en las comunidades educativas, prevenci\u00f3n del abandono escolar, interculturalidad, inclusi\u00f3n de personas j\u00f3venes y adultas migrantes, apoyo socioemocional para j\u00f3venes y adultos, aprendizajes en contexto de pandemia, g\u00e9nero, diversidad y disidencias, bases curriculares, entre otras.<\/p>\n","protected":false},"excerpt":{"rendered":"<p>AUDIO : Despacho Radial Este lunes 03 de octubre se inaugura 8\u00b0 Congreso Nacional de Redes Pedag\u00f3gicas de Educaci\u00f3n para Personas J\u00f3venes y Adultas Este lunes 03 de octubre en la comuna de La Serena se inaugurar\u00e1 la segunda etapa presencial del \u201c8\u00b0 Congreso Nacional de Redes Pedag\u00f3gicas de Educaci\u00f3n<\/p>\n","protected":false},"author":1,"featured_media":2055,"comment_status":"closed","ping_status":"open","sticky":false,"template":"","format":"standard","meta":{"footnotes":""},"categories":[40],"tags":[],"class_list":["post-2054","post","type-post","status-publish","format-standard","has-post-thumbnail","hentry","category-secreduc_iv"],"_links":{"self":[{"href":"https:\/\/minutaregional.cl\/index.php?rest_route=\/wp\/v2\/posts\/2054","targetHints":{"allow":["GET"]}}],"collection":[{"href":"https:\/\/minutaregional.cl\/index.php?rest_route=\/wp\/v2\/posts"}],"about":[{"href":"https:\/\/minutaregional.cl\/index.php?rest_route=\/wp\/v2\/types\/post"}],"author":[{"embeddable":true,"href":"https:\/\/minutaregional.cl\/index.php?rest_route=\/wp\/v2\/users\/1"}],"replies":[{"embeddable":true,"href":"https:\/\/minutaregional.cl\/index.php?rest_route=%2Fwp%2Fv2%2Fcomments&post=2054"}],"version-history":[{"count":3,"href":"https:\/\/minutaregional.cl\/index.php?rest_route=\/wp\/v2\/posts\/2054\/revisions"}],"predecessor-version":[{"id":2059,"href":"https:\/\/minutaregional.cl\/index.php?rest_route=\/wp\/v2\/posts\/2054\/revisions\/2059"}],"wp:featuredmedia":[{"embeddable":true,"href":"https:\/\/minutaregional.cl\/index.php?rest_route=\/wp\/v2\/media\/2055"}],"wp:attachment":[{"href":"https:\/\/minutaregional.cl\/index.php?rest_route=%2Fwp%2Fv2%2Fmedia&parent=2054"}],"wp:term":[{"taxonomy":"category","embeddable":true,"href":"https:\/\/minutaregional.cl\/index.php?rest_route=%2Fwp%2Fv2%2Fcategories&post=2054"},{"taxonomy":"post_tag","embeddable":true,"href":"https:\/\/minutaregional.cl\/index.php?rest_route=%2Fwp%2Fv2%2Ftags&post=2054"}],"curies":[{"name":"wp","href":"https:\/\/api.w.org\/{rel}","templated":true}]}}