{"id":2051,"date":"2022-09-30T23:04:25","date_gmt":"2022-09-30T23:04:25","guid":{"rendered":"https:\/\/minutaregional.cl\/?p=2051"},"modified":"2022-09-30T23:06:56","modified_gmt":"2022-09-30T23:06:56","slug":"diputado-manouchehri-presupuesto-enfocado-en-seguridad-es-lo-que-chile-pide","status":"publish","type":"post","link":"https:\/\/minutaregional.cl\/?p=2051","title":{"rendered":"Diputado Manouchehri: \u201cPresupuesto Enfocado en Seguridad es lo que Chile pide\u201d"},"content":{"rendered":"<p style=\"text-align: justify;\">Este jueves el Presidente Gabriel Boric anunci\u00f3 los ejes del proyecto de ley de Presupuesto 2023, el primero de su administraci\u00f3n. El mandatario anunci\u00f3 que la iniciativa contempla un aumento del gasto p\u00fablico en un 4,2%.<\/p>\n<p style=\"text-align: justify;\">El presidente de la Comisi\u00f3n de Econom\u00eda de la C\u00e1mara de Diputados, Daniel Manouchehri, valor\u00f3 el anuncio del gobierno y el enfoque en \u00e1reas como la seguridad ciudadana.<\/p>\n<p style=\"text-align: justify;\">\u201cEl Presupuesto 2023 va en la l\u00ednea correcta: Seguridad. Tanto en la lucha contra el crimen organizado como en ayuda social. Esto es lo que Chile est\u00e1 pidiendo. Confiamos que estos buenos anuncios tendr\u00e1n una buena distribuci\u00f3n hacia las regiones\u201d, indic\u00f3 el legislador socialista.<\/p>\n<p style=\"text-align: justify;\">Previo al anuncio presidencial, el diputado Manouchehri en conjunto con diputadas y diputados de la Bancada PS se reunieron con el ministro de Hacienda, Mario Marcel, y con el subsecretario del Interior, Manuel Monsalve, para solicitar el incremento de recursos para combatir la delincuencia, narcotr\u00e1fico y crimen organizado en distintas zonas del pa\u00eds.<\/p>\n<p style=\"text-align: justify;\">\n","protected":false},"excerpt":{"rendered":"<p>Este jueves el Presidente Gabriel Boric anunci\u00f3 los ejes del proyecto de ley de Presupuesto 2023, el primero de su administraci\u00f3n. El mandatario anunci\u00f3 que la iniciativa contempla un aumento del gasto p\u00fablico en un 4,2%. El presidente de la Comisi\u00f3n de Econom\u00eda de la C\u00e1mara de Diputados, Daniel Manouchehri,<\/p>\n","protected":false},"author":1,"featured_media":2053,"comment_status":"closed","ping_status":"open","sticky":false,"template":"","format":"standard","meta":{"footnotes":""},"categories":[26],"tags":[],"class_list":["post-2051","post","type-post","status-publish","format-standard","has-post-thumbnail","hentry","category-camara-de-diputadas-y-diputados"],"_links":{"self":[{"href":"https:\/\/minutaregional.cl\/index.php?rest_route=\/wp\/v2\/posts\/2051","targetHints":{"allow":["GET"]}}],"collection":[{"href":"https:\/\/minutaregional.cl\/index.php?rest_route=\/wp\/v2\/posts"}],"about":[{"href":"https:\/\/minutaregional.cl\/index.php?rest_route=\/wp\/v2\/types\/post"}],"author":[{"embeddable":true,"href":"https:\/\/minutaregional.cl\/index.php?rest_route=\/wp\/v2\/users\/1"}],"replies":[{"embeddable":true,"href":"https:\/\/minutaregional.cl\/index.php?rest_route=%2Fwp%2Fv2%2Fcomments&post=2051"}],"version-history":[{"count":1,"href":"https:\/\/minutaregional.cl\/index.php?rest_route=\/wp\/v2\/posts\/2051\/revisions"}],"predecessor-version":[{"id":2052,"href":"https:\/\/minutaregional.cl\/index.php?rest_route=\/wp\/v2\/posts\/2051\/revisions\/2052"}],"wp:featuredmedia":[{"embeddable":true,"href":"https:\/\/minutaregional.cl\/index.php?rest_route=\/wp\/v2\/media\/2053"}],"wp:attachment":[{"href":"https:\/\/minutaregional.cl\/index.php?rest_route=%2Fwp%2Fv2%2Fmedia&parent=2051"}],"wp:term":[{"taxonomy":"category","embeddable":true,"href":"https:\/\/minutaregional.cl\/index.php?rest_route=%2Fwp%2Fv2%2Fcategories&post=2051"},{"taxonomy":"post_tag","embeddable":true,"href":"https:\/\/minutaregional.cl\/index.php?rest_route=%2Fwp%2Fv2%2Ftags&post=2051"}],"curies":[{"name":"wp","href":"https:\/\/api.w.org\/{rel}","templated":true}]}}