{"id":2042,"date":"2022-09-30T12:21:10","date_gmt":"2022-09-30T12:21:10","guid":{"rendered":"https:\/\/minutaregional.cl\/?p=2042"},"modified":"2022-09-30T12:21:10","modified_gmt":"2022-09-30T12:21:10","slug":"a-320-mascotas-se-le-aplico-la-vacuna-contra-la-rabia-en-la-region","status":"publish","type":"post","link":"https:\/\/minutaregional.cl\/?p=2042","title":{"rendered":"A 320 Mascotas se le Aplic\u00f3 la Vacuna Contra la Rabia en la Regi\u00f3n"},"content":{"rendered":"<audio class=\"wp-audio-shortcode\" id=\"audio-2042-1\" preload=\"none\" style=\"width: 100%;\" controls=\"controls\"><source type=\"audio\/mpeg\" src=\"https:\/\/minutaregional.cl\/wp-content\/uploads\/2022\/09\/Cuna-Seremi-de-Salud_porRabia-1.mp3?_=1\" \/><a href=\"https:\/\/minutaregional.cl\/wp-content\/uploads\/2022\/09\/Cuna-Seremi-de-Salud_porRabia-1.mp3\">https:\/\/minutaregional.cl\/wp-content\/uploads\/2022\/09\/Cuna-Seremi-de-Salud_porRabia-1.mp3<\/a><\/audio>\n<p>AUDIO 1 : \u00a0Seremi de Salud Coquimbo<\/p>\n<ul>\n<li style=\"text-align: justify;\"><strong>Refuerzan llamado a denunciar la presencia de murci\u00e9lagos ante la Autoridad Sanitaria. <\/strong><\/li>\n<\/ul>\n<p style=\"text-align: justify;\"><strong>\u00a0<\/strong>La Rabia es una enfermedad que es transmitida por un virus y que puede llegar a ser\u00a0\u00a0 mortal. Por esto, el 28 de septiembre, D\u00eda Mundial de esta enfermedad, desde la Seremi de Salud se reforz\u00f3 el llamado a la prevenci\u00f3n con distintos operativos de vacunaci\u00f3n de mascotas realizados en las comunas de La Serena, Salamanca, Ovalle y Coquimbo.<\/p>\n<p style=\"text-align: justify;\">\u201cEn el D\u00eda Mundial de la Rabia quisimos hacer distintos operativos de vacunaci\u00f3n a perros y gatos en conjunto con las Municipalidades. Si nuestros animales tienen enfermedades, nos pueden transmitir a nosotros como humanos, por esto, es importante la vacunaci\u00f3n. La Rabia es una enfermedad que es mortal, pero tenemos forma de prevenirla\u201d, se\u00f1al\u00f3 la Seremi de Salud, Paola Salas.<\/p>\n<p style=\"text-align: justify;\">En la regi\u00f3n de Coquimbo, hasta la fecha ya se han reportado 6 casos de murci\u00e9lagos con Rabia, 1 en Punitaqui, 3 en Illapel y 2 en Ovalle.<\/p>\n<p style=\"text-align: justify;\">En cuanto a la importancia de la vacunaci\u00f3n, Mauricio Neme, Fiscalizador y M\u00e9dico Veterinario de la Seremi de Salud explic\u00f3 \u201cHay colonias de murci\u00e9lagos que est\u00e1n protegidos por Ley y son reservorios de Rabia, por lo cual, si un perro o gato tienen contacto con ellos, y est\u00e1 positivo a Rabia, pueden contagiar la enfermedad\u201d, se\u00f1al\u00f3.<\/p>\n<p style=\"text-align: justify;\"><strong>\u00bfQu\u00e9 hacer si encuentro un murci\u00e9lago con el hogar?<\/strong><\/p>\n<p style=\"text-align: justify;\">La Seremi de Salud explic\u00f3 que en caso de encontrar un murci\u00e9lago al interior de la casa \u201cLo primero que debemos hacer es intentar no tocarlo, llamar a la Seremi de Salud, la Seremi tiene un tel\u00e9fono de emergencia, para llamar los fines de semana, el cual, es el +56 9 39499562 y de esta manera lo vamos a orientar\u201d. Puntualiz\u00f3.<\/p>\n<p style=\"text-align: justify;\">Adem\u00e1s, la Autoridad Sanitaria se\u00f1al\u00f3 que \u201cSi el murci\u00e9lago est\u00e1 muerto se puede poner en una caja o frasco con tapa para posteriormente trasladarlo a la Seremi de Salud correspondiente a su comuna\u201d.<\/p>\n<p style=\"text-align: justify;\"><strong><u>La Rabia:<\/u><\/strong><\/p>\n<p style=\"text-align: justify;\">Es una zoonosis viral, caracterizada por una encefalomielitis aguda, de una letalidad de un 100%, aun cuando se describen casos excepcionales de recuperaci\u00f3n. La transmisi\u00f3n es por la saliva del animal a trav\u00e9s de una mordedura o contacto con las mucosas o heridas. Los animales que transmiten la enfermedad\u00a0 son mam\u00edferos\u00a0 como: murci\u00e9lagos,\u00a0 perros\u00a0 zorros y\u00a0 gatos.<\/p>\n<p>&nbsp;<\/p>\n","protected":false},"excerpt":{"rendered":"<p>AUDIO 1 : \u00a0Seremi de Salud Coquimbo Refuerzan llamado a denunciar la presencia de murci\u00e9lagos ante la Autoridad Sanitaria. \u00a0La Rabia es una enfermedad que es transmitida por un virus y que puede llegar a ser\u00a0\u00a0 mortal. Por esto, el 28 de septiembre, D\u00eda Mundial de esta enfermedad, desde la<\/p>\n","protected":false},"author":1,"featured_media":2043,"comment_status":"closed","ping_status":"open","sticky":false,"template":"","format":"standard","meta":{"footnotes":""},"categories":[51,1],"tags":[],"class_list":["post-2042","post","type-post","status-publish","format-standard","has-post-thumbnail","hentry","category-seremisalud_coquimbo","category-noticias-regionales"],"_links":{"self":[{"href":"https:\/\/minutaregional.cl\/index.php?rest_route=\/wp\/v2\/posts\/2042","targetHints":{"allow":["GET"]}}],"collection":[{"href":"https:\/\/minutaregional.cl\/index.php?rest_route=\/wp\/v2\/posts"}],"about":[{"href":"https:\/\/minutaregional.cl\/index.php?rest_route=\/wp\/v2\/types\/post"}],"author":[{"embeddable":true,"href":"https:\/\/minutaregional.cl\/index.php?rest_route=\/wp\/v2\/users\/1"}],"replies":[{"embeddable":true,"href":"https:\/\/minutaregional.cl\/index.php?rest_route=%2Fwp%2Fv2%2Fcomments&post=2042"}],"version-history":[{"count":1,"href":"https:\/\/minutaregional.cl\/index.php?rest_route=\/wp\/v2\/posts\/2042\/revisions"}],"predecessor-version":[{"id":2046,"href":"https:\/\/minutaregional.cl\/index.php?rest_route=\/wp\/v2\/posts\/2042\/revisions\/2046"}],"wp:featuredmedia":[{"embeddable":true,"href":"https:\/\/minutaregional.cl\/index.php?rest_route=\/wp\/v2\/media\/2043"}],"wp:attachment":[{"href":"https:\/\/minutaregional.cl\/index.php?rest_route=%2Fwp%2Fv2%2Fmedia&parent=2042"}],"wp:term":[{"taxonomy":"category","embeddable":true,"href":"https:\/\/minutaregional.cl\/index.php?rest_route=%2Fwp%2Fv2%2Fcategories&post=2042"},{"taxonomy":"post_tag","embeddable":true,"href":"https:\/\/minutaregional.cl\/index.php?rest_route=%2Fwp%2Fv2%2Ftags&post=2042"}],"curies":[{"name":"wp","href":"https:\/\/api.w.org\/{rel}","templated":true}]}}