{"id":2030,"date":"2022-09-29T22:32:30","date_gmt":"2022-09-29T22:32:30","guid":{"rendered":"https:\/\/minutaregional.cl\/?p=2030"},"modified":"2022-09-29T22:32:30","modified_gmt":"2022-09-29T22:32:30","slug":"inauguracion-3-feria-feminista-del-libro-region-de-coquimbo","status":"publish","type":"post","link":"https:\/\/minutaregional.cl\/?p=2030","title":{"rendered":"INAUGURACI\u00d3N 3\u00b0 FERIA FEMINISTA DEL LIBRO REGI\u00d3N DE COQUIMBO"},"content":{"rendered":"<p style=\"text-align: justify;\">Con la presencia de escritoras invitadas, editoriales y autoridades regionales se dio el vamos a la primera jornada de la Tercera Feria Feminista del Libro de Coquimbo que se desarrolla en el Museo Arqueol\u00f3gico de La Serena este 29 y 30 de septiembre.<\/p>\n<p style=\"text-align: justify;\">Este evento que re\u00fane a importantes editoriales del pa\u00eds es organizado por la Red Feminista del Libro, regi\u00f3n de Coquimbo, quienes desde el a\u00f1o 2019 tienen como objetivo visibilizar, crear, estimular, promover y coordinar iniciativas destinadas al fomento del arte y la cultura con perspectiva de g\u00e9nero.<\/p>\n<p style=\"text-align: justify;\">Este a\u00f1o la Feria, que por primera vez se realiza de forma presencial, cuenta con una variada programaci\u00f3n y reunir\u00e1 a mujeres escritoras del pa\u00eds, editoras, acad\u00e9micas, investigadoras ligadas al ecosistema del libro y la lectura.<\/p>\n<p style=\"text-align: justify;\">Entre las invitadas est\u00e1n Daniela Catrileo, Angela Neira, Patricia Artes, Eugenia Brito, Magda Sep\u00falveda, desde el norte de nuestro pa\u00eds est\u00e1n presentes; Danitza Fuentealzar y Tatiana Mayerovich, de nuestra regi\u00f3n est\u00e1n participando; Nury Larco, Mary Colores y Claudia Hern\u00e1ndez; lectura y performance de los Viajeros del Mary Celeste, m\u00fasica en voz de Cecilia Moreira y animaci\u00f3n lectora con El Gato Bola\u00f1o ladr\u00f3n de cumplea\u00f1os son parte de esta nutrida programaci\u00f3n.<\/p>\n<p style=\"text-align: justify;\">El Museo Arqueol\u00f3gico abre sus puertas para recibir a las exponentes y a los editores de la regi\u00f3n, quienes est\u00e1n instalados en el sector de la fuente. Las editoriales Bordelibro, Letrarte, La Guillotina, Solid, Albricias, Taller Me Pego un Tiro y Mar Salado son algunas de las presentes, quienes atender\u00e1n desde las 10:30 hasta las 18:00 en sus stand.<\/p>\n<p style=\"text-align: justify;\">Es importante destacar que esta Tercera Feria Feminista del Libro es una actividad\u00a0 autogestionada en su mayor\u00eda y que cuenta\u00a0 con el auspicio de La SEREMIA de las Culturas , las Artes y el Patrimonio, Municipalidad de La Serena y el Museo Arqueol\u00f3gico de La Serena, adem\u00e1s de la importante colaboraci\u00f3n de Editoriales Coquimbo, Comisi\u00f3n de G\u00e9nero del Colegio de Periodistas de La Serena, la direcci\u00f3n de comunicaciones de la Universidad Central, Kai Kai dise\u00f1o cultural, Teatro Delirante, Centro Cultural Organ\u00edzate, Teatro del Viento, Tric\u00edpite\u00a0 \u00a0y Colectivo Feminista Patiperras.<\/p>\n<p>&nbsp;<\/p>\n","protected":false},"excerpt":{"rendered":"<p>Con la presencia de escritoras invitadas, editoriales y autoridades regionales se dio el vamos a la primera jornada de la Tercera Feria Feminista del Libro de Coquimbo que se desarrolla en el Museo Arqueol\u00f3gico de La Serena este 29 y 30 de septiembre. Este evento que re\u00fane a importantes editoriales<\/p>\n","protected":false},"author":1,"featured_media":2031,"comment_status":"closed","ping_status":"open","sticky":false,"template":"","format":"standard","meta":{"footnotes":""},"categories":[1],"tags":[],"class_list":["post-2030","post","type-post","status-publish","format-standard","has-post-thumbnail","hentry","category-noticias-regionales"],"_links":{"self":[{"href":"https:\/\/minutaregional.cl\/index.php?rest_route=\/wp\/v2\/posts\/2030","targetHints":{"allow":["GET"]}}],"collection":[{"href":"https:\/\/minutaregional.cl\/index.php?rest_route=\/wp\/v2\/posts"}],"about":[{"href":"https:\/\/minutaregional.cl\/index.php?rest_route=\/wp\/v2\/types\/post"}],"author":[{"embeddable":true,"href":"https:\/\/minutaregional.cl\/index.php?rest_route=\/wp\/v2\/users\/1"}],"replies":[{"embeddable":true,"href":"https:\/\/minutaregional.cl\/index.php?rest_route=%2Fwp%2Fv2%2Fcomments&post=2030"}],"version-history":[{"count":1,"href":"https:\/\/minutaregional.cl\/index.php?rest_route=\/wp\/v2\/posts\/2030\/revisions"}],"predecessor-version":[{"id":2032,"href":"https:\/\/minutaregional.cl\/index.php?rest_route=\/wp\/v2\/posts\/2030\/revisions\/2032"}],"wp:featuredmedia":[{"embeddable":true,"href":"https:\/\/minutaregional.cl\/index.php?rest_route=\/wp\/v2\/media\/2031"}],"wp:attachment":[{"href":"https:\/\/minutaregional.cl\/index.php?rest_route=%2Fwp%2Fv2%2Fmedia&parent=2030"}],"wp:term":[{"taxonomy":"category","embeddable":true,"href":"https:\/\/minutaregional.cl\/index.php?rest_route=%2Fwp%2Fv2%2Fcategories&post=2030"},{"taxonomy":"post_tag","embeddable":true,"href":"https:\/\/minutaregional.cl\/index.php?rest_route=%2Fwp%2Fv2%2Ftags&post=2030"}],"curies":[{"name":"wp","href":"https:\/\/api.w.org\/{rel}","templated":true}]}}