{"id":2025,"date":"2022-09-29T22:18:04","date_gmt":"2022-09-29T22:18:04","guid":{"rendered":"https:\/\/minutaregional.cl\/?p=2025"},"modified":"2022-09-29T22:18:04","modified_gmt":"2022-09-29T22:18:04","slug":"tras-anos-de-lucha-se-inaugura-la-plaza-deportiva-recreacional-barrio-mundo-nuevo-norte","status":"publish","type":"post","link":"https:\/\/minutaregional.cl\/?p=2025","title":{"rendered":"TRAS A\u00d1OS DE LUCHA SE INAUGURA LA PLAZA DEPORTIVA RECREACIONAL BARRIO MUNDO NUEVO NORTE"},"content":{"rendered":"<audio class=\"wp-audio-shortcode\" id=\"audio-2025-1\" preload=\"none\" style=\"width: 100%;\" controls=\"controls\"><source type=\"audio\/mpeg\" src=\"https:\/\/minutaregional.cl\/wp-content\/uploads\/2022\/09\/Cuna-Alcalde-Inauguracion-Mundo-Nuevo-Norte.mp3?_=1\" \/><a href=\"https:\/\/minutaregional.cl\/wp-content\/uploads\/2022\/09\/Cuna-Alcalde-Inauguracion-Mundo-Nuevo-Norte.mp3\">https:\/\/minutaregional.cl\/wp-content\/uploads\/2022\/09\/Cuna-Alcalde-Inauguracion-Mundo-Nuevo-Norte.mp3<\/a><\/audio>\n<p>AUDIO Cu\u00f1a Alcalde <span lang=\"es\" style=\"font-size: 12.0pt; line-height: 150%;\">Denis Cort\u00e9s Aguilera<\/span> &#8211; Inauguraci\u00f3n Mundo Nuevo Norte<\/p>\n<p class=\"normal\" style=\"text-align: justify; line-height: 150%;\"><span lang=\"es\" style=\"font-size: 12.0pt; line-height: 150%;\">Los vecinos del barrio Mundo Nuevo Norte de la ciudad de Illapel finalmente pueden disfrutar de las actividades deportivas y recreativas en un lugar seguro, sin correr riesgos en cuanto a la seguridad, lo que les permitir\u00e1 disfrutar de un espacio abierto tanto para actividad f\u00edsica como la recreaci\u00f3n en familia. Este proyecto que data del 2015, se ha dado por concretado con el actual gobierno y administraci\u00f3n municipal liderada por su alcalde Denis Cort\u00e9s Aguilera y los miembros del Concejo, con un final favorable para todos quienes viven en el sector.<\/span><\/p>\n<p class=\"normal\" style=\"text-align: justify; line-height: 150%;\"><span lang=\"es\" style=\"font-size: 12.0pt; line-height: 150%;\">\u00a0<\/span><span lang=\"es\" style=\"font-size: 12.0pt; line-height: 150%;\">La obra est\u00e1 dentro del proyecto \u201cSue\u00f1os de Barrio\u201d que busca recuperar lugares deportivos, incentivando la realizaci\u00f3n de actividad f\u00edsica en las diferentes comunidades, beneficiando as\u00ed distintas multicanchas de la comuna y el pa\u00eds. La iniciativa tuvo un costo de 225 millones de pesos, donde 173 millones fueron aportados por el Ministerio de Vivienda y Urbanismo y un monto cercano a los 53 millones por parte del municipio.<\/span><\/p>\n<p class=\"normal\" style=\"text-align: justify; line-height: 150%;\"><span lang=\"es\" style=\"font-size: 12.0pt; line-height: 150%;\">\u00a0<\/span><span lang=\"es\" style=\"font-size: 12.0pt; line-height: 150%;\">El Seremi de Vivienda, Jos\u00e9 Manuel Peralta, se mostr\u00f3 muy conforme con el resultado de este proyecto gracias al apoyo permanente de los vecinos, se\u00f1alando que \u201cfelicito a los vecinos, por la iniciativa, porque cuando uno ve este tipo de obras terminadas, esto es producto solamente de los bonitos sue\u00f1os que tienen los vecinos, y nosotros como gobierno, ponemos a disposici\u00f3n los recursos\u201c.<\/span><\/p>\n<p class=\"normal\" style=\"text-align: justify; line-height: 150%;\"><span lang=\"es\" style=\"font-size: 12.0pt; line-height: 150%;\">\u00a0<\/span><span lang=\"es\" style=\"font-size: 12.0pt; line-height: 150%;\">\u201cEstamos muy agradecidos, de verdad, porque si no hubiera sido con la ayuda del municipio, los concejales, los alcaldes, porque hablo tambi\u00e9n del alcalde que sali\u00f3 antes y del alcalde actual, esto no se hubiese podido llegar a un buen puerto, porque eran temas y problemas de dinero, gracias a Dios lo pudimos lograr y hoy d\u00eda coronamos esto tan lindo que est\u00e1bamos esperando\u201c, explic\u00f3 Isabel Mart\u00ednez, Presidenta de la Junta de Vecinos Mundo Nuevo Norte.<\/span><\/p>\n<p class=\"normal\" style=\"text-align: justify; line-height: 150%;\"><span lang=\"es\" style=\"font-size: 12.0pt; line-height: 150%;\">\u00a0<\/span><span lang=\"es\" style=\"font-size: 12.0pt; line-height: 150%;\">Finalmente, el alcalde de la comuna de Illapel, Denis Cort\u00e9s Aguilera, expres\u00f3 su entusiasmo por la inauguraci\u00f3n del recinto, incentivando el deporte recreacional en grandes y peque\u00f1os, destacando que \u201ces mucho m\u00e1s que una multicancha, porque ac\u00e1 van a poder permitir no s\u00f3lo hacer deporte, hacer actividades culturales, pero adem\u00e1s tener un mirador precioso como \u00e9ste, quienes a\u00fan no lo han conocido, vengan, y van a tener una mirada de todo Illapel, preciosa, linda, creo que cuando nos unimos las instituciones p\u00fablicas, el municipio y los vecinos, podemos hacer grandes cosas\u201c.<\/span><\/p>\n","protected":false},"excerpt":{"rendered":"<p>AUDIO Cu\u00f1a Alcalde Denis Cort\u00e9s Aguilera &#8211; Inauguraci\u00f3n Mundo Nuevo Norte Los vecinos del barrio Mundo Nuevo Norte de la ciudad de Illapel finalmente pueden disfrutar de las actividades deportivas y recreativas en un lugar seguro, sin correr riesgos en cuanto a la seguridad, lo que les permitir\u00e1 disfrutar de<\/p>\n","protected":false},"author":1,"featured_media":2027,"comment_status":"closed","ping_status":"open","sticky":false,"template":"","format":"standard","meta":{"footnotes":""},"categories":[22],"tags":[],"class_list":["post-2025","post","type-post","status-publish","format-standard","has-post-thumbnail","hentry","category-muni-illapel"],"_links":{"self":[{"href":"https:\/\/minutaregional.cl\/index.php?rest_route=\/wp\/v2\/posts\/2025","targetHints":{"allow":["GET"]}}],"collection":[{"href":"https:\/\/minutaregional.cl\/index.php?rest_route=\/wp\/v2\/posts"}],"about":[{"href":"https:\/\/minutaregional.cl\/index.php?rest_route=\/wp\/v2\/types\/post"}],"author":[{"embeddable":true,"href":"https:\/\/minutaregional.cl\/index.php?rest_route=\/wp\/v2\/users\/1"}],"replies":[{"embeddable":true,"href":"https:\/\/minutaregional.cl\/index.php?rest_route=%2Fwp%2Fv2%2Fcomments&post=2025"}],"version-history":[{"count":1,"href":"https:\/\/minutaregional.cl\/index.php?rest_route=\/wp\/v2\/posts\/2025\/revisions"}],"predecessor-version":[{"id":2029,"href":"https:\/\/minutaregional.cl\/index.php?rest_route=\/wp\/v2\/posts\/2025\/revisions\/2029"}],"wp:featuredmedia":[{"embeddable":true,"href":"https:\/\/minutaregional.cl\/index.php?rest_route=\/wp\/v2\/media\/2027"}],"wp:attachment":[{"href":"https:\/\/minutaregional.cl\/index.php?rest_route=%2Fwp%2Fv2%2Fmedia&parent=2025"}],"wp:term":[{"taxonomy":"category","embeddable":true,"href":"https:\/\/minutaregional.cl\/index.php?rest_route=%2Fwp%2Fv2%2Fcategories&post=2025"},{"taxonomy":"post_tag","embeddable":true,"href":"https:\/\/minutaregional.cl\/index.php?rest_route=%2Fwp%2Fv2%2Ftags&post=2025"}],"curies":[{"name":"wp","href":"https:\/\/api.w.org\/{rel}","templated":true}]}}