{"id":2016,"date":"2022-09-29T21:46:00","date_gmt":"2022-09-29T21:46:00","guid":{"rendered":"https:\/\/minutaregional.cl\/?p=2016"},"modified":"2022-09-29T21:59:12","modified_gmt":"2022-09-29T21:59:12","slug":"nuevo-consistorial-de-ovalle-culminaria-obras-para-inicio-de-2025","status":"publish","type":"post","link":"https:\/\/minutaregional.cl\/?p=2016","title":{"rendered":"Nuevo Consistorial de Ovalle Culminar\u00eda Obras para Inicio de 2025"},"content":{"rendered":"<audio class=\"wp-audio-shortcode\" id=\"audio-2016-1\" preload=\"none\" style=\"width: 100%;\" controls=\"controls\"><source type=\"audio\/mpeg\" src=\"https:\/\/minutaregional.cl\/wp-content\/uploads\/2022\/09\/CONSISTORIAL-Delegado-Presidencial-Regional-Ruben-Quezada.mp3?_=1\" \/><a href=\"https:\/\/minutaregional.cl\/wp-content\/uploads\/2022\/09\/CONSISTORIAL-Delegado-Presidencial-Regional-Ruben-Quezada.mp3\">https:\/\/minutaregional.cl\/wp-content\/uploads\/2022\/09\/CONSISTORIAL-Delegado-Presidencial-Regional-Ruben-Quezada.mp3<\/a><\/audio>\n<p>AUDIO CONSISTORIAL &#8211; Delegado Presidencial Regional Ruben Quezada<\/p>\n<audio class=\"wp-audio-shortcode\" id=\"audio-2016-2\" preload=\"none\" style=\"width: 100%;\" controls=\"controls\"><source type=\"audio\/mpeg\" src=\"https:\/\/minutaregional.cl\/wp-content\/uploads\/2022\/09\/CONSISTORIAL-Bernardo-Salinas-Jefe-Unidad-Regional-SUBDERE.mp3?_=2\" \/><a href=\"https:\/\/minutaregional.cl\/wp-content\/uploads\/2022\/09\/CONSISTORIAL-Bernardo-Salinas-Jefe-Unidad-Regional-SUBDERE.mp3\">https:\/\/minutaregional.cl\/wp-content\/uploads\/2022\/09\/CONSISTORIAL-Bernardo-Salinas-Jefe-Unidad-Regional-SUBDERE.mp3<\/a><\/audio>\n<p>AUDIO CONSISTORIAL &#8211; Bernardo Salinas Jefe Unidad Regional SUBDERE<\/p>\n<audio class=\"wp-audio-shortcode\" id=\"audio-2016-3\" preload=\"none\" style=\"width: 100%;\" controls=\"controls\"><source type=\"audio\/mpeg\" src=\"https:\/\/minutaregional.cl\/wp-content\/uploads\/2022\/09\/CONSISTORIAL-Krist-Naranjo-Gobernadora-Regional.mp3?_=3\" \/><a href=\"https:\/\/minutaregional.cl\/wp-content\/uploads\/2022\/09\/CONSISTORIAL-Krist-Naranjo-Gobernadora-Regional.mp3\">https:\/\/minutaregional.cl\/wp-content\/uploads\/2022\/09\/CONSISTORIAL-Krist-Naranjo-Gobernadora-Regional.mp3<\/a><\/audio>\n<p>AUDIO CONSISTORIAL &#8211; Krist Naranjo Gobernadora Regional<\/p>\n<ul>\n<li style=\"text-align: justify;\"><strong><em>El edificio permitir\u00e1 reunir a los diversos servicios municipales, mejorando la calidad de la atenci\u00f3n y elevando el est\u00e1ndar laboral y comodidad de sus funcionarios y funcionarias.<\/em><\/strong><\/li>\n<\/ul>\n<p style=\"text-align: justify;\">Durante estos d\u00edas ya es notorio el movimiento de m\u00e1quinas en calles Vicu\u00f1a Mackenna, Victoria y Libertad, en pleno centro de Ovalle.<\/p>\n<p style=\"text-align: justify;\">Y es que es parte de la construcci\u00f3n de lo que ser\u00e1 el nuevo edificio consistorial para la capital de Limar\u00ed, obra que representa una de las inversiones p\u00fablicas m\u00e1s grandes en esta ciudad.<\/p>\n<p style=\"text-align: justify;\">Margarita Olivares, Presidenta de la Asociaci\u00f3n de Funcionarios Municipales de Ovalle, manifest\u00f3 que <strong>\u00abes maravilloso. Desde el a\u00f1o 80 que nosotros so\u00f1amos con un lugar as\u00ed. Llega a cumplir el sue\u00f1o de los funcionarios y de la comunidad\u00bb<\/strong>.<\/p>\n<p style=\"text-align: justify;\">Un proyecto de largo aliento en el que tras diversas gestiones, entre el Gobierno, mediante la SUBDERE, el municipio y el Gobierno Regional, se pudo avanzar en la destinaci\u00f3n de recursos y construir una infraestructura.<\/p>\n<p style=\"text-align: justify;\">En este sentido, la Gobernadora Regional, Krist Naranjo, se\u00f1al\u00f3 que \u00a0<strong>\u00abcuando asumimos este nuevo Gobierno Regional establecimos un compromiso de descentralizaci\u00f3n y el alcalde nos plante\u00f3 este proyecto en carpeta. Con voluntad pudimos conjugar y sacar adelante este proyecto tan relevante para Ovalle y toda la provincia. Es un proyecto inmensamente necesario\u00bb<\/strong>.<\/p>\n<p style=\"text-align: justify;\">Fueron m\u00e1s de $21.500 millones de inversi\u00f3n, un 60% aportados por Subdere. De acuerdo a la planificaci\u00f3n, se estima el t\u00e9rmino de las obras para principios del 2025 y de esa manera reunir en un solo lugar los servicios municipales, dejando atr\u00e1s la dispersi\u00f3n de sus departamentos.<\/p>\n<p style=\"text-align: justify;\"><strong>\u00a0<\/strong><strong>\u00abCuando hay trabajo en equipo, se avanza. Son muchos los recursos que se invertir\u00e1n en empleo y en mejoras, en avances para la ciudadan\u00eda que tendr\u00e1 mejores accesos y los trabajadores y trabajadoras que tendr\u00e1n un espacio m\u00e1s digno para atender, en una regi\u00f3n que tendr\u00e1 un gran polo de desarrollo para la provincia, con el esp\u00edritu descentralizador que impulsamos como Gobierno del Presidente Gabriel Boric\u201d<\/strong>, destac\u00f3 el Delegado Presidencial Regional, Rub\u00e9n Quezada.<\/p>\n<p style=\"text-align: justify;\">Son 598 los funcionarios y funcionarias del municipio de Ovalle, los que anualmente realizan, al menos, unas 400 mil atenciones.<\/p>\n<p style=\"text-align: justify;\">Por eso es que el Alcalde Claudio Renter\u00eda valor\u00f3 la voluntad y compromisos de todos quienes fueron parte de la gesti\u00f3n para material una de las obras m\u00e1s emblem\u00e1ticas. <strong>\u00abTenemos un gran desaf\u00edo, a trav\u00e9s de una labor de inspecci\u00f3n para garantizar que los trabajos se hagan en los tiempos que correspondan. Creo que tendremos una buena alianza con la empresa constructora para hacer que se cumplan los plazos y tambi\u00e9n los compromisos con los trabajadores, todo lo que conlleva una obra de esta envergadura\u201d<\/strong>, acot\u00f3 el jefe comunal.<\/p>\n<p style=\"text-align: justify;\">En este sentido, tambi\u00e9n la Consejera Regional, Paola Cort\u00e9s, acot\u00f3 que <strong>\u00abpara el Consejo Regional es muy importante seguir apoyando estas obras que dignifican al funcionario (\u2026) adem\u00e1s, llega en un momento importante a ayudar a reactivar la econom\u00eda, tenemos una alta tasa de desempleo, as\u00ed que proyectos como este le hacen bien a la regi\u00f3n\u00bb<\/strong>.<\/p>\n<p style=\"text-align: justify;\"><strong>La nueva casa edilicia._<\/strong><\/p>\n<p style=\"text-align: justify;\">La iniciativa contempla la reutilizaci\u00f3n del edificio principal y de las dependencias que, actualmente, alberga al departamento de Educaci\u00f3n Municipal y el recinto donde se encuentra la Direcci\u00f3n de Obras Municipales.<\/p>\n<p style=\"text-align: justify;\">Se construir\u00e1 un edificio de 7 pisos, habilitado para un total de 650 funcionarios municipales, lo que se traduce en una intervenci\u00f3n de 14.130 metros cuadrados.<\/p>\n<p style=\"text-align: justify;\"><strong>\u00abAc\u00e1 se ha reflejado la justicia territorial. Queremos que todo el esto de la regi\u00f3n tambi\u00e9n tenga edificios de esta calidad, porque es necesario que los ciudadanos tengan las mismas condiciones. Por tanto, con todos los que tengan que tomar decisiones esperamos que otros municipios puedan aspirar a estas obras\u00bb<\/strong>, explic\u00f3 Bernardo Salinas, Jefe la de Unidad Regional de Subdere.<\/p>\n<p style=\"text-align: justify;\">La mayor inversi\u00f3n se realizar\u00e1 en el terreno municipal donde se ubicaba el sal\u00f3n auditorio. All\u00ed se levantar\u00e1 un nuevo edificio de dos vol\u00famenes y estacionamientos subterr\u00e1neos.<\/p>\n<p style=\"text-align: justify;\">Esta obra incluye el mejoramiento y construcci\u00f3n de oficinas, recintos complementarios de oficina como sala de reuni\u00f3n, sala de espera, oficina de atenci\u00f3n a p\u00fablico, m\u00f3dulo de atenci\u00f3n, hall acceso, nuevo sal\u00f3n auditorio con camarines, sala de sesiones, servicios higi\u00e9nicos p\u00fablicos, subsuelo estacionamiento, sala de archivos, bodegas, entre otros.<\/p>\n","protected":false},"excerpt":{"rendered":"<p>AUDIO CONSISTORIAL &#8211; Delegado Presidencial Regional Ruben Quezada AUDIO CONSISTORIAL &#8211; Bernardo Salinas Jefe Unidad Regional SUBDERE AUDIO CONSISTORIAL &#8211; Krist Naranjo Gobernadora Regional El edificio permitir\u00e1 reunir a los diversos servicios municipales, mejorando la calidad de la atenci\u00f3n y elevando el est\u00e1ndar laboral y comodidad de sus funcionarios y<\/p>\n","protected":false},"author":1,"featured_media":2017,"comment_status":"closed","ping_status":"open","sticky":false,"template":"","format":"standard","meta":{"footnotes":""},"categories":[36],"tags":[],"class_list":["post-2016","post","type-post","status-publish","format-standard","has-post-thumbnail","hentry","category-dppcoquimbo"],"_links":{"self":[{"href":"https:\/\/minutaregional.cl\/index.php?rest_route=\/wp\/v2\/posts\/2016","targetHints":{"allow":["GET"]}}],"collection":[{"href":"https:\/\/minutaregional.cl\/index.php?rest_route=\/wp\/v2\/posts"}],"about":[{"href":"https:\/\/minutaregional.cl\/index.php?rest_route=\/wp\/v2\/types\/post"}],"author":[{"embeddable":true,"href":"https:\/\/minutaregional.cl\/index.php?rest_route=\/wp\/v2\/users\/1"}],"replies":[{"embeddable":true,"href":"https:\/\/minutaregional.cl\/index.php?rest_route=%2Fwp%2Fv2%2Fcomments&post=2016"}],"version-history":[{"count":3,"href":"https:\/\/minutaregional.cl\/index.php?rest_route=\/wp\/v2\/posts\/2016\/revisions"}],"predecessor-version":[{"id":2024,"href":"https:\/\/minutaregional.cl\/index.php?rest_route=\/wp\/v2\/posts\/2016\/revisions\/2024"}],"wp:featuredmedia":[{"embeddable":true,"href":"https:\/\/minutaregional.cl\/index.php?rest_route=\/wp\/v2\/media\/2017"}],"wp:attachment":[{"href":"https:\/\/minutaregional.cl\/index.php?rest_route=%2Fwp%2Fv2%2Fmedia&parent=2016"}],"wp:term":[{"taxonomy":"category","embeddable":true,"href":"https:\/\/minutaregional.cl\/index.php?rest_route=%2Fwp%2Fv2%2Fcategories&post=2016"},{"taxonomy":"post_tag","embeddable":true,"href":"https:\/\/minutaregional.cl\/index.php?rest_route=%2Fwp%2Fv2%2Ftags&post=2016"}],"curies":[{"name":"wp","href":"https:\/\/api.w.org\/{rel}","templated":true}]}}