{"id":2010,"date":"2022-09-29T21:24:27","date_gmt":"2022-09-29T21:24:27","guid":{"rendered":"https:\/\/minutaregional.cl\/?p=2010"},"modified":"2022-09-29T21:39:00","modified_gmt":"2022-09-29T21:39:00","slug":"pdi-detiene-al-presunto-autor-del-crimen-de-un-automovilista-en-la-avenida-del-mar-de-la-serena","status":"publish","type":"post","link":"https:\/\/minutaregional.cl\/?p=2010","title":{"rendered":"PDI DETIENE AL PRESUNTO AUTOR DEL CRIMEN DE UN AUTOMOVILISTA EN LA AVENIDA DEL MAR DE LA SERENA"},"content":{"rendered":"<div style=\"width: 640px;\" class=\"wp-video\"><video class=\"wp-video-shortcode\" id=\"video-2010-1\" width=\"640\" height=\"360\" preload=\"metadata\" controls=\"controls\"><source type=\"video\/mp4\" src=\"https:\/\/minutaregional.cl\/wp-content\/uploads\/2022\/09\/audio-fiscal-avda-del-mar.mp4?_=1\" \/><a href=\"https:\/\/minutaregional.cl\/wp-content\/uploads\/2022\/09\/audio-fiscal-avda-del-mar.mp4\">https:\/\/minutaregional.cl\/wp-content\/uploads\/2022\/09\/audio-fiscal-avda-del-mar.mp4<\/a><\/video><\/div>\n<p>AUDIO : Fiscal<\/p>\n<p style=\"text-align: justify;\">Detectives de la Brigada de Homicidios individualizaron al imputado que habr\u00eda disparado desde una camioneta en contra del conductor de otro autom\u00f3vil, durante la madrugada del pasado 22 de agosto.<\/p>\n<p style=\"text-align: justify;\">Una violenta noche vivi\u00f3 la Avenida del Mar de La Serena, alrededor de las 01:30 hrs. de la ma\u00f1ana del lunes 22 de agosto pasado, cuando varios disparos alarman a los transe\u00fantes y residentes de esta zona costera, que dej\u00f3 un autom\u00f3vil con una serie de impactos de bala y el cad\u00e1ver de un hombre, en su interior.<\/p>\n<p style=\"text-align: justify;\">La investigaci\u00f3n fue encargada por la fiscal\u00eda a los detectives de la Brigada de Homicidios La Serena que, junto a peritos del Laboratorio de Criminal\u00edstica Regional, concurren a la altura del N\u00ba3500, estableciendo que los disparos fueron efectuados desde una camioneta en movimiento contra el conductor del autom\u00f3vil, chileno de 27 a\u00f1os de edad, que falleci\u00f3 en la Avenida del Mar.<\/p>\n<p style=\"text-align: justify;\"><strong>\u201cEl trabajo cient\u00edfico t\u00e9cnico realizado en el sitio del suceso, el levantamiento de evidencias y el an\u00e1lisis criminal que desarroll\u00f3 el personal de la PDI, en coordinaci\u00f3n con la fiscal\u00eda, finalmente permite establecer la criminodin\u00e1mica de los hechos, que ser\u00eda motivada por rencillas anteriores, individualizando al presunto autor de los disparos y mediante la inteligencia policial, proceder con la detenci\u00f3n del imputado en la v\u00eda p\u00fablica, en la comuna de Coquimbo\u201d<\/strong> se\u00f1al\u00f3 el Prefecto Carlos Albornoz, jefe de la Prefectura Provincial Elqui.<\/p>\n<p style=\"text-align: justify;\">El imputado es un chileno de 33 a\u00f1os que fue formalizado esta ma\u00f1ana y presenta antecedentes policiales al igual que la v\u00edctima<strong>. \u201cA ra\u00edz de los graves hechos se dispuso que la Brigada de Homicidios efectuara diligencias y los antecedentes recopilados permitieron solicitar una orden de detenci\u00f3n a uno de los principales involucrados, quien fue formalizado por homicidio y porte ilegal de arma de fuego\u201d, <\/strong>dijo el fiscal jefe de La Serena, Carlos Vidal.<\/p>\n<p style=\"text-align: justify;\">Los antecedentes de la investigaci\u00f3n indican que al menos 17 disparos fueron percutados en la Avenida del Mar, y uno impact\u00f3 en la cabeza de la v\u00edctima, sin salida de proyectil, y que adem\u00e1s manten\u00eda una pistola y una escopeta al interior del autom\u00f3vil.<\/p>\n<p style=\"text-align: justify;\">Con la autorizaci\u00f3n judicial de entrada y registro al domicilio del imputado, los detectives incautan un chaleco antibalas y otro accesorio de car\u00e1cter bal\u00edstico, para someterlos a los peritajes y al an\u00e1lisis del Laboratorio de Criminal\u00edstica Regional. Ante los antecedentes presentados por la Fiscal\u00eda, el Juzgado de Garant\u00eda de La Serena, orden\u00f3 la prisi\u00f3n preventiva y otorg\u00f3 un plazo de 90 d\u00edas para culminar las diligencias de investigaci\u00f3n.<\/p>\n<p style=\"text-align: justify;\"><strong>\u00a0<\/strong><\/p>\n<p>&nbsp;<\/p>\n","protected":false},"excerpt":{"rendered":"<p>AUDIO : Fiscal Detectives de la Brigada de Homicidios individualizaron al imputado que habr\u00eda disparado desde una camioneta en contra del conductor de otro autom\u00f3vil, durante la madrugada del pasado 22 de agosto. Una violenta noche vivi\u00f3 la Avenida del Mar de La Serena, alrededor de las 01:30 hrs. de<\/p>\n","protected":false},"author":1,"featured_media":2012,"comment_status":"closed","ping_status":"open","sticky":false,"template":"","format":"standard","meta":{"footnotes":""},"categories":[14],"tags":[],"class_list":["post-2010","post","type-post","status-publish","format-standard","has-post-thumbnail","hentry","category-pdi"],"_links":{"self":[{"href":"https:\/\/minutaregional.cl\/index.php?rest_route=\/wp\/v2\/posts\/2010","targetHints":{"allow":["GET"]}}],"collection":[{"href":"https:\/\/minutaregional.cl\/index.php?rest_route=\/wp\/v2\/posts"}],"about":[{"href":"https:\/\/minutaregional.cl\/index.php?rest_route=\/wp\/v2\/types\/post"}],"author":[{"embeddable":true,"href":"https:\/\/minutaregional.cl\/index.php?rest_route=\/wp\/v2\/users\/1"}],"replies":[{"embeddable":true,"href":"https:\/\/minutaregional.cl\/index.php?rest_route=%2Fwp%2Fv2%2Fcomments&post=2010"}],"version-history":[{"count":3,"href":"https:\/\/minutaregional.cl\/index.php?rest_route=\/wp\/v2\/posts\/2010\/revisions"}],"predecessor-version":[{"id":2015,"href":"https:\/\/minutaregional.cl\/index.php?rest_route=\/wp\/v2\/posts\/2010\/revisions\/2015"}],"wp:featuredmedia":[{"embeddable":true,"href":"https:\/\/minutaregional.cl\/index.php?rest_route=\/wp\/v2\/media\/2012"}],"wp:attachment":[{"href":"https:\/\/minutaregional.cl\/index.php?rest_route=%2Fwp%2Fv2%2Fmedia&parent=2010"}],"wp:term":[{"taxonomy":"category","embeddable":true,"href":"https:\/\/minutaregional.cl\/index.php?rest_route=%2Fwp%2Fv2%2Fcategories&post=2010"},{"taxonomy":"post_tag","embeddable":true,"href":"https:\/\/minutaregional.cl\/index.php?rest_route=%2Fwp%2Fv2%2Ftags&post=2010"}],"curies":[{"name":"wp","href":"https:\/\/api.w.org\/{rel}","templated":true}]}}