{"id":2007,"date":"2022-09-29T18:12:55","date_gmt":"2022-09-29T18:12:55","guid":{"rendered":"https:\/\/minutaregional.cl\/?p=2007"},"modified":"2022-09-29T18:12:55","modified_gmt":"2022-09-29T18:12:55","slug":"bienes-nacionales-fiscaliza-ocupaciones-ilegales-en-terrenos-fiscales-y-anuncia-acciones-para-recuperar-terrenos","status":"publish","type":"post","link":"https:\/\/minutaregional.cl\/?p=2007","title":{"rendered":"Bienes Nacionales Fiscaliza Ocupaciones Ilegales en Terrenos Fiscales y Anuncia Acciones Para Recuperar Terrenos"},"content":{"rendered":"<p style=\"text-align: justify;\"><em>El Seremi Marcelo Salazar se\u00f1al\u00f3 que existe una gran de demanda de bienes fiscales por parte de servicios p\u00fablicos y organizaciones sociales, por lo que la restituci\u00f3n de estos inmuebles es una prioridad.<\/em><\/p>\n<p style=\"text-align: justify;\"><strong>\u00a0<\/strong>Una nueva fiscalizaci\u00f3n a ocupaciones ilegales emplazadas en propiedad fiscal, realiz\u00f3 el Seremi de Bienes Nacionales Marcelo Salazar, en la localidad de Las Rojas y en la Varilla en Las Compa\u00f1\u00edas, en La Serena, ante las denuncias de vecinos del sector, quienes se\u00f1alan un aumento de esta problem\u00e1tica en los \u00faltimos a\u00f1os, durante la emergencia sanitaria.<\/p>\n<p style=\"text-align: justify;\">En sentido, el Seremi Marcelo Salazar explic\u00f3 que \u201clogramos verificar en terreno, en distintos sectores como Las Rojas, La Varilla, la problem\u00e1tica que tenemos asociada a la tomas de terrenos fiscales, en este momento estamos coordinando las acciones para dar soluci\u00f3n a esto, que por un lado perjudica la propiedad fiscal, en cuanto al uso ilegal de las ocupaciones y por otro lado incorpora una nueva variable, de vecinos que no son bienvenidos, especialmente en el sector de Las Rojas, donde ha aumentado la delincuencia y la sensaci\u00f3n de inseguridad. Por lo tanto vamos a trabajar de forma interministerial junto a Minvu, Mop y Delegaci\u00f3n Presidencial, para gestionar las acciones necesarias para ir solucionando cada uno de estos caso de tomas ilegales\u201d.<\/p>\n<p style=\"text-align: justify;\">La autoridad de Bienes Nacionales enfatiz\u00f3 que \u201ctenemos una gran demanda lo hemos constatado en estos pocos meses de Gobierno, existen muchos requerimientos de organizaciones sociales y de servicios p\u00fablicos. Estamos fiscalizando y levantando cuales son las necesidades y las ofertas que tenemos para mejorar la calidad de vida de las familias de la regi\u00f3n, tal como lo ha mandatado el Presidente Boric y la ministra Javiera Toro\u201d.<\/p>\n<p style=\"text-align: justify;\">Es importante destacar que menos del 1% del territorio de la regi\u00f3n de Coquimbo, es administrado por el ministerio de Bienes Nacionales, por tanto su buena administraci\u00f3n es fundamental para lograr llegar a todas las demandas de la ciudadan\u00eda.<\/p>\n<p>&nbsp;<\/p>\n","protected":false},"excerpt":{"rendered":"<p>El Seremi Marcelo Salazar se\u00f1al\u00f3 que existe una gran de demanda de bienes fiscales por parte de servicios p\u00fablicos y organizaciones sociales, por lo que la restituci\u00f3n de estos inmuebles es una prioridad. \u00a0Una nueva fiscalizaci\u00f3n a ocupaciones ilegales emplazadas en propiedad fiscal, realiz\u00f3 el Seremi de Bienes Nacionales Marcelo<\/p>\n","protected":false},"author":1,"featured_media":2008,"comment_status":"closed","ping_status":"open","sticky":false,"template":"","format":"standard","meta":{"footnotes":""},"categories":[48],"tags":[],"class_list":["post-2007","post","type-post","status-publish","format-standard","has-post-thumbnail","hentry","category-seremi-bines-nacionales"],"_links":{"self":[{"href":"https:\/\/minutaregional.cl\/index.php?rest_route=\/wp\/v2\/posts\/2007","targetHints":{"allow":["GET"]}}],"collection":[{"href":"https:\/\/minutaregional.cl\/index.php?rest_route=\/wp\/v2\/posts"}],"about":[{"href":"https:\/\/minutaregional.cl\/index.php?rest_route=\/wp\/v2\/types\/post"}],"author":[{"embeddable":true,"href":"https:\/\/minutaregional.cl\/index.php?rest_route=\/wp\/v2\/users\/1"}],"replies":[{"embeddable":true,"href":"https:\/\/minutaregional.cl\/index.php?rest_route=%2Fwp%2Fv2%2Fcomments&post=2007"}],"version-history":[{"count":1,"href":"https:\/\/minutaregional.cl\/index.php?rest_route=\/wp\/v2\/posts\/2007\/revisions"}],"predecessor-version":[{"id":2009,"href":"https:\/\/minutaregional.cl\/index.php?rest_route=\/wp\/v2\/posts\/2007\/revisions\/2009"}],"wp:featuredmedia":[{"embeddable":true,"href":"https:\/\/minutaregional.cl\/index.php?rest_route=\/wp\/v2\/media\/2008"}],"wp:attachment":[{"href":"https:\/\/minutaregional.cl\/index.php?rest_route=%2Fwp%2Fv2%2Fmedia&parent=2007"}],"wp:term":[{"taxonomy":"category","embeddable":true,"href":"https:\/\/minutaregional.cl\/index.php?rest_route=%2Fwp%2Fv2%2Fcategories&post=2007"},{"taxonomy":"post_tag","embeddable":true,"href":"https:\/\/minutaregional.cl\/index.php?rest_route=%2Fwp%2Fv2%2Ftags&post=2007"}],"curies":[{"name":"wp","href":"https:\/\/api.w.org\/{rel}","templated":true}]}}