{"id":2000,"date":"2022-09-29T17:58:51","date_gmt":"2022-09-29T17:58:51","guid":{"rendered":"https:\/\/minutaregional.cl\/?p=2000"},"modified":"2022-09-29T18:07:29","modified_gmt":"2022-09-29T18:07:29","slug":"diputado-manouchehri-le-pedimos-al-gobierno-que-este-sea-un-presupuesto-historico-en-seguridad","status":"publish","type":"post","link":"https:\/\/minutaregional.cl\/?p=2000","title":{"rendered":"Diputado Manouchehri: \u201cLe pedimos al Gobierno que este sea un presupuesto hist\u00f3rico en seguridad\u201d"},"content":{"rendered":"<audio class=\"wp-audio-shortcode\" id=\"audio-2000-1\" preload=\"none\" style=\"width: 100%;\" controls=\"controls\"><source type=\"audio\/mpeg\" src=\"https:\/\/minutaregional.cl\/wp-content\/uploads\/2022\/09\/CUNA-D-Manouchehri-sobre-reuniones-con-Marcel-Y-Monsalve-29sep22.mp3?_=1\" \/><a href=\"https:\/\/minutaregional.cl\/wp-content\/uploads\/2022\/09\/CUNA-D-Manouchehri-sobre-reuniones-con-Marcel-Y-Monsalve-29sep22.mp3\">https:\/\/minutaregional.cl\/wp-content\/uploads\/2022\/09\/CUNA-D-Manouchehri-sobre-reuniones-con-Marcel-Y-Monsalve-29sep22.mp3<\/a><\/audio>\n<p>AUDIO : [CU\u00d1A] D Manouchehri sobre reuniones con Marcel Y Monsalve (29sep22)<\/p>\n<p style=\"text-align: justify;\">La Bancada de Diputadas y Diputados del Partido Socialista se reuni\u00f3 con el ministro de Hacienda, Mario Marcel, y con el subsecretario del Interior, Manuel Monsalve, para solicitar el incremento de recursos para combatir la delincuencia, narcotr\u00e1fico y crimen organizado en distintas zonas del pa\u00eds.<\/p>\n<p style=\"text-align: justify;\">El diputado de la Regi\u00f3n de Coquimbo, Daniel Manouchehri, estuvo presente y solicit\u00f3 en la instancia que los recursos a destinar para la regi\u00f3n en 2023 est\u00e9n enfocados especialmente en seguridad.<\/p>\n<p style=\"text-align: justify;\">\u201cHemos venido hasta el Palacio de La Moneda para gestionar que el pr\u00f3ximo presupuesto de la naci\u00f3n incluya un \u00e9nfasis hist\u00f3rico en materia de seguridad ciudadana. Nos hemos reunido con el ministro Marcel y con el subsecretario Monsalve, para solicitarles que en el pr\u00f3ximo presupuesto de la Naci\u00f3n se incluya una glosa hist\u00f3rica para poder comprar veh\u00edculos de seguridad, c\u00e1maras de seguridad, y poder potenciar el trabajo de las polic\u00edas en la lucha en contra del crimen organizado. Vamos a trabajar en esa l\u00ednea\u201d, indic\u00f3 Manouchehri.<\/p>\n<p style=\"text-align: justify;\">Asimismo, en las \u00faltimas semanas el legislador tambi\u00e9n se reuni\u00f3 con el subsecretario de Prevenci\u00f3n del Delito, Eduardo Vergara, para coordinar acciones y recursos para mejorar la seguridad para los habitantes de la Regi\u00f3n de Coquimbo.<\/p>\n<p>&nbsp;<\/p>\n","protected":false},"excerpt":{"rendered":"<p>AUDIO : [CU\u00d1A] D Manouchehri sobre reuniones con Marcel Y Monsalve (29sep22) La Bancada de Diputadas y Diputados del Partido Socialista se reuni\u00f3 con el ministro de Hacienda, Mario Marcel, y con el subsecretario del Interior, Manuel Monsalve, para solicitar el incremento de recursos para combatir la delincuencia, narcotr\u00e1fico y<\/p>\n","protected":false},"author":1,"featured_media":2001,"comment_status":"closed","ping_status":"open","sticky":false,"template":"","format":"standard","meta":{"footnotes":""},"categories":[26],"tags":[],"class_list":["post-2000","post","type-post","status-publish","format-standard","has-post-thumbnail","hentry","category-camara-de-diputadas-y-diputados"],"_links":{"self":[{"href":"https:\/\/minutaregional.cl\/index.php?rest_route=\/wp\/v2\/posts\/2000","targetHints":{"allow":["GET"]}}],"collection":[{"href":"https:\/\/minutaregional.cl\/index.php?rest_route=\/wp\/v2\/posts"}],"about":[{"href":"https:\/\/minutaregional.cl\/index.php?rest_route=\/wp\/v2\/types\/post"}],"author":[{"embeddable":true,"href":"https:\/\/minutaregional.cl\/index.php?rest_route=\/wp\/v2\/users\/1"}],"replies":[{"embeddable":true,"href":"https:\/\/minutaregional.cl\/index.php?rest_route=%2Fwp%2Fv2%2Fcomments&post=2000"}],"version-history":[{"count":4,"href":"https:\/\/minutaregional.cl\/index.php?rest_route=\/wp\/v2\/posts\/2000\/revisions"}],"predecessor-version":[{"id":2006,"href":"https:\/\/minutaregional.cl\/index.php?rest_route=\/wp\/v2\/posts\/2000\/revisions\/2006"}],"wp:featuredmedia":[{"embeddable":true,"href":"https:\/\/minutaregional.cl\/index.php?rest_route=\/wp\/v2\/media\/2001"}],"wp:attachment":[{"href":"https:\/\/minutaregional.cl\/index.php?rest_route=%2Fwp%2Fv2%2Fmedia&parent=2000"}],"wp:term":[{"taxonomy":"category","embeddable":true,"href":"https:\/\/minutaregional.cl\/index.php?rest_route=%2Fwp%2Fv2%2Fcategories&post=2000"},{"taxonomy":"post_tag","embeddable":true,"href":"https:\/\/minutaregional.cl\/index.php?rest_route=%2Fwp%2Fv2%2Ftags&post=2000"}],"curies":[{"name":"wp","href":"https:\/\/api.w.org\/{rel}","templated":true}]}}