{"id":1990,"date":"2022-09-29T16:00:33","date_gmt":"2022-09-29T16:00:33","guid":{"rendered":"https:\/\/minutaregional.cl\/?p=1990"},"modified":"2022-09-29T16:04:27","modified_gmt":"2022-09-29T16:04:27","slug":"pasarela-piedra-del-indio-por-cuarta-vez-el-alcalde-de-coyhaique-pide-a-autoridades-encargadas-dar-solucion","status":"publish","type":"post","link":"https:\/\/minutaregional.cl\/?p=1990","title":{"rendered":"PASARELA PIEDRA DEL INDIO: POR CUARTA VEZ EL ALCALDE DE COYHAIQUE PIDE A AUTORIDADES ENCARGADAS DAR SOLUCI\u00d3N"},"content":{"rendered":"<audio class=\"wp-audio-shortcode\" id=\"audio-1990-1\" preload=\"none\" style=\"width: 100%;\" controls=\"controls\"><source type=\"audio\/mpeg\" src=\"https:\/\/minutaregional.cl\/wp-content\/uploads\/2022\/09\/CUNA-CARLOS-GATICA-PUENTE.mp3?_=1\" \/><a href=\"https:\/\/minutaregional.cl\/wp-content\/uploads\/2022\/09\/CUNA-CARLOS-GATICA-PUENTE.mp3\">https:\/\/minutaregional.cl\/wp-content\/uploads\/2022\/09\/CUNA-CARLOS-GATICA-PUENTE.mp3<\/a><\/audio>\n<p>AUDIO : <strong><em>Carlos Gatica, Alcalde de Coyhaique<\/em><\/strong><\/p>\n<ul>\n<li style=\"text-align: justify;\"><strong><em>\u201cSi la seremi de Vivienda cerr\u00f3 la Pasarela Piedra del Indio, ellos mismos tienen que proponer soluciones para habilitar el paso de veh\u00edculos o generar otra v\u00eda que conecte el sector del Claro con Coyhaique urbano\u201d, Carlos Gatica, alcalde de Coyhaique. <\/em><\/strong><\/li>\n<\/ul>\n<p style=\"text-align: justify;\">Han pasado dos a\u00f1os y la Pasarela Piedra del Indio, sigue estando cerrada para paso vehicular, una problem\u00e1tica que el alcalde de Coyhaique, ha venido informando a trav\u00e9s de los medios de comunicaci\u00f3n de la regi\u00f3n, a petici\u00f3n de los vecinos y vecinas del sector El Claro, quienes se han visto perjudicados por los atochamientos que se producen en la v\u00eda, en las horas puntas, y el retraso que esto les ocasiona para llegar a sus lugares de trabajo o casa.<\/p>\n<p style=\"text-align: justify;\">Por lo anterior, y por cuarta vez, la m\u00e1xima autoridad comunal de la regi\u00f3n de Ays\u00e9n, hizo de nuevo un llamado a las autoridades competentes a buscar soluciones que permitan mejorar la conectividad en ese sector de la comuna.<\/p>\n<p style=\"text-align: justify;\">\u201cEntendemos las necesidades y el por qu\u00e9 el Seremi en su entonces cerro la pasarela, pero lo que no puede pasar es que no existan soluciones que mitiguen el impacto negativo que ha producido a las familias del sector El Claro, y es por eso que el llamado es a las instituciones, en este caso la seremi de Vivienda y Urbanismo, quien fue part\u00edcipe de haber cortado la pasarela, a que pueda\u00a0 proponer soluciones\u201d, expres\u00f3 Gatica.<\/p>\n<p style=\"text-align: justify;\">Cabe mencionar que las personas que residen en el Claro, se ven en la obligaci\u00f3n de transitar por el Puente Mundaca, la \u00fanica v\u00eda de acceso por la cual se pueden llegar a este sector de la ciudad.<\/p>\n<p style=\"text-align: justify;\">El edil agreg\u00f3 que desde su administraci\u00f3n, se han hecho varios llamados a las autoridades encargadas a trabajar en una pronta soluci\u00f3n que permita descongestionar el tr\u00e1nsito en ese sector.<\/p>\n<p style=\"text-align: justify;\">\u201cNosotros como municipio hemos gestionado; fuimos a hablar con el Subsecretario de Obras P\u00fablicas, a quien le pedimos un puente mecano con el prop\u00f3sito de generar una soluci\u00f3n de emergencia ante la contingencia que est\u00e1 sucediendo, adem\u00e1s estuvimos reunidos con la Seremi y el Delegado Presidencial, para que precisamente hoy d\u00eda podamos tener una respuesta a los vecinos y vecinas afectadas\u201d, mencion\u00f3 Gatica.<\/p>\n<p style=\"text-align: justify;\">Recordemos que la pasarela fue cerrada el 10 de septiembre de 2020, seg\u00fan los expertos y los encargados del mismo, por el quiebre en uno de sus pernos, m\u00e1s un informe del Ministerio de Obras P\u00fablicas, el cual determin\u00f3 el fin de su vida \u00fatil, dej\u00e1ndolo solo para uso peatonal.<\/p>\n<p style=\"text-align: justify;\">\u201cNo vemos una cierta proactividad por parte de las instituciones responsables de proponer una soluci\u00f3n a la problem\u00e1tica que ellos mismos vieron y enfrentaron con el cierre de la vida del indio\u201d, se\u00f1al\u00f3 el edil de la capital regional.<\/p>\n<p style=\"text-align: justify;\">\u201cSi la seremi de Vivienda cerr\u00f3 la Pasarela Piedra del Indio, ellos mismos tiene que proponer soluciones para habilitar el paso de veh\u00edculos o generar otra v\u00eda que conecte el sector del Claro con Coyhaique Urbano, aqu\u00ed el llamado es brindar una soluci\u00f3n r\u00e1pida a este problema\u201d, indic\u00f3 el alcalde de la Ilustre Municipalidad de Coyhaique.<\/p>\n<p style=\"text-align: justify;\">Por \u00faltimo, la m\u00e1xima autoridad comunal envi\u00f3 una carta al seremi de Obras P\u00fablicas, regi\u00f3n de Ays\u00e9n, solicitando el informe del estudio realizado por la Pasarela Piedra del Indio, en donde se se\u00f1ala el mal estado de este y su cierre por considerarse un peligro para los conductores.<\/p>\n","protected":false},"excerpt":{"rendered":"<p>AUDIO : Carlos Gatica, Alcalde de Coyhaique \u201cSi la seremi de Vivienda cerr\u00f3 la Pasarela Piedra del Indio, ellos mismos tienen que proponer soluciones para habilitar el paso de veh\u00edculos o generar otra v\u00eda que conecte el sector del Claro con Coyhaique urbano\u201d, Carlos Gatica, alcalde de Coyhaique. Han pasado<\/p>\n","protected":false},"author":1,"featured_media":1991,"comment_status":"closed","ping_status":"open","sticky":false,"template":"","format":"standard","meta":{"footnotes":""},"categories":[21,1],"tags":[],"class_list":["post-1990","post","type-post","status-publish","format-standard","has-post-thumbnail","hentry","category-municipalidades","category-noticias-regionales"],"_links":{"self":[{"href":"https:\/\/minutaregional.cl\/index.php?rest_route=\/wp\/v2\/posts\/1990","targetHints":{"allow":["GET"]}}],"collection":[{"href":"https:\/\/minutaregional.cl\/index.php?rest_route=\/wp\/v2\/posts"}],"about":[{"href":"https:\/\/minutaregional.cl\/index.php?rest_route=\/wp\/v2\/types\/post"}],"author":[{"embeddable":true,"href":"https:\/\/minutaregional.cl\/index.php?rest_route=\/wp\/v2\/users\/1"}],"replies":[{"embeddable":true,"href":"https:\/\/minutaregional.cl\/index.php?rest_route=%2Fwp%2Fv2%2Fcomments&post=1990"}],"version-history":[{"count":3,"href":"https:\/\/minutaregional.cl\/index.php?rest_route=\/wp\/v2\/posts\/1990\/revisions"}],"predecessor-version":[{"id":1995,"href":"https:\/\/minutaregional.cl\/index.php?rest_route=\/wp\/v2\/posts\/1990\/revisions\/1995"}],"wp:featuredmedia":[{"embeddable":true,"href":"https:\/\/minutaregional.cl\/index.php?rest_route=\/wp\/v2\/media\/1991"}],"wp:attachment":[{"href":"https:\/\/minutaregional.cl\/index.php?rest_route=%2Fwp%2Fv2%2Fmedia&parent=1990"}],"wp:term":[{"taxonomy":"category","embeddable":true,"href":"https:\/\/minutaregional.cl\/index.php?rest_route=%2Fwp%2Fv2%2Fcategories&post=1990"},{"taxonomy":"post_tag","embeddable":true,"href":"https:\/\/minutaregional.cl\/index.php?rest_route=%2Fwp%2Fv2%2Ftags&post=1990"}],"curies":[{"name":"wp","href":"https:\/\/api.w.org\/{rel}","templated":true}]}}