{"id":1988,"date":"2022-09-29T15:27:52","date_gmt":"2022-09-29T15:27:52","guid":{"rendered":"https:\/\/minutaregional.cl\/?p=1988"},"modified":"2022-09-29T15:28:42","modified_gmt":"2022-09-29T15:28:42","slug":"camara-de-diputados-aprueba-proyecto-que-solicita-dar-urgencia-al-chao-dicom-para-que-no-duerma-en-el-senado","status":"publish","type":"post","link":"https:\/\/minutaregional.cl\/?p=1988","title":{"rendered":"C\u00e1mara de Diputados Aprueba Proyecto que Solicita dar Urgencia al \u201cChao Dicom\u201d para que \u201cNo Duerma en el Senado\u201d"},"content":{"rendered":"<p style=\"text-align: justify;\">La Sala de la C\u00e1mara de Diputadas y Diputadas aprob\u00f3 el proyecto de resoluci\u00f3n que solicita al Ejecutivo poner urgencia a la discusi\u00f3n del \u201cChao Dicom\u201d en el Senado.<\/p>\n<p style=\"text-align: justify;\">Su autor, el presidente de la Comisi\u00f3n de Econom\u00eda Daniel Manouchehri, valor\u00f3 la aprobaci\u00f3n del acuerdo por parte de la Corporaci\u00f3n. \u201cQueremos valorar la aprobaci\u00f3n por parte de la C\u00e1mara de Diputados a un proyecto de resoluci\u00f3n que solicita al Ejecutivo que se le ponga urgencia al \u2018Chao Dicom\u2019. El \u2018Chao Dicom\u2019 fue aprobado por una amplia y transversal mayor\u00eda en la C\u00e1mara de Diputados hace m\u00e1s de un mes y duerme hoy d\u00eda en el Senado\u201d, destac\u00f3.<\/p>\n<p style=\"text-align: justify;\">En esa l\u00ednea, el legislador de la Regi\u00f3n de Coquimbo apunt\u00f3 a que el Ejecutivo reciba el acuerdo de resoluci\u00f3n de la C\u00e1mara \u201cpara que le puedan poner urgencia al \u2018Chao Dicom\u2019, porque hoy d\u00eda la gente necesita que este proyecto pueda salir r\u00e1pidamente\u201d.<\/p>\n<p style=\"text-align: justify;\">La iniciativa busca establecer la prohibici\u00f3n de proporcionar informaci\u00f3n sobre deudas exigibles desde el 18 de octubre de 2019 al 31 de mayo de 2022, por parte de los responsables de los registros de datos, como las instituciones financieras, bancarias o comerciales. El beneficio es para un total adeudado inferior a los 2,5 millones de pesos, excluyendo intereses o reajustes.<\/p>\n<p style=\"text-align: justify;\">Como tal, el \u201cChao Dicom\u201d est\u00e1 orientado a hacerse cargo del problema de endeudamiento en que incurrieron miles de ciudadanos, familias y Pymes, a ra\u00edz del estallido social, la pandemia por Covid-19 y la recesi\u00f3n econ\u00f3mica mundial.<\/p>\n<p style=\"text-align: justify;\">La solicitud fue aprobada por 120 votos a favor y 4 en contra. Sumado al diputado Manouchehri, el proyecto de acuerdo fue presentado transversalmente por las diputadas Ana Mar\u00eda Bravo y Daniella Cicardini del PS, Sof\u00eda Cid (RN) y Javiera Morales (Ind-CS); y los diputados Daniel Melo (PS), Joaqu\u00edn Lav\u00edn Le\u00f3n (UDI), Alejandro Bernales (PL), Tom\u00e1s Lagomarsino (PR) y Miguel Mellado (RN).<\/p>\n","protected":false},"excerpt":{"rendered":"<p>La Sala de la C\u00e1mara de Diputadas y Diputadas aprob\u00f3 el proyecto de resoluci\u00f3n que solicita al Ejecutivo poner urgencia a la discusi\u00f3n del \u201cChao Dicom\u201d en el Senado. Su autor, el presidente de la Comisi\u00f3n de Econom\u00eda Daniel Manouchehri, valor\u00f3 la aprobaci\u00f3n del acuerdo por parte de la Corporaci\u00f3n.<\/p>\n","protected":false},"author":1,"featured_media":1685,"comment_status":"closed","ping_status":"open","sticky":false,"template":"","format":"standard","meta":{"footnotes":""},"categories":[26],"tags":[],"class_list":["post-1988","post","type-post","status-publish","format-standard","has-post-thumbnail","hentry","category-camara-de-diputadas-y-diputados"],"_links":{"self":[{"href":"https:\/\/minutaregional.cl\/index.php?rest_route=\/wp\/v2\/posts\/1988","targetHints":{"allow":["GET"]}}],"collection":[{"href":"https:\/\/minutaregional.cl\/index.php?rest_route=\/wp\/v2\/posts"}],"about":[{"href":"https:\/\/minutaregional.cl\/index.php?rest_route=\/wp\/v2\/types\/post"}],"author":[{"embeddable":true,"href":"https:\/\/minutaregional.cl\/index.php?rest_route=\/wp\/v2\/users\/1"}],"replies":[{"embeddable":true,"href":"https:\/\/minutaregional.cl\/index.php?rest_route=%2Fwp%2Fv2%2Fcomments&post=1988"}],"version-history":[{"count":1,"href":"https:\/\/minutaregional.cl\/index.php?rest_route=\/wp\/v2\/posts\/1988\/revisions"}],"predecessor-version":[{"id":1989,"href":"https:\/\/minutaregional.cl\/index.php?rest_route=\/wp\/v2\/posts\/1988\/revisions\/1989"}],"wp:featuredmedia":[{"embeddable":true,"href":"https:\/\/minutaregional.cl\/index.php?rest_route=\/wp\/v2\/media\/1685"}],"wp:attachment":[{"href":"https:\/\/minutaregional.cl\/index.php?rest_route=%2Fwp%2Fv2%2Fmedia&parent=1988"}],"wp:term":[{"taxonomy":"category","embeddable":true,"href":"https:\/\/minutaregional.cl\/index.php?rest_route=%2Fwp%2Fv2%2Fcategories&post=1988"},{"taxonomy":"post_tag","embeddable":true,"href":"https:\/\/minutaregional.cl\/index.php?rest_route=%2Fwp%2Fv2%2Ftags&post=1988"}],"curies":[{"name":"wp","href":"https:\/\/api.w.org\/{rel}","templated":true}]}}