{"id":1982,"date":"2022-09-29T14:44:44","date_gmt":"2022-09-29T14:44:44","guid":{"rendered":"https:\/\/minutaregional.cl\/?p=1982"},"modified":"2022-09-29T15:15:27","modified_gmt":"2022-09-29T15:15:27","slug":"diputados-presentan-proyecto-de-resolucion-para-que-camara-condene-la-violencia-en-contra-de-las-mujeres-en-iran","status":"publish","type":"post","link":"https:\/\/minutaregional.cl\/?p=1982","title":{"rendered":"Diputados Presentan Proyecto de Resoluci\u00f3n Para Que C\u00e1mara Condene la Violencia en Contra de las Mujeres en Ir\u00e1n"},"content":{"rendered":"<p><a href=\"https:\/\/minutaregional.cl\/wp-content\/uploads\/2022\/09\/Proyecto-Mujeres-Iran.pdf\">Proyecto Mujeres Iran<\/a><\/p>\n<p style=\"text-align: justify;\">El diputado socialista Daniel Manouchehri anunci\u00f3 la presentaci\u00f3n de un proyecto de resoluci\u00f3n con el fin de que la C\u00e1mara de Diputados condene la violencia en contra de las mujeres en Ir\u00e1n.<\/p>\n<p style=\"text-align: justify;\">\u00abEsperamos pueda ser puesto en tabla prontamente, en donde esperamos que la C\u00e1mara de Diputados pueda condenar en\u00e9rgicamente la violencia en contra de las mujeres en Ir\u00e1n\u00bb, sostuvo el parlamentario de ascendencia iran\u00ed.<\/p>\n<p style=\"text-align: justify;\">Junto al legislador de la Regi\u00f3n de Coquimbo, el proyecto de resoluci\u00f3n es suscrito por un grupo transversal de parlamentarios. Firman las diputadas Ana Mar\u00eda Bravo y Daniella Cicardini del PS, Marisela Santib\u00e1\u00f1ez (PC), Johanna P\u00e9rez (DC), Mar\u00eda Luisa Cordero (Ind-Chile Vamos), Erika Olivera (RN) y Javiera Morales (Ind-CS); y los diputados Daniel Melo y Leonardo Soto del PS.<\/p>\n<p style=\"text-align: justify;\">\u00abCreemos que es importante enviar una se\u00f1al internacional, de parte de la C\u00e1mara de Diputados de Chile, de que no vamos a respaldar y vamos a rechazar la violencia contra las mujeres en cualquier lugar del planeta\u00bb, concluy\u00f3.<\/p>\n<p>&nbsp;<\/p>\n","protected":false},"excerpt":{"rendered":"<p>Proyecto Mujeres Iran El diputado socialista Daniel Manouchehri anunci\u00f3 la presentaci\u00f3n de un proyecto de resoluci\u00f3n con el fin de que la C\u00e1mara de Diputados condene la violencia en contra de las mujeres en Ir\u00e1n. \u00abEsperamos pueda ser puesto en tabla prontamente, en donde esperamos que la C\u00e1mara de Diputados<\/p>\n","protected":false},"author":1,"featured_media":1983,"comment_status":"closed","ping_status":"open","sticky":false,"template":"","format":"standard","meta":{"footnotes":""},"categories":[26],"tags":[],"class_list":["post-1982","post","type-post","status-publish","format-standard","has-post-thumbnail","hentry","category-camara-de-diputadas-y-diputados"],"_links":{"self":[{"href":"https:\/\/minutaregional.cl\/index.php?rest_route=\/wp\/v2\/posts\/1982","targetHints":{"allow":["GET"]}}],"collection":[{"href":"https:\/\/minutaregional.cl\/index.php?rest_route=\/wp\/v2\/posts"}],"about":[{"href":"https:\/\/minutaregional.cl\/index.php?rest_route=\/wp\/v2\/types\/post"}],"author":[{"embeddable":true,"href":"https:\/\/minutaregional.cl\/index.php?rest_route=\/wp\/v2\/users\/1"}],"replies":[{"embeddable":true,"href":"https:\/\/minutaregional.cl\/index.php?rest_route=%2Fwp%2Fv2%2Fcomments&post=1982"}],"version-history":[{"count":2,"href":"https:\/\/minutaregional.cl\/index.php?rest_route=\/wp\/v2\/posts\/1982\/revisions"}],"predecessor-version":[{"id":1987,"href":"https:\/\/minutaregional.cl\/index.php?rest_route=\/wp\/v2\/posts\/1982\/revisions\/1987"}],"wp:featuredmedia":[{"embeddable":true,"href":"https:\/\/minutaregional.cl\/index.php?rest_route=\/wp\/v2\/media\/1983"}],"wp:attachment":[{"href":"https:\/\/minutaregional.cl\/index.php?rest_route=%2Fwp%2Fv2%2Fmedia&parent=1982"}],"wp:term":[{"taxonomy":"category","embeddable":true,"href":"https:\/\/minutaregional.cl\/index.php?rest_route=%2Fwp%2Fv2%2Fcategories&post=1982"},{"taxonomy":"post_tag","embeddable":true,"href":"https:\/\/minutaregional.cl\/index.php?rest_route=%2Fwp%2Fv2%2Ftags&post=1982"}],"curies":[{"name":"wp","href":"https:\/\/api.w.org\/{rel}","templated":true}]}}