{"id":1979,"date":"2022-09-29T14:30:02","date_gmt":"2022-09-29T14:30:02","guid":{"rendered":"https:\/\/minutaregional.cl\/?p=1979"},"modified":"2022-09-29T14:30:02","modified_gmt":"2022-09-29T14:30:02","slug":"inauguran-moderna-plaza-deportiva-en-illapel","status":"publish","type":"post","link":"https:\/\/minutaregional.cl\/?p=1979","title":{"rendered":"Inauguran moderna Plaza Deportiva en Illapel"},"content":{"rendered":"<ul>\n<li style=\"text-align: justify;\"><em>Obra fue iniciativa del programa Quiero Mi Barrio del Minvu y tuvo financiamiento compartido de 225 millones, donde el Ministerio de Vivienda y Urbanismo cubri\u00f3 172,6 millones y la Municipalidad de Illapel complement\u00f3 con casi 53 millones para hacer viable el proyecto que hoy es una realidad.<\/em><\/li>\n<\/ul>\n<p style=\"text-align: justify;\">Mirador panor\u00e1mico a la comuna de Illapel, juegos infantiles, rampas de accesibilidad universal, servicios y una multicancha son algunas de las caracter\u00edsticas de la nueva Plaza Deportiva Recreacional del Barrio Mundo Nuevo Norte- La Puntilla del programa Quiero Mi Barrio, que si bien ya finaliz\u00f3 en Illapel qued\u00f3 con esta obra \u201cde arrastre\u201d.<\/p>\n<p style=\"text-align: justify;\">Alegr\u00eda y felicidad en los vecinos del sector norte de Illapel por inaugurar esta obra que tuvo un costo de m\u00e1s de 225 millones de pesos, donde 172,6 millones (aprox.) fueron por parte del Minvu y 52,8 millones por parte de la Municipalidad de Illapel, aporte clave ya que el proyecto estuvo detenido por falta de financiamiento.<\/p>\n<p style=\"text-align: justify;\">\u00adInauguraci\u00f3n que fue realizada con una ceremonia multitudinaria donde participaron vecinas, vecinos, dirigentes, dirigentes, la Delegada Presidencial Provincial, Nataly Carvajal, el Seremi de Vivienda y Urbanismo, Jos\u00e9 Manuel Peralta, el alcalde Denis Cort\u00e9s, los Consejeros Regionales Darwin Ibacache y Juan Barraza, adem\u00e1s de parte importante del Concejo Municipal.<\/p>\n<p style=\"text-align: justify;\">\u201cLo m\u00e1s bonito de esta instancia es que la iniciativa parti\u00f3 de nuestros vecinos, de la gente, del territorio que, a trav\u00e9s de su organizaci\u00f3n, de sus sue\u00f1os, buscan un objetivo y se logra trabajar colaborativamente el municipio, el consejo, el Minvu y el Gobierno. Es el sello del Quiero Mi Barrio, el trabajar desde los territorios para recuperar los espacios que se han ido perdiendo. Este es un hecho concreto donde la comunidad y su organizaci\u00f3n son los protagonistas y coronan su trabajo con este centro deportivo\u201d, se\u00f1al\u00f3 la Delegada Presidencial Provincial del Choapa, Nataly Carvajal.<\/p>\n<p style=\"text-align: justify;\">Mientras que el Seremi de Vivienda y Urbanismo valor\u00f3 que es una iniciativa vecinal que se materializ\u00f3 y hoy es un hecho, \u201cporque en este programa de Quiero Mi Barrio son ellos, las vecinas y vecinos, quienes identifican sus necesidades y demandas. Y a partir de sus inquietudes el Estado pone recursos a su disposici\u00f3n y se materializan las obras. Hoy estamos cerrando un Quiero Mi Barrio que adem\u00e1s incorpor\u00f3 mejoras de vivienda, y es una muestra que el Ministerio de Vivienda junto con construir soluciones habitacionales construye ciudad a trav\u00e9s de equipamientos y espacios p\u00fablicos, que llegan a todas las comunas de la regi\u00f3n. As\u00ed que nosotros felices trabajando en estos programas que son una expresi\u00f3n profunda de la democracia que queremos construir\u201d.<\/p>\n<p style=\"text-align: justify;\">Quien se mostr\u00f3 feliz y comparti\u00f3 con sus vecinas y vecinos fue el alcalde de Illapel, Denis Cort\u00e9s Aguilera, que estuvo en la primera piedra de la Plaza Deportiva Recreacional y tambi\u00e9n en el corte de cinta que dio por inaugurada la obra.<\/p>\n<p style=\"text-align: justify;\">\u201cCuando la coordinaci\u00f3n entre el Gobierno, municipio, los vecinos se desarrolla de buena manera somos capaces de conseguir grandes cosas como este centro deportivo comunitario, donde m\u00e1s all\u00e1 de una inversi\u00f3n importante de m\u00e1s de 200 millones de pesos en conjunto, entre el Minvu y nuestro municipio, lo m\u00e1s importante es lo que se va a generar en este espacio. Mundo Nuevo Norte, Irarr\u00e1zabal y todo el sector de la Puntilla no contaba con un espacio deportivo. Nuestras personas mayores no ten\u00edan donde hacer actividades o donde juntarse. Los ni\u00f1os ten\u00edan que hacerlo en la calle y el club deportivo tampoco. Hoy tenemos un espacio hermoso, donde no solo tenemos una multicancha sino un mirador que permite apreciar lo lindo que est\u00e1 Illapel y eso nos llena de orgullo. Durante este tiempo junto al ministerio fuimos capaces de solucionar los problemas que hab\u00edan, que se retras\u00f3 este proyecto, pero por sobre todo terminarlo de buena manera\u201d, cerr\u00f3 el alcalde Cort\u00e9s.<\/p>\n<p style=\"text-align: justify;\">Para finalizar el acto de inauguraci\u00f3n, las autoridades entregaron un manual de uso de esta Plaza Deportiva Recreacional a las organizaciones vecinales para que puedan ocuparlo de forma adecuada junto a la comunidad.<\/p>\n<p style=\"text-align: justify;\">\n<p>&nbsp;<\/p>\n<p>&nbsp;<\/p>\n<p>&nbsp;<\/p>\n","protected":false},"excerpt":{"rendered":"<p>Obra fue iniciativa del programa Quiero Mi Barrio del Minvu y tuvo financiamiento compartido de 225 millones, donde el Ministerio de Vivienda y Urbanismo cubri\u00f3 172,6 millones y la Municipalidad de Illapel complement\u00f3 con casi 53 millones para hacer viable el proyecto que hoy es una realidad. Mirador panor\u00e1mico a<\/p>\n","protected":false},"author":1,"featured_media":1980,"comment_status":"closed","ping_status":"open","sticky":false,"template":"","format":"standard","meta":{"footnotes":""},"categories":[1],"tags":[],"class_list":["post-1979","post","type-post","status-publish","format-standard","has-post-thumbnail","hentry","category-noticias-regionales"],"_links":{"self":[{"href":"https:\/\/minutaregional.cl\/index.php?rest_route=\/wp\/v2\/posts\/1979","targetHints":{"allow":["GET"]}}],"collection":[{"href":"https:\/\/minutaregional.cl\/index.php?rest_route=\/wp\/v2\/posts"}],"about":[{"href":"https:\/\/minutaregional.cl\/index.php?rest_route=\/wp\/v2\/types\/post"}],"author":[{"embeddable":true,"href":"https:\/\/minutaregional.cl\/index.php?rest_route=\/wp\/v2\/users\/1"}],"replies":[{"embeddable":true,"href":"https:\/\/minutaregional.cl\/index.php?rest_route=%2Fwp%2Fv2%2Fcomments&post=1979"}],"version-history":[{"count":1,"href":"https:\/\/minutaregional.cl\/index.php?rest_route=\/wp\/v2\/posts\/1979\/revisions"}],"predecessor-version":[{"id":1981,"href":"https:\/\/minutaregional.cl\/index.php?rest_route=\/wp\/v2\/posts\/1979\/revisions\/1981"}],"wp:featuredmedia":[{"embeddable":true,"href":"https:\/\/minutaregional.cl\/index.php?rest_route=\/wp\/v2\/media\/1980"}],"wp:attachment":[{"href":"https:\/\/minutaregional.cl\/index.php?rest_route=%2Fwp%2Fv2%2Fmedia&parent=1979"}],"wp:term":[{"taxonomy":"category","embeddable":true,"href":"https:\/\/minutaregional.cl\/index.php?rest_route=%2Fwp%2Fv2%2Fcategories&post=1979"},{"taxonomy":"post_tag","embeddable":true,"href":"https:\/\/minutaregional.cl\/index.php?rest_route=%2Fwp%2Fv2%2Ftags&post=1979"}],"curies":[{"name":"wp","href":"https:\/\/api.w.org\/{rel}","templated":true}]}}