{"id":1976,"date":"2022-09-29T14:21:07","date_gmt":"2022-09-29T14:21:07","guid":{"rendered":"https:\/\/minutaregional.cl\/?p=1976"},"modified":"2022-09-29T14:21:07","modified_gmt":"2022-09-29T14:21:07","slug":"cancerlab-obtiene-acreditacion-como-centro-corfo","status":"publish","type":"post","link":"https:\/\/minutaregional.cl\/?p=1976","title":{"rendered":"C\u00e1ncerLab Obtiene Acreditaci\u00f3n Como Centro CORFO"},"content":{"rendered":"<p style=\"text-align: justify;\">Una buena noticia recibieron los integrantes de C\u00e1ncerLab de la <a href=\"https:\/\/medicina.ucn.cl\/\">Facultad de Medicina<\/a> de la <a href=\"https:\/\/www.ucn.cl\/\">Universidad Cat\u00f3lica del Norte<\/a>: la acreditaci\u00f3n como Centro para la Realizaci\u00f3n de Actividades de Investigaci\u00f3n o Desarrollo de la Ley N\u00b0 20.241.<\/p>\n<p style=\"text-align: justify;\">Este hito permitir\u00e1 potenciar alianzas para realizar actividades de\u00a0investigaci\u00f3n y desarrollo,\u00a0amparados en los beneficios tributarios de la Ley I+D, adem\u00e1s de acceder a recursos m\u00e1s all\u00e1 de los fondos de investigaci\u00f3n.<\/p>\n<p style=\"text-align: justify;\">\u201cEl haber sido reconocidos como un Centro de I+D por <a href=\"https:\/\/www.corfo.cl\/\">CORFO<\/a> nos llena de satisfacci\u00f3n, por cuanto se reconoce nuestra trayectoria y calidad cient\u00edfica, de m\u00e1s de 10 a\u00f1os desde que fundamos C\u00e1ncerLab. Esto nos permitir\u00e1 iniciar actividades de I+D con diferentes empresas de la regi\u00f3n, en el \u00e1mbito del diagn\u00f3stico y de la evaluaci\u00f3n de compuestos sint\u00e9ticos o naturales con actividad antitumoral\u201d, explic\u00f3 el Director del Laboratorio de Biolog\u00eda Molecular y Celular del C\u00e1ncer, C\u00e1ncerLab, Dr. Giuliano Bernal Dossetto.<\/p>\n<p style=\"text-align: justify;\">La acreditaci\u00f3n permite formar parte de la n\u00f3mina de Centros de I+D existente en Chile, organismos que disponen de recursos materiales y humanos\u00a0suficientes\u00a0para realizar\u00a0actividades\u00a0de investigaci\u00f3n\u00a0cient\u00edfica tendientes a solucionar problem\u00e1ticas relacionadas, al \u00e1mbito productivo y empresarial.\u00a0Igualmente, permitir\u00e1 acogerse a la Ley 20.241 (Ley I+D), que establece un incentivo tributario a la inversi\u00f3n privada en Investigaci\u00f3n y Desarrollo.<\/p>\n<p style=\"text-align: justify;\">Aunque el proceso de acreditaci\u00f3n es expedito, el centro que desea certificarse debe cumplir una serie de requisitos como demostrar\u00a0que se\u00a0realizan\u00a0labores de investigaci\u00f3n y desarrollo, que se cuenta con\u00a0una infraestructura y equipamiento adecuado, adem\u00e1s de que est\u00e9 integrado por profesionales con postgrado. Asimismo, se deben acreditar proyectos de investigaci\u00f3n liderados por dichos centros y contar con un sistema contable capaz de llevar la administraci\u00f3n de contratos tecnol\u00f3gicos.<\/p>\n<p style=\"text-align: justify;\"><strong>PROYECCI\u00d3N<\/strong><\/p>\n<p style=\"text-align: justify;\">El Laboratorio de Biolog\u00eda Molecular y Celular del C\u00e1ncer, C\u00e1ncerLab, cuenta con m\u00e1s de 10 a\u00f1os de experiencia y aunque su foco son patolog\u00edas como c\u00e1ncer y el diagn\u00f3stico de <em>Helicobacter pylori, <\/em>desde 2020 tambi\u00e9n ha procesado muestras de Covid-19, convirti\u00e9ndose en un aporte en medio de la pandemia.<\/p>\n<p style=\"text-align: justify;\">De esta forma, se ha propuesto una evoluci\u00f3n y actualizaci\u00f3n continua, y gracias a esta acreditaci\u00f3n se est\u00e1 evaluando ampliar la iniciativa de diagn\u00f3stico molecular de <em>Helicobacter pylori,<\/em> de modo de llevarla al mercado. Algo similar se est\u00e1 gestionando con el proyecto FIC relacionado al orujo de uva pisquera con fines de prevenci\u00f3n del c\u00e1ncer digestivo.<\/p>\n<p style=\"text-align: justify;\">Con esta designaci\u00f3n, C\u00e1ncerLab se transform\u00f3 en el 3\u00b0 Centro <a href=\"https:\/\/www.corfo.cl\/\">CORFO<\/a> de la <a href=\"https:\/\/www.ucn.cl\/\">Universidad Cat\u00f3lica del Norte<\/a> (junto a la Facultad de Ciencias del Mar, en Coquimbo, y el Centro de Biotecnolog\u00eda Profesor Alberto Ruiz, en Antofagasta), un nuevo hito en su trayectoria de continuo crecimiento y proyecci\u00f3n regional.<\/p>\n<p><strong>\u00a0<\/strong><\/p>\n","protected":false},"excerpt":{"rendered":"<p>Una buena noticia recibieron los integrantes de C\u00e1ncerLab de la Facultad de Medicina de la Universidad Cat\u00f3lica del Norte: la acreditaci\u00f3n como Centro para la Realizaci\u00f3n de Actividades de Investigaci\u00f3n o Desarrollo de la Ley N\u00b0 20.241. Este hito permitir\u00e1 potenciar alianzas para realizar actividades de\u00a0investigaci\u00f3n y desarrollo,\u00a0amparados en los<\/p>\n","protected":false},"author":1,"featured_media":1977,"comment_status":"closed","ping_status":"open","sticky":false,"template":"","format":"standard","meta":{"footnotes":""},"categories":[1,8],"tags":[],"class_list":["post-1976","post","type-post","status-publish","format-standard","has-post-thumbnail","hentry","category-noticias-regionales","category-columna-de-opinion"],"_links":{"self":[{"href":"https:\/\/minutaregional.cl\/index.php?rest_route=\/wp\/v2\/posts\/1976","targetHints":{"allow":["GET"]}}],"collection":[{"href":"https:\/\/minutaregional.cl\/index.php?rest_route=\/wp\/v2\/posts"}],"about":[{"href":"https:\/\/minutaregional.cl\/index.php?rest_route=\/wp\/v2\/types\/post"}],"author":[{"embeddable":true,"href":"https:\/\/minutaregional.cl\/index.php?rest_route=\/wp\/v2\/users\/1"}],"replies":[{"embeddable":true,"href":"https:\/\/minutaregional.cl\/index.php?rest_route=%2Fwp%2Fv2%2Fcomments&post=1976"}],"version-history":[{"count":1,"href":"https:\/\/minutaregional.cl\/index.php?rest_route=\/wp\/v2\/posts\/1976\/revisions"}],"predecessor-version":[{"id":1978,"href":"https:\/\/minutaregional.cl\/index.php?rest_route=\/wp\/v2\/posts\/1976\/revisions\/1978"}],"wp:featuredmedia":[{"embeddable":true,"href":"https:\/\/minutaregional.cl\/index.php?rest_route=\/wp\/v2\/media\/1977"}],"wp:attachment":[{"href":"https:\/\/minutaregional.cl\/index.php?rest_route=%2Fwp%2Fv2%2Fmedia&parent=1976"}],"wp:term":[{"taxonomy":"category","embeddable":true,"href":"https:\/\/minutaregional.cl\/index.php?rest_route=%2Fwp%2Fv2%2Fcategories&post=1976"},{"taxonomy":"post_tag","embeddable":true,"href":"https:\/\/minutaregional.cl\/index.php?rest_route=%2Fwp%2Fv2%2Ftags&post=1976"}],"curies":[{"name":"wp","href":"https:\/\/api.w.org\/{rel}","templated":true}]}}