{"id":1964,"date":"2022-09-27T21:45:42","date_gmt":"2022-09-27T21:45:42","guid":{"rendered":"https:\/\/minutaregional.cl\/?p=1964"},"modified":"2022-09-27T21:45:42","modified_gmt":"2022-09-27T21:45:42","slug":"expo-ucn-se-desarrollara-entre-el-27-hasta-el-30-de-septiembre-en-el-campus-guayacan-de-coquimbo","status":"publish","type":"post","link":"https:\/\/minutaregional.cl\/?p=1964","title":{"rendered":"Expo UCN se Desarrollar\u00e1 entre el 27 hasta el 30 de Septiembre en el Campus Guayac\u00e1n de Coquimbo"},"content":{"rendered":"<ul>\n<li style=\"text-align: justify;\"><strong><em>Durante cuatro d\u00edas las y los estudiantes podr\u00e1n conocer la oferta acad\u00e9mica de la Universidad Cat\u00f3lica del Norte.<\/em><\/strong><\/li>\n<\/ul>\n<p style=\"text-align: justify;\">Este evento es realizado tanto en la Casa Central de Antofagasta como en el Campus Guayac\u00e1n de Coquimbo y cuenta con m\u00f3dulos donde cada carrera entrega informaci\u00f3n sobre su labor profesional, planes de estudio y campo ocupacional, entre otras cosas. Asimismo, se ofrece, visitas guiadas por la UCN y un gran n\u00famero de talleres para experimentar en primera persona los diferentes \u00e1mbitos de la vida universitaria.<\/p>\n<p style=\"text-align: justify;\">Este a\u00f1o la Expo UCN contar\u00e1 con m\u00e1s de 25 stand con informaci\u00f3n de las carreras, beneficios y servicios de apoyo estudiantil y actividades asociadas al quehacer universitario, como becas, intercambios y desarrollo art\u00edstico y deportivo. Los stand estar\u00e1n disponibles a partir del martes 27 hasta el viernes 30 de septiembre, en horario continuado de 09.00 a 17.00 horas y el viernes de 09.00 a 13.00 horas.<\/p>\n<p style=\"text-align: justify;\">Este evento est\u00e1 dirigido a estudiantes de establecimientos educacionales de la Regi\u00f3n de Coquimbo, quienes previamente se inscribieron y que hasta el momento se cuenta con 4000 confirmados para participar.<\/p>\n<p style=\"text-align: justify;\">Adem\u00e1s durante las jornadas se realizar\u00e1n m\u00e1s de treinta talleres, visitas a laboratorios y recorridos por el campus donde las y los estudiantes podr\u00e1n inscribirse de acuerdo su inter\u00e9s.<\/p>\n<p style=\"text-align: justify;\">Seg\u00fan la coordinadora de admisi\u00f3n de UCN Sede Coquimbo , Gabriela Llewellyn, \u201cpara tomar una decisi\u00f3n vocacional es muy importante conocer la instituci\u00f3n y conversar con estudiantes de las distintas carreras y esta es la oportunidad de hacerlo y visitar las dependencias de las carreras y de la Universidad Cat\u00f3lica del Norte y generar un encuentro y di\u00e1logo directo entre los j\u00f3venes y la Universidad\u201d.<\/p>\n<p style=\"text-align: justify;\">Para m\u00e1s informaci\u00f3n e inscripci\u00f3n pueden visitar <a href=\"https:\/\/www.expo.ucn.cl\/\">https:\/\/www.expo.ucn.cl\/<\/a><\/p>\n","protected":false},"excerpt":{"rendered":"<p>Durante cuatro d\u00edas las y los estudiantes podr\u00e1n conocer la oferta acad\u00e9mica de la Universidad Cat\u00f3lica del Norte. Este evento es realizado tanto en la Casa Central de Antofagasta como en el Campus Guayac\u00e1n de Coquimbo y cuenta con m\u00f3dulos donde cada carrera entrega informaci\u00f3n sobre su labor profesional, planes<\/p>\n","protected":false},"author":1,"featured_media":1965,"comment_status":"closed","ping_status":"open","sticky":false,"template":"","format":"standard","meta":{"footnotes":""},"categories":[8],"tags":[],"class_list":["post-1964","post","type-post","status-publish","format-standard","has-post-thumbnail","hentry","category-columna-de-opinion"],"_links":{"self":[{"href":"https:\/\/minutaregional.cl\/index.php?rest_route=\/wp\/v2\/posts\/1964","targetHints":{"allow":["GET"]}}],"collection":[{"href":"https:\/\/minutaregional.cl\/index.php?rest_route=\/wp\/v2\/posts"}],"about":[{"href":"https:\/\/minutaregional.cl\/index.php?rest_route=\/wp\/v2\/types\/post"}],"author":[{"embeddable":true,"href":"https:\/\/minutaregional.cl\/index.php?rest_route=\/wp\/v2\/users\/1"}],"replies":[{"embeddable":true,"href":"https:\/\/minutaregional.cl\/index.php?rest_route=%2Fwp%2Fv2%2Fcomments&post=1964"}],"version-history":[{"count":1,"href":"https:\/\/minutaregional.cl\/index.php?rest_route=\/wp\/v2\/posts\/1964\/revisions"}],"predecessor-version":[{"id":1966,"href":"https:\/\/minutaregional.cl\/index.php?rest_route=\/wp\/v2\/posts\/1964\/revisions\/1966"}],"wp:featuredmedia":[{"embeddable":true,"href":"https:\/\/minutaregional.cl\/index.php?rest_route=\/wp\/v2\/media\/1965"}],"wp:attachment":[{"href":"https:\/\/minutaregional.cl\/index.php?rest_route=%2Fwp%2Fv2%2Fmedia&parent=1964"}],"wp:term":[{"taxonomy":"category","embeddable":true,"href":"https:\/\/minutaregional.cl\/index.php?rest_route=%2Fwp%2Fv2%2Fcategories&post=1964"},{"taxonomy":"post_tag","embeddable":true,"href":"https:\/\/minutaregional.cl\/index.php?rest_route=%2Fwp%2Fv2%2Ftags&post=1964"}],"curies":[{"name":"wp","href":"https:\/\/api.w.org\/{rel}","templated":true}]}}