{"id":1954,"date":"2022-09-26T23:50:19","date_gmt":"2022-09-26T23:50:19","guid":{"rendered":"https:\/\/minutaregional.cl\/?p=1954"},"modified":"2022-09-26T23:50:19","modified_gmt":"2022-09-26T23:50:19","slug":"difunden-en-colegio-javiera-carrera-de-la-serena-protocolo-sanitario-que-regira-a-partir-del-01-de-octubre","status":"publish","type":"post","link":"https:\/\/minutaregional.cl\/?p=1954","title":{"rendered":"Difunden en Colegio Javiera Carrera de La Serena Protocolo Sanitario que Regir\u00e1 a Partir del 01 de octubre"},"content":{"rendered":"<audio class=\"wp-audio-shortcode\" id=\"audio-1954-1\" preload=\"none\" style=\"width: 100%;\" controls=\"controls\"><source type=\"audio\/mpeg\" src=\"https:\/\/minutaregional.cl\/wp-content\/uploads\/2022\/09\/Despacho-Difunden-en-colegio-Javiera-Carrera-Protocolo-Sanitario-que-regira-a-partir-del-01-de-octubre_.mp3?_=1\" \/><a href=\"https:\/\/minutaregional.cl\/wp-content\/uploads\/2022\/09\/Despacho-Difunden-en-colegio-Javiera-Carrera-Protocolo-Sanitario-que-regira-a-partir-del-01-de-octubre_.mp3\">https:\/\/minutaregional.cl\/wp-content\/uploads\/2022\/09\/Despacho-Difunden-en-colegio-Javiera-Carrera-Protocolo-Sanitario-que-regira-a-partir-del-01-de-octubre_.mp3<\/a><\/audio>\n<p>AUDIO : Despacho Difunden en colegio Javiera Carrera Protocolo Sanitario que regir\u00e1 a partir del 01 de octubre del 2022<\/p>\n<p style=\"text-align: justify;\">Las Seremis de Educaci\u00f3n, Cecilia Ram\u00edrez Ch\u00e1vez y de Salud, Paola Salas Rivas difundieron en el colegio Javiera Carrera de La Serena el protocolo de medidas sanitarias y vigilancia epidemiol\u00f3gica para los establecimientos educacionales, que comienza este 1 de octubre, tras la apertura de las medidas de prevenci\u00f3n y control de la pandemia de Covid-19, anunciadas la semana pasada por el Ministerio de Salud, cuya informaci\u00f3n fue enviada por el Ministerio de Educaci\u00f3n a todos los colegios de la regi\u00f3n y el pa\u00eds.<\/p>\n<p style=\"text-align: justify;\">Sobre la difusi\u00f3n a la comunidad educativa, el director del colegio Javiera Carrera, Carlos Ochoa Castro indic\u00f3 que \u201ces un reconocimiento a la labor que hemos hecho en relaci\u00f3n a proteger la salud de nuestras estudiantes. Nuestros cursos ninguno se fue a cuarentena, lo cual, nos tiene orgullosos. La idea ahora que tenemos los nuevos protocolos, es seguir manteniendo algunas medidas sanitarias. Si bien hemos tenido casos dentro de los cursos, pero no cuarentenas, ni en cursos, ni menos en el colegio\u201d, destac\u00f3.<\/p>\n<p style=\"text-align: justify;\">La Seremi de Educaci\u00f3n, Cecilia Ram\u00edrez Ch\u00e1vez enfatiz\u00f3 que \u201clos cambios que vienen para las comunidades educativas a partir del 01 de octubre es que deja de ser obligatorio el uso de mascarilla en patio, aulas y dependencias dentro de las escuelas y se eliminan los aforos en las aulas de clases. Pero se mantienen el lavado frecuente de manos y la ventilaci\u00f3n cruzada. Hacemos un llamado a las y los apoderados y adultos responsables de las y los estudiantes de nuestra regi\u00f3n a revisar en la p\u00e1gina web\u00a0 que dispuso del Ministerio de Educaci\u00f3n <a href=\"https:\/\/vacunacionescolar.mineduc.cl\/\">https:\/\/vacunacionescolar.mineduc.cl\/<\/a> \u00a0el porcentaje de vacunaci\u00f3n de cada uno de los cursos, y que lleguen al 80%. Llamamos a que completen su esquema de vacunaci\u00f3n para que tengamos los cursos de nuestra regi\u00f3n por sobre el 80% y as\u00ed estar m\u00e1s tranquilos en este nuevo per\u00edodo de apertura en las medidas de prevenci\u00f3n\u201d.<\/p>\n<p style=\"text-align: justify;\">La Seremi de Salud, Paola Salas Rivas asever\u00f3 que \u201cnuestro rol siempre ha sido el cuidado de la salud de la poblaci\u00f3n que vamos a continuar realiz\u00e1ndolo y en los establecimientos educacionales m\u00e1s dirigidos a los casos positivos. Si hay casos positivos tiene que haber un protocolo actualizado en cada establecimiento, de acuerdo a la normativa que ya se baj\u00f3 desde educaci\u00f3n. La actualizaci\u00f3n de este protocolo involucra principalmente la detecci\u00f3n de brotes, en el cual el establecimiento tiene que dar aviso a la autoridad sanitaria y debe haber una comunicaci\u00f3n estrecha entre salud y educaci\u00f3n. Estos brotes van a estar definidos si hay m\u00e1s de 3 casos en un mismo curso, o si hay 7 casos en todo el establecimiento, o 2 o m\u00e1s profesores. En esas circunstancias la autoridad sanitaria viene al establecimiento y hacemos la investigaci\u00f3n epidemiol\u00f3gica y c\u00f3mo proceder para evitar que el brote siga creciendo\u201d.<\/p>\n<p style=\"text-align: justify;\">Tambi\u00e9n valor\u00f3 el conversatorio del protocolo sanitario, la Presidenta del Centro de Estudiantes, Sof\u00eda Echeverr\u00eda \u201cme pareci\u00f3 bueno para el colegio, ya que estos a\u00f1os con Covid, tuvimos las clases online, cuarentenas y lo supimos superar y este a\u00f1o vivimos la presencialidad. Y es importante que no hayas tenido brotes\u201d. Que el uso de mascarillas no sea obligatorio \u201csiento que es bueno porque significa que estamos avanzando y las cosas han ido mejorando\u201d.<\/p>\n<p style=\"text-align: justify;\">De las medidas de prevenci\u00f3n, la Presidenta del Centro General de Padres y Apoderados Katherine Ju\u00e1rez subray\u00f3 que \u201clo que m\u00e1s queremos es que el colegio no baje la guardia, que siga manteniendo algunos protocolos y el uso de mascarillas si las alumnas vienen enfermas, para evitar el contagio. La prevenci\u00f3n va en nosotros. Si la alumna viene con mascarilla, respetar su decisi\u00f3n y tambi\u00e9n el cuidado que hay dentro de las salas. Hasta el momento el colegio lo est\u00e1 haciendo s\u00faper bien. No ha habido brotes, solo contagios aislados. Hemos trabajado mucho en conjunto. Siempre estamos en contacto. La comunicaci\u00f3n con el director y el colegio es buen\u00edsima. Y a todos los apoderados a no bajar la guardia\u201d.<\/p>\n<p style=\"text-align: justify;\">Dentro de las modificaciones, se informa que el uso de mascarillas ya no ser\u00e1 obligatorio en educaci\u00f3n parvularia, b\u00e1sica ni media, ni en ninguna modalidad del sistema educativo. La decisi\u00f3n de utilizarla al interior de las salas de clases es \u00fanicamente de cada estudiante y apoderado\/a. Todas las actividades se seguir\u00e1n realizando de manera presencial y la asistencia ser\u00e1 obligatoria. \u00a0Adem\u00e1s debido a que se ha alcanzado m\u00e1s del 80% de cobertura de vacunaci\u00f3n en los estudiantes a nivel nacional, se elimina la restricci\u00f3n de aforos en todos los espacios de los establecimientos educacionales, propiciando el distanciamiento en las actividades cotidianas cuando esto sea posible.<\/p>\n<p style=\"text-align: justify;\">Algunas de las medidas de prevenci\u00f3n que se mantienen vigentes son la ventilaci\u00f3n de las salas de clases, el lavado de manos con jab\u00f3n o uso de alcohol gel cada 2 o 3 horas, y recordar a la comunidad estar alertas ante la presencia de s\u00edntomas de COVID-19 y no enviar a las y los estudiantes ante s\u00edntomas respiratorios.<\/p>\n<p style=\"text-align: justify;\">Asimismo, desde Mineduc, se recomienda a los establecimientos revisar el estado de vacunaci\u00f3n por cada curso en la p\u00e1gina de actualizaci\u00f3n semanal <a href=\"https:\/\/vacunacionescolar.mineduc.cl\/\">https:\/\/vacunacionescolar.mineduc.cl\/<\/a> e incentivar la vacunaci\u00f3n en los cursos que se encuentren bajo el umbral de 80%.<\/p>\n<p style=\"text-align: justify;\"><strong>Medidas ante alerta de brotes<\/strong><\/p>\n<p style=\"text-align: justify;\"><strong>\u00a0<\/strong>En el documento se establecen acciones y medidas espec\u00edficas ante casos de sospecha, confirmaci\u00f3n o alerta de COVID-19. \u00a0Asimismo, cambia el accionar ante alerta de brotes. En este sentido, si en un lapso de 7 d\u00edas hay 3 o m\u00e1s casos confirmados de Covid-19 en un curso; o 7 casos o m\u00e1s en el establecimiento, la direcci\u00f3n del establecimiento deber\u00e1 informar a la autoridad sanitaria regional y ser\u00e1 la seremi de Salud la que evaluar\u00e1 toda la informaci\u00f3n respecto a cada situaci\u00f3n en particular y establecer\u00e1 medidas a partir de criterios y variables preestablecidas.<\/p>\n<p style=\"text-align: justify;\">\n<p style=\"text-align: justify;\">Para m\u00e1s informaci\u00f3n acerca de la aplicaci\u00f3n del Protocolo de vigilancia epidemiol\u00f3gica, investigaci\u00f3n de brotes y medidas sanitarias en los establecimientos educacionales, revisar la p\u00e1gina web <a href=\"http:\/\/www.mineduc.cl\">www.mineduc.cl<\/a>.<\/p>\n","protected":false},"excerpt":{"rendered":"<p>AUDIO : Despacho Difunden en colegio Javiera Carrera Protocolo Sanitario que regir\u00e1 a partir del 01 de octubre del 2022 Las Seremis de Educaci\u00f3n, Cecilia Ram\u00edrez Ch\u00e1vez y de Salud, Paola Salas Rivas difundieron en el colegio Javiera Carrera de La Serena el protocolo de medidas sanitarias y vigilancia epidemiol\u00f3gica<\/p>\n","protected":false},"author":1,"featured_media":1958,"comment_status":"closed","ping_status":"open","sticky":false,"template":"","format":"standard","meta":{"footnotes":""},"categories":[51,40],"tags":[],"class_list":["post-1954","post","type-post","status-publish","format-standard","has-post-thumbnail","hentry","category-seremisalud_coquimbo","category-secreduc_iv"],"_links":{"self":[{"href":"https:\/\/minutaregional.cl\/index.php?rest_route=\/wp\/v2\/posts\/1954","targetHints":{"allow":["GET"]}}],"collection":[{"href":"https:\/\/minutaregional.cl\/index.php?rest_route=\/wp\/v2\/posts"}],"about":[{"href":"https:\/\/minutaregional.cl\/index.php?rest_route=\/wp\/v2\/types\/post"}],"author":[{"embeddable":true,"href":"https:\/\/minutaregional.cl\/index.php?rest_route=\/wp\/v2\/users\/1"}],"replies":[{"embeddable":true,"href":"https:\/\/minutaregional.cl\/index.php?rest_route=%2Fwp%2Fv2%2Fcomments&post=1954"}],"version-history":[{"count":2,"href":"https:\/\/minutaregional.cl\/index.php?rest_route=\/wp\/v2\/posts\/1954\/revisions"}],"predecessor-version":[{"id":1960,"href":"https:\/\/minutaregional.cl\/index.php?rest_route=\/wp\/v2\/posts\/1954\/revisions\/1960"}],"wp:featuredmedia":[{"embeddable":true,"href":"https:\/\/minutaregional.cl\/index.php?rest_route=\/wp\/v2\/media\/1958"}],"wp:attachment":[{"href":"https:\/\/minutaregional.cl\/index.php?rest_route=%2Fwp%2Fv2%2Fmedia&parent=1954"}],"wp:term":[{"taxonomy":"category","embeddable":true,"href":"https:\/\/minutaregional.cl\/index.php?rest_route=%2Fwp%2Fv2%2Fcategories&post=1954"},{"taxonomy":"post_tag","embeddable":true,"href":"https:\/\/minutaregional.cl\/index.php?rest_route=%2Fwp%2Fv2%2Ftags&post=1954"}],"curies":[{"name":"wp","href":"https:\/\/api.w.org\/{rel}","templated":true}]}}