{"id":1950,"date":"2022-09-26T22:51:07","date_gmt":"2022-09-26T22:51:07","guid":{"rendered":"https:\/\/minutaregional.cl\/?p=1950"},"modified":"2022-09-26T22:51:07","modified_gmt":"2022-09-26T22:51:07","slug":"delegado-ruben-quezada-enfatiza-que-se-mantendra-la-busqueda-de-astronomo-britanico-pese-a-las-condiciones-del-lugar","status":"publish","type":"post","link":"https:\/\/minutaregional.cl\/?p=1950","title":{"rendered":"Delegado Rub\u00e9n Quezada Enfatiza que se Mantendr\u00e1 la B\u00fasqueda de Astr\u00f3nomo Brit\u00e1nico Pese a las Condiciones del Lugar"},"content":{"rendered":"<audio class=\"wp-audio-shortcode\" id=\"audio-1950-1\" preload=\"none\" style=\"width: 100%;\" controls=\"controls\"><source type=\"audio\/mpeg\" src=\"https:\/\/minutaregional.cl\/wp-content\/uploads\/2022\/09\/BUSQUEDA-Delegado-Presidencial-Ruben-Quezada.mp3?_=1\" \/><a href=\"https:\/\/minutaregional.cl\/wp-content\/uploads\/2022\/09\/BUSQUEDA-Delegado-Presidencial-Ruben-Quezada.mp3\">https:\/\/minutaregional.cl\/wp-content\/uploads\/2022\/09\/BUSQUEDA-Delegado-Presidencial-Ruben-Quezada.mp3<\/a><\/audio>\n<p style=\"text-align: justify;\">AUDIO : BUSQUEDA &#8211; Delegado Presidencial Ruben Quezada<\/p>\n<ul style=\"text-align: justify;\">\n<li><strong><em>En base a las directrices establecidas por el Ministerio P\u00fablico, se han desplegado en estas labores los drones de la Delegaci\u00f3n Presidencial y PDI, un avi\u00f3n vig\u00eda de Carabineros y patrullas de auxilio del Ej\u00e9rcito, entre otros recursos, para hallar al cient\u00edfico extranjero extraviado desde hace 10 d\u00edas.<\/em><\/strong><\/li>\n<\/ul>\n<p style=\"text-align: justify;\"><strong>\u00a0<\/strong>El d\u00eda 16 de septiembre se notifica la denuncia por presunta desgracia del astr\u00f3nomo brit\u00e1nico que se encontraba en el Observatorio La Silla, al norte de la Regi\u00f3n de Coquimbo.<\/p>\n<p style=\"text-align: justify;\">Se trata de un sitio de m\u00e1s de 3 mil hect\u00e1reas y m\u00e1s de 2400 metros sobre el nivel del mar, por lo que se ha movilizado una gran cantidad de recursos en un proceso que es llevado adelante desde el Ministerio P\u00fablico y en el que ha apoyado la Delegaci\u00f3n Presidencial Regional, en coordinaci\u00f3n con Carabineros, Investigaciones y el Ej\u00e9rcito.<\/p>\n<p style=\"text-align: justify;\">Tras reunirse con los organismos desplegados en las labores de b\u00fasqueda, el Delegado Presidencial, Rub\u00e9n Quezada, sostuvo que <strong>\u201cexisten m\u00faltiples hip\u00f3tesis, pero ellas est\u00e1n siendo llevadas por el Ministerio P\u00fablico. Nosotros estamos prestando colaboraci\u00f3n a cada una de las l\u00edneas que defina Fiscal\u00eda. Estamos plenamente conscientes de que este es un trabajo interinstitucional y estamos haciendo todos los esfuerzos para que llegue de manera eficiente la informaci\u00f3n al Ministerio P\u00fablico\u201d<\/strong>.<\/p>\n<p style=\"text-align: justify;\">Personal por tierra, apoyo de unidades caninas, patrullas del auxilio del Ej\u00e9rcito, sobrevigilancia a\u00e9rea con los drones de la Delegaci\u00f3n Presidencial y la PDI, y un avi\u00f3n vig\u00eda de Carabineros han sido parte de los recursos que se han dispuesto en estos 10 d\u00edas de labores, lo que permite ir recopilando la informaci\u00f3n, centralizara y enviarla a Fiscal\u00eda.<\/p>\n<p style=\"text-align: justify;\"><strong>\u201cEl terreno es un lugar dif\u00edcil. Es una vasta zona y existe dificultad para sobrevolar. Adem\u00e1s, tenemos desde la Direcci\u00f3n Metrol\u00f3gica de Chile la alerta de tormentas el\u00e9ctricas en el sector precordillerano, al norte de la regi\u00f3n, por eso ONEMI emitir\u00e1 una alerta preventiva para tomar mayores resguardos. Pero estamos viendo los avances de la investigaci\u00f3n y dispuestos a colaborar a que \u00e9sta se m\u00e1s efectiva. Lo peor que nos puede pasar, es actuar de manera descoordinada\u201d<\/strong>, acot\u00f3 el Delegado Quezada.<\/p>\n<p style=\"text-align: justify;\">Finalmente, el la autoridad regional remarc\u00f3 que las diligencias de b\u00fasqueda se mantendr\u00e1n, considerando las especiales condiciones del lugar y superficie de b\u00fasqueda, hasta que el Ministerio P\u00fablico lo estime pertinente.<\/p>\n","protected":false},"excerpt":{"rendered":"<p>AUDIO : BUSQUEDA &#8211; Delegado Presidencial Ruben Quezada En base a las directrices establecidas por el Ministerio P\u00fablico, se han desplegado en estas labores los drones de la Delegaci\u00f3n Presidencial y PDI, un avi\u00f3n vig\u00eda de Carabineros y patrullas de auxilio del Ej\u00e9rcito, entre otros recursos, para hallar al cient\u00edfico<\/p>\n","protected":false},"author":1,"featured_media":1952,"comment_status":"closed","ping_status":"open","sticky":false,"template":"","format":"standard","meta":{"footnotes":""},"categories":[36],"tags":[],"class_list":["post-1950","post","type-post","status-publish","format-standard","has-post-thumbnail","hentry","category-dppcoquimbo"],"_links":{"self":[{"href":"https:\/\/minutaregional.cl\/index.php?rest_route=\/wp\/v2\/posts\/1950","targetHints":{"allow":["GET"]}}],"collection":[{"href":"https:\/\/minutaregional.cl\/index.php?rest_route=\/wp\/v2\/posts"}],"about":[{"href":"https:\/\/minutaregional.cl\/index.php?rest_route=\/wp\/v2\/types\/post"}],"author":[{"embeddable":true,"href":"https:\/\/minutaregional.cl\/index.php?rest_route=\/wp\/v2\/users\/1"}],"replies":[{"embeddable":true,"href":"https:\/\/minutaregional.cl\/index.php?rest_route=%2Fwp%2Fv2%2Fcomments&post=1950"}],"version-history":[{"count":1,"href":"https:\/\/minutaregional.cl\/index.php?rest_route=\/wp\/v2\/posts\/1950\/revisions"}],"predecessor-version":[{"id":1953,"href":"https:\/\/minutaregional.cl\/index.php?rest_route=\/wp\/v2\/posts\/1950\/revisions\/1953"}],"wp:featuredmedia":[{"embeddable":true,"href":"https:\/\/minutaregional.cl\/index.php?rest_route=\/wp\/v2\/media\/1952"}],"wp:attachment":[{"href":"https:\/\/minutaregional.cl\/index.php?rest_route=%2Fwp%2Fv2%2Fmedia&parent=1950"}],"wp:term":[{"taxonomy":"category","embeddable":true,"href":"https:\/\/minutaregional.cl\/index.php?rest_route=%2Fwp%2Fv2%2Fcategories&post=1950"},{"taxonomy":"post_tag","embeddable":true,"href":"https:\/\/minutaregional.cl\/index.php?rest_route=%2Fwp%2Fv2%2Ftags&post=1950"}],"curies":[{"name":"wp","href":"https:\/\/api.w.org\/{rel}","templated":true}]}}