{"id":1944,"date":"2022-09-26T16:05:58","date_gmt":"2022-09-26T16:05:58","guid":{"rendered":"https:\/\/minutaregional.cl\/?p=1944"},"modified":"2022-09-26T16:07:57","modified_gmt":"2022-09-26T16:07:57","slug":"sernameg-certifica-a-las-participantes-de-la-escuela-mujer-emprende-durante-un-encuentro-regional","status":"publish","type":"post","link":"https:\/\/minutaregional.cl\/?p=1944","title":{"rendered":"SernamEG certifica a las Participantes de la Escuela Mujer Emprende Durante un Encuentro Regional"},"content":{"rendered":"<div>\n<audio class=\"wp-audio-shortcode\" id=\"audio-1944-1\" preload=\"none\" style=\"width: 100%;\" controls=\"controls\"><source type=\"audio\/mpeg\" src=\"https:\/\/minutaregional.cl\/wp-content\/uploads\/2022\/09\/DIRECTORA-REGIONAL-S-SERNAMEG.mp3?_=1\" \/><a href=\"https:\/\/minutaregional.cl\/wp-content\/uploads\/2022\/09\/DIRECTORA-REGIONAL-S-SERNAMEG.mp3\">https:\/\/minutaregional.cl\/wp-content\/uploads\/2022\/09\/DIRECTORA-REGIONAL-S-SERNAMEG.mp3<\/a><\/audio>\n<p>AUDIO : <span lang=\"ES\">Directora Regional (S) de SernamEG, Carla Arriagada Malague\u00f1o<\/span><\/p>\n<p class=\"yiv1728989932MsoNormal\" style=\"text-align: justify;\"><span lang=\"ES\">Un espacio de intercambio de conocimientos y experiencias de emprendedoras con mayor desarrollo de su negocio, con un foco puesto en el liderazgo, empoderamiento, asociatividad y redes, fue el prop\u00f3sito del encuentro regional de la Escuela Mujer Emprende. Este 2022, el modelo program\u00e1tico del Servicio Nacional de la Mujer y la Equidad de G\u00e9nero, SernamEG, fue ejecutado en convenio con la Corporaci\u00f3n Sim\u00f3n de Cirene. En la actividad de cierre de la iniciativa, correspondiente al presente a\u00f1o, se certificaron a sus 49 participantes; tras cinco meses de formaci\u00f3n.<\/span><\/p>\n<p class=\"yiv1728989932MsoNormal\" style=\"text-align: justify;\"><span lang=\"ES\">\u00a0<\/span>En el tr\u00e1nsito hacia una modalidad presencial completa, la Escuela Mujer Emprende contempl\u00f3 talleres presenciales y virtuales, donde cada sesi\u00f3n consider\u00f3 material visual de trabajo y contenido descargable. Adem\u00e1s, comprendi\u00f3 una serie de m\u00f3dulos, uno de ellos fue el relativo a \u201cG\u00e9nero\u201d, el que apunt\u00f3 a generar competencias para reconocer la identidad de las emprendedoras y el v\u00ednculo de \u00e9stas con el desarrollo, as\u00ed como la sostenibilidad de sus emprendimientos. En tanto, \u201cConstruyendo mi Negocio\u201d incorpor\u00f3 la perspectiva territorial, cultural, identidad y fortalecimiento de las redes presentes en el lugar, donde las mujeres despliegan su emprendimiento. En una siguiente etapa, se revisaron los elementos de la herramienta de gesti\u00f3n estrat\u00e9gica denominada Canvas de Negocio, que incluy\u00f3 segmentos de su clientela, canales de distribuci\u00f3n, comunicaci\u00f3n y ventas, estructura de costos, entre otros.<\/p>\n<p class=\"yiv1728989932MsoNormal\" style=\"text-align: justify;\"><span lang=\"ES\">\u00a0<\/span><span lang=\"ES\">La Directora Regional (S) de SernamEG, Carla Arriagada Malague\u00f1o, sostuvo que \u201cesta actividad marca el cierre de la Escuela Mujer Emprende, la que trabaja para que las participantes puedan incorporar nuevos conocimientos y herramientas; asimismo, reciben capacitaciones para el mejoramiento de sus emprendimientos. Tambi\u00e9n, busca que las mujeres generen espacios de asociatividad y de redes con otras emprendedoras\u201d. Respecto a las personas que puedan estar interesadas en ser parte de la Escuela el pr\u00f3ximo a\u00f1o, agreg\u00f3 que \u201cpueden acercarse siempre a las oficinas de la direcci\u00f3n regional ubicadas en Avenida Baquedano 257, Coyhaique. Si bien la Escuela dura cinco meses, el programa Mujer Emprende est\u00e1 abierto todo el a\u00f1o, donde las mujeres pueden acceder a ferias e informaci\u00f3n sobre los fondos que tiene el Servicio y de otras instituciones a las que pueden postular\u201d.<\/span><\/p>\n<p class=\"yiv1728989932MsoNormal\" style=\"text-align: justify;\"><span lang=\"ES\">\u00a0<\/span><span lang=\"ES\">Por su parte, la Directora Ejecutiva de la Corporaci\u00f3n Sim\u00f3n de Cirene, Alejandra Canessa Botteselle, dijo: \u201cel proceso de la Escuela fue muy desafiante, las participantes tuvieron la oportunidad de ir capacit\u00e1ndose a trav\u00e9s de cursos en l\u00ednea y talleres presenciales; y adem\u00e1s conocer a otras emprendedoras, lo que para nosotras es muy importante. Esperamos que este proceso haya sido muy gratificante y fruct\u00edfero, a la vez que el trabajo que fueron realizando d\u00eda a d\u00eda con las tutoras haya sido de apoyo para cada uno de sus emprendimientos. Felicitamos a las emprendedoras y las instamos a continuar colaborando entre s\u00ed para que apliquen lo adquirido en la Escuela, ya que como decimos en Sim\u00f3n de Cirene lo que aprendemos, debemos implementarlo al d\u00eda siguiente. De tal manera que lo transformemos en h\u00e1bito y as\u00ed ir mejorando siempre\u201d.\u00a0\u00a0\u00a0\u00a0 \u00a0<\/span><\/p>\n<p class=\"yiv1728989932MsoNormal\" style=\"text-align: justify;\"><span lang=\"ES\">\u00a0<\/span><b><span lang=\"ES\">EXPERIENCIAS POSITIVAS<\/span><\/b><\/p>\n<p class=\"yiv1728989932MsoNormal\" style=\"text-align: justify;\"><span lang=\"ES\">\u00a0<\/span><span lang=\"ES\">Con la idea de mejorar su negocio \u201cHebra Austral\u201d, ingres\u00f3 a la Escuela Mujer Emprende, Alejandra Ram\u00edrez, quien resalt\u00f3 que \u201ccontaba con muy pocas herramientas, no manejaba conceptos de negocios y aprend\u00ed mucho. La forma en que nos entregaron la informaci\u00f3n fue aterrizada a nuestro vocabulario, porque en su gran mayor\u00eda somos due\u00f1as de casa. Creo que cualquiera de nosotras podr\u00eda postular sin problemas a fondos, ya que nos ense\u00f1aron el Canvas, c\u00f3mo grabar un video de Elevator Speach, que es uno de los requisitos que hoy en d\u00eda est\u00e1n solicitando para postular a financiamiento\u201d.\u00a0 \u00a0\u00a0\u00a0<\/span><\/p>\n<p class=\"yiv1728989932MsoNormal\" style=\"text-align: justify;\"><span lang=\"ES\">\u00a0<\/span><span lang=\"ES\">Por su parte, Mayra Astudillo destac\u00f3 a trav\u00e9s de su testimonio la importancia de la perseverancia. \u201cEsta es la segunda vez que participo y siempre digo que es una oportunidad maravillosa, cada vez se aprenden cosas nuevas que nos permiten crecer como mujeres y emprendedoras. Comenc\u00e9 con \u201cMay, el Mundo de los Gatos\u201d porque era estilista y con la pandemia no pod\u00eda trabajar, justo di con este programa de SernamEG que me permiti\u00f3 llegar a tener una base s\u00f3lida para emprender. El mensaje es que se atrevan las que quieren emprender, que sigan su intuici\u00f3n, que no tengan miedo porque no hay nada que perder, siempre pueden aprender algo\u201d, recalc\u00f3.<\/span><\/p>\n<p class=\"yiv1728989932MsoNormal\" style=\"text-align: justify;\"><span lang=\"ES\">\u00a0<\/span>Durante el encuentro regional de la Escuela Mujer Emprende se realiz\u00f3 una mentor\u00eda a cargo de la emprendedora, Constanza Fuentes, con la finalidad de dar a conocer la importancia de la asociatividad para que los emprendimientos puedan mantenerse en el tiempo.\u00a0\u00a0<span lang=\"ES\">La \u00faltima de las iniciativas enmarcadas en la actividad fue la realizaci\u00f3n de una Feria, en la que 15 de sus participantes instalaron stands durante dos d\u00edas en calle Condell N\u00b0297, Coyhaique, con artesan\u00edas, gastronom\u00eda, joyas, hierbas medicinales, plantas, cosm\u00e9tica natural, entre otros.<\/span><\/p>\n<p class=\"yiv1728989932MsoNormal\" style=\"text-align: justify;\"><span lang=\"ES\">\u00a0<\/span><span lang=\"ES\">Finalmente, en octubre y noviembre, en el marco de las \u00faltimas acciones del programa Mujer Emprende, se contempla la realizaci\u00f3n de los denominados acompa\u00f1amientos personalizados que consisten en el apoyo a las participantes en la formulaci\u00f3n y organizaci\u00f3n de sus planes de negocios. \u00a0<\/span><\/p>\n<p class=\"yiv1728989932MsoNormal\" style=\"text-align: justify;\"><span lang=\"ES\">\u00a0<\/span><\/p>\n<\/div>\n<div>\n<div>\n<div class=\"yiv1728989932gmail_signature\" dir=\"ltr\">\n<div dir=\"ltr\">\n<div>\n<div dir=\"ltr\">\n<div>\n<div dir=\"ltr\">\n<div dir=\"ltr\">\n<div dir=\"ltr\">\n<div dir=\"ltr\">\n<div dir=\"ltr\"><\/div>\n<\/div>\n<\/div>\n<\/div>\n<\/div>\n<\/div>\n<\/div>\n<\/div>\n<\/div>\n<\/div>\n<\/div>\n<\/div>\n","protected":false},"excerpt":{"rendered":"<p>AUDIO : Directora Regional (S) de SernamEG, Carla Arriagada Malague\u00f1o Un espacio de intercambio de conocimientos y experiencias de emprendedoras con mayor desarrollo de su negocio, con un foco puesto en el liderazgo, empoderamiento, asociatividad y redes, fue el prop\u00f3sito del encuentro regional de la Escuela Mujer Emprende. Este 2022,<\/p>\n","protected":false},"author":1,"featured_media":1945,"comment_status":"closed","ping_status":"open","sticky":false,"template":"","format":"standard","meta":{"footnotes":""},"categories":[1],"tags":[],"class_list":["post-1944","post","type-post","status-publish","format-standard","has-post-thumbnail","hentry","category-noticias-regionales"],"_links":{"self":[{"href":"https:\/\/minutaregional.cl\/index.php?rest_route=\/wp\/v2\/posts\/1944","targetHints":{"allow":["GET"]}}],"collection":[{"href":"https:\/\/minutaregional.cl\/index.php?rest_route=\/wp\/v2\/posts"}],"about":[{"href":"https:\/\/minutaregional.cl\/index.php?rest_route=\/wp\/v2\/types\/post"}],"author":[{"embeddable":true,"href":"https:\/\/minutaregional.cl\/index.php?rest_route=\/wp\/v2\/users\/1"}],"replies":[{"embeddable":true,"href":"https:\/\/minutaregional.cl\/index.php?rest_route=%2Fwp%2Fv2%2Fcomments&post=1944"}],"version-history":[{"count":3,"href":"https:\/\/minutaregional.cl\/index.php?rest_route=\/wp\/v2\/posts\/1944\/revisions"}],"predecessor-version":[{"id":1949,"href":"https:\/\/minutaregional.cl\/index.php?rest_route=\/wp\/v2\/posts\/1944\/revisions\/1949"}],"wp:featuredmedia":[{"embeddable":true,"href":"https:\/\/minutaregional.cl\/index.php?rest_route=\/wp\/v2\/media\/1945"}],"wp:attachment":[{"href":"https:\/\/minutaregional.cl\/index.php?rest_route=%2Fwp%2Fv2%2Fmedia&parent=1944"}],"wp:term":[{"taxonomy":"category","embeddable":true,"href":"https:\/\/minutaregional.cl\/index.php?rest_route=%2Fwp%2Fv2%2Fcategories&post=1944"},{"taxonomy":"post_tag","embeddable":true,"href":"https:\/\/minutaregional.cl\/index.php?rest_route=%2Fwp%2Fv2%2Ftags&post=1944"}],"curies":[{"name":"wp","href":"https:\/\/api.w.org\/{rel}","templated":true}]}}