{"id":1941,"date":"2022-09-25T16:32:10","date_gmt":"2022-09-25T16:32:10","guid":{"rendered":"https:\/\/minutaregional.cl\/?p=1941"},"modified":"2022-09-25T16:32:10","modified_gmt":"2022-09-25T16:32:10","slug":"aguas-del-valle-inicia-obras-de-renovacion-de-redes-que-benefician-a-mas-de-43-000-hogares-en-coquimbo","status":"publish","type":"post","link":"https:\/\/minutaregional.cl\/?p=1941","title":{"rendered":"Aguas del Valle Inicia Obras de Renovaci\u00f3n de Redes que Benefician a M\u00e1s de 43.000 hogares en Coquimbo"},"content":{"rendered":"<ul>\n<li style=\"text-align: justify;\">Los trabajos, que se inician este 27 de septiembre, permitir\u00e1n complementar la infraestructura de recolecci\u00f3n de aguas servidas para el sector de Tierras Blancas. La inversi\u00f3n supera los $1.545 millones.<\/li>\n<\/ul>\n<p style=\"text-align: justify;\"><strong>Coquimbo, 25 de septiembre de 2022.<\/strong>\u00a0 Aguas del Valle inform\u00f3 que, a partir de este martes 27 de septiembre, iniciar\u00e1 la segunda etapa de las obras de instalaci\u00f3n de una conducci\u00f3n de 488 metros para el refuerzo del sistema de recolecci\u00f3n de aguas servidas de Coquimbo. El tramo actual contempla la intervenci\u00f3n de la caletera poniente del paso sobre nivel de Av. Balmaceda, hasta la intersecci\u00f3n con Av. Regimiento Arica.<\/p>\n<p style=\"text-align: justify;\">\u201cLa tuber\u00eda que vamos a instalar complementar\u00e1 la infraestructura actual, que traslada las aguas servidas de todo el sector de Tierras Blancas, que ha crecido ampliamente en los \u00faltimos a\u00f1os\u201d, detall\u00f3 el subgerente zonal Elqui, Giancarlo Sotomayor.<\/p>\n<p style=\"text-align: justify;\">Los trabajos que se desarrollar\u00e1n en la caletera poniente de Av. Balmaceda hasta la intersecci\u00f3n con Av. Regimiento Arica, entre el paso sobre nivel y el supermercado L\u00edder, se extender\u00e1n entre el 27 de septiembre y el 31 de diciembre de 2022. Se realizar\u00e1n bajo la modalidad de zanja abierta con todas las medidas de seguridad requeridas para el resguardo de conductores y peatones. Las veredas quedar\u00e1n habilitadas para el tr\u00e1nsito peatonal.<\/p>\n<p style=\"text-align: justify;\">Las obras, adem\u00e1s, contemplan una tercera etapa (final) en un tramo acotado de Avenida Balmaceda, lo que se informar\u00e1 oportunamente a la comunidad.<\/p>\n<p style=\"text-align: justify;\"><strong>Desv\u00edos de tr\u00e1nsito<\/strong><\/p>\n<p style=\"text-align: justify;\">La sanitaria detall\u00f3 que se coordinaron los desv\u00edos de tr\u00e1nsito para el buen desarrollo de las obras. El tramo de la caletera poniente de Av. Balmaceda entre el sector de Indura y Av. Regimiento Arica se mantendr\u00e1 cerrado, por cual se dispuso de un plan especial de desplazamiento con alternativas viales para el transporte particular y p\u00fablico, el que estar\u00e1 debidamente se\u00f1alizado.<\/p>\n<p style=\"text-align: justify;\"><strong>Locomoci\u00f3n P\u00fablica Mayor:<\/strong> Desde el norte por Av. Balmaceda &#8211; calle El Cha\u00f1ar &#8211; Av. Gabriel Gonz\u00e1lez Videla \u2013 Cisternas \u2013 Av. Regimiento Arica.<\/p>\n<p style=\"text-align: justify;\"><strong>Locomoci\u00f3n P\u00fablica Menor:<\/strong> Desde el norte por Av. Balmaceda \u2013 Paso sobre nivel \u2013 Los Lagos \u2013 calle Andr\u00e9s Juli\u00e1 \u2013 Av. Regimiento Arica.<\/p>\n<p style=\"text-align: justify;\">Las obras ya fueron informadas a los dirigentes vecinales del sector y los gremios del transporte p\u00fablico. Adem\u00e1s, ante cualquier requerimiento, los clientes pueden recurrir a los canales habituales de atenci\u00f3n: el fono servicio 600 400 4444 o a la cuenta de Twitter @aguasdelvalle.<\/p>\n<p style=\"text-align: justify;\">La primera etapa en Av. Regimiento Arica y la entrega de la v\u00eda al tr\u00e1nsito vehicular culmin\u00f3 exitosamente el pasado de 15 de septiembre, de acuerdo con lo planificado.<\/p>\n","protected":false},"excerpt":{"rendered":"<p>Los trabajos, que se inician este 27 de septiembre, permitir\u00e1n complementar la infraestructura de recolecci\u00f3n de aguas servidas para el sector de Tierras Blancas. La inversi\u00f3n supera los $1.545 millones. Coquimbo, 25 de septiembre de 2022.\u00a0 Aguas del Valle inform\u00f3 que, a partir de este martes 27 de septiembre, iniciar\u00e1<\/p>\n","protected":false},"author":1,"featured_media":1942,"comment_status":"closed","ping_status":"open","sticky":false,"template":"","format":"standard","meta":{"footnotes":""},"categories":[45],"tags":[],"class_list":["post-1941","post","type-post","status-publish","format-standard","has-post-thumbnail","hentry","category-aguas-del-valle"],"_links":{"self":[{"href":"https:\/\/minutaregional.cl\/index.php?rest_route=\/wp\/v2\/posts\/1941","targetHints":{"allow":["GET"]}}],"collection":[{"href":"https:\/\/minutaregional.cl\/index.php?rest_route=\/wp\/v2\/posts"}],"about":[{"href":"https:\/\/minutaregional.cl\/index.php?rest_route=\/wp\/v2\/types\/post"}],"author":[{"embeddable":true,"href":"https:\/\/minutaregional.cl\/index.php?rest_route=\/wp\/v2\/users\/1"}],"replies":[{"embeddable":true,"href":"https:\/\/minutaregional.cl\/index.php?rest_route=%2Fwp%2Fv2%2Fcomments&post=1941"}],"version-history":[{"count":1,"href":"https:\/\/minutaregional.cl\/index.php?rest_route=\/wp\/v2\/posts\/1941\/revisions"}],"predecessor-version":[{"id":1943,"href":"https:\/\/minutaregional.cl\/index.php?rest_route=\/wp\/v2\/posts\/1941\/revisions\/1943"}],"wp:featuredmedia":[{"embeddable":true,"href":"https:\/\/minutaregional.cl\/index.php?rest_route=\/wp\/v2\/media\/1942"}],"wp:attachment":[{"href":"https:\/\/minutaregional.cl\/index.php?rest_route=%2Fwp%2Fv2%2Fmedia&parent=1941"}],"wp:term":[{"taxonomy":"category","embeddable":true,"href":"https:\/\/minutaregional.cl\/index.php?rest_route=%2Fwp%2Fv2%2Fcategories&post=1941"},{"taxonomy":"post_tag","embeddable":true,"href":"https:\/\/minutaregional.cl\/index.php?rest_route=%2Fwp%2Fv2%2Ftags&post=1941"}],"curies":[{"name":"wp","href":"https:\/\/api.w.org\/{rel}","templated":true}]}}