{"id":1938,"date":"2022-09-24T03:39:11","date_gmt":"2022-09-24T03:39:11","guid":{"rendered":"https:\/\/minutaregional.cl\/?p=1938"},"modified":"2022-09-24T03:39:11","modified_gmt":"2022-09-24T03:39:11","slug":"mineduc-informa-actualizacion-del-protocolo-sanitario-para-establecimientos-educacionales-tras-avance-a-escenario-de-apertura","status":"publish","type":"post","link":"https:\/\/minutaregional.cl\/?p=1938","title":{"rendered":"Mineduc Informa Actualizaci\u00f3n del Protocolo Sanitario para Establecimientos Educacionales tras Avance a Escenario de Apertura"},"content":{"rendered":"<ul>\n<li style=\"text-align: justify;\"><strong>Tras el anuncio realizado por el Ministerio de Salud, respecto a que el actual escenario epidemiol\u00f3gico permite avanzar hacia una apertura de las medidas de prevenci\u00f3n y control de la pandemia de Covid-19, el Ministerio de Educaci\u00f3n envi\u00f3 a las comunidades educativas de todo el pa\u00eds informaci\u00f3n detallada de las modificaciones al Protocolo de medidas sanitarias y vigilancia epidemiol\u00f3gica para establecimientos educacionales, las que comienzan a regir a partir de este 1 de octubre.<\/strong><\/li>\n<\/ul>\n<p style=\"text-align: justify;\">Dentro de estas modificaciones, se informa que <strong>el uso de mascarillas ya no ser\u00e1 obligatorio <\/strong>en educaci\u00f3n parvularia, b\u00e1sica ni media, ni en ninguna modalidad del sistema educativo. En este sentido, <strong>la decisi\u00f3n de utilizarla al interior de las salas de clases es \u00fanicamente de cada estudiante y apoderado\/a.<\/strong> Adem\u00e1s, todas las actividades se seguir\u00e1n realizando de manera presencial y la asistencia ser\u00e1 obligatoria.<\/p>\n<p style=\"text-align: justify;\">Junto con ello, se explica que, debido a que se ha alcanzado m\u00e1s del 80% de cobertura de vacunaci\u00f3n en los estudiantes a nivel nacional,<strong> se elimina la restricci\u00f3n de aforos en todos los espacios de los establecimientos educacionales<\/strong>, propiciando el distanciamiento en las actividades cotidianas cuando esto sea posible.<\/p>\n<p style=\"text-align: justify;\">El ministro de Educaci\u00f3n, Marco Antonio \u00c1vila, se\u00f1al\u00f3 que \u201cen permanente coordinaci\u00f3n con el Ministerio de Salud, revisamos los protocolos y decidimos avanzar hacia este mejor escenario para las y los estudiantes y docentes. Pero debemos tener claro que <strong>esta flexibilizaci\u00f3n no es el fin de las medidas y que la pandemia a\u00fan no ha terminado, debemos seguir cuid\u00e1ndonos<\/strong>, y mantener algunas de las medidas sanitarias por la seguridad de todas y todos al interior de los establecimientos\u201d.<\/p>\n<p style=\"text-align: justify;\">La Seremi de Educaci\u00f3n, Cecilia Ram\u00edrez Ch\u00e1vez manifest\u00f3 que \u201cante el actual escenario epidemiol\u00f3gico el Ministerio de Salud ha anunciado que desde el 1 de octubre el uso de mascarillas en los establecimientos ya no ser\u00e1 obligatorio, no existir\u00e1n aforos y habr\u00e1 cambios en la definici\u00f3n y acciones ante alerta de brotes.\u00a0 No obstante, se mantienen medidas de prevenci\u00f3n, como por ejemplo el lavado de manos y la ventilaci\u00f3n cruzada; y el aislamiento de casos sospechosos y confirmados. Si bien Los establecimientos educacionales no podr\u00e1n exigir el uso de las mascarillas, cada apoderado\/a y adulto responsable de los estudiantes podr\u00e1 decidir si su hijo (a), ni\u00f1os (as) o adolescentes a su cargo, usen este elemento de protecci\u00f3n sanitaria\u201d.<\/p>\n<p style=\"text-align: justify;\">La Seremi agreg\u00f3 que \u201cdesde la Seremi de Educaci\u00f3n invitamos a las comunidades educativas de la regi\u00f3n a informarse de las modificaciones al Protocolo de medidas sanitarias y vigilancia epidemiol\u00f3gica para los establecimientos educacionales, las que comienzan a regir a partir de este 1 de octubre. Y que hoy durante el d\u00eda fueron enviadas a los sostenedores y a todas las comunidades educativas de la regi\u00f3n y a las autoridades vinculadas a educaci\u00f3n\u201d.<\/p>\n<p style=\"text-align: justify;\">Algunas de las medidas de prevenci\u00f3n que se mantienen vigentes son la ventilaci\u00f3n de las salas de clases, el lavado de manos con jab\u00f3n o uso de alcohol gel cada 2 o 3 horas, y recordar a la comunidad estar alertas ante la presencia de s\u00edntomas de COVID-19 y no enviar a las y los estudiantes ante s\u00edntomas respiratorios.<\/p>\n<p style=\"text-align: justify;\">Asimismo, desde Mineduc, se recomienda a los establecimientos revisar el estado de vacunaci\u00f3n por cada curso en la p\u00e1gina de actualizaci\u00f3n semanal <a href=\"https:\/\/vacunacionescolar.mineduc.cl\/\">https:\/\/vacunacionescolar.mineduc.cl\/<\/a> e incentivar la vacunaci\u00f3n en los cursos que se encuentren bajo el umbral de 80%.<\/p>\n<p style=\"text-align: justify;\"><strong>Medidas ante alerta de brotes<\/strong><\/p>\n<p style=\"text-align: justify;\"><strong>\u00a0<\/strong>En el documento se establecen acciones y medidas espec\u00edficas ante casos de sospecha, confirmaci\u00f3n o alerta de COVID-19.<\/p>\n<p style=\"text-align: justify;\">Asimismo, cambia el accionar ante alerta de brotes. En este sentido, si en un lapso de 7 d\u00edas hay 3 o m\u00e1s casos confirmados de Covid-19 en un curso; o 7 casos o m\u00e1s en el establecimiento, la direcci\u00f3n del establecimiento deber\u00e1 informar a la autoridad sanitaria regional y ser\u00e1 la seremi de Salud la que evaluar\u00e1 toda la informaci\u00f3n respecto a cada situaci\u00f3n en particular y establecer\u00e1 medidas a partir de criterios y variables preestablecidas.<\/p>\n<p style=\"text-align: justify;\">Para m\u00e1s informaci\u00f3n acerca de la aplicaci\u00f3n del Protocolo de vigilancia epidemiol\u00f3gica, investigaci\u00f3n de brotes y medidas sanitarias en los establecimientos educacionales, revisar <a href=\"http:\/\/www.mineduc.cl\">www.mineduc.cl<\/a>.<\/p>\n","protected":false},"excerpt":{"rendered":"<p>Tras el anuncio realizado por el Ministerio de Salud, respecto a que el actual escenario epidemiol\u00f3gico permite avanzar hacia una apertura de las medidas de prevenci\u00f3n y control de la pandemia de Covid-19, el Ministerio de Educaci\u00f3n envi\u00f3 a las comunidades educativas de todo el pa\u00eds informaci\u00f3n detallada de las<\/p>\n","protected":false},"author":1,"featured_media":1939,"comment_status":"closed","ping_status":"open","sticky":false,"template":"","format":"standard","meta":{"footnotes":""},"categories":[51,40],"tags":[],"class_list":["post-1938","post","type-post","status-publish","format-standard","has-post-thumbnail","hentry","category-seremisalud_coquimbo","category-secreduc_iv"],"_links":{"self":[{"href":"https:\/\/minutaregional.cl\/index.php?rest_route=\/wp\/v2\/posts\/1938","targetHints":{"allow":["GET"]}}],"collection":[{"href":"https:\/\/minutaregional.cl\/index.php?rest_route=\/wp\/v2\/posts"}],"about":[{"href":"https:\/\/minutaregional.cl\/index.php?rest_route=\/wp\/v2\/types\/post"}],"author":[{"embeddable":true,"href":"https:\/\/minutaregional.cl\/index.php?rest_route=\/wp\/v2\/users\/1"}],"replies":[{"embeddable":true,"href":"https:\/\/minutaregional.cl\/index.php?rest_route=%2Fwp%2Fv2%2Fcomments&post=1938"}],"version-history":[{"count":1,"href":"https:\/\/minutaregional.cl\/index.php?rest_route=\/wp\/v2\/posts\/1938\/revisions"}],"predecessor-version":[{"id":1940,"href":"https:\/\/minutaregional.cl\/index.php?rest_route=\/wp\/v2\/posts\/1938\/revisions\/1940"}],"wp:featuredmedia":[{"embeddable":true,"href":"https:\/\/minutaregional.cl\/index.php?rest_route=\/wp\/v2\/media\/1939"}],"wp:attachment":[{"href":"https:\/\/minutaregional.cl\/index.php?rest_route=%2Fwp%2Fv2%2Fmedia&parent=1938"}],"wp:term":[{"taxonomy":"category","embeddable":true,"href":"https:\/\/minutaregional.cl\/index.php?rest_route=%2Fwp%2Fv2%2Fcategories&post=1938"},{"taxonomy":"post_tag","embeddable":true,"href":"https:\/\/minutaregional.cl\/index.php?rest_route=%2Fwp%2Fv2%2Ftags&post=1938"}],"curies":[{"name":"wp","href":"https:\/\/api.w.org\/{rel}","templated":true}]}}