{"id":1923,"date":"2022-09-24T02:31:14","date_gmt":"2022-09-24T02:31:14","guid":{"rendered":"https:\/\/minutaregional.cl\/?p=1923"},"modified":"2022-09-24T02:39:57","modified_gmt":"2022-09-24T02:39:57","slug":"estudiantes-ovallinos-disfrutaron-en-vivo-con-la-musica-andina-del-grupo-tamaya","status":"publish","type":"post","link":"https:\/\/minutaregional.cl\/?p=1923","title":{"rendered":"Estudiantes Ovallinos Disfrutaron en Vivo con la M\u00fasica Andina del Grupo Tamaya"},"content":{"rendered":"<audio class=\"wp-audio-shortcode\" id=\"audio-1923-1\" preload=\"none\" style=\"width: 100%;\" controls=\"controls\"><source type=\"audio\/mpeg\" src=\"https:\/\/minutaregional.cl\/wp-content\/uploads\/2022\/09\/Cuna-Cedric-Steinlen-seremi-de-las-Culturas.mp3?_=1\" \/><a href=\"https:\/\/minutaregional.cl\/wp-content\/uploads\/2022\/09\/Cuna-Cedric-Steinlen-seremi-de-las-Culturas.mp3\">https:\/\/minutaregional.cl\/wp-content\/uploads\/2022\/09\/Cuna-Cedric-Steinlen-seremi-de-las-Culturas.mp3<\/a><\/audio>\n<p>AUDIO : \u00a0Cedric Steinlen &#8211; Seremi de las Culturas<\/p>\n<ul>\n<li style=\"text-align: justify;\"><strong>Alumnos y alumnas del Colegio Gabriela Mistral finalizaron su participaci\u00f3n en el Programa de Apreciaci\u00f3n de la M\u00fasica Nacional (PAMN), en una intervenci\u00f3n realizada en dependencias del establecimiento junto a la reconocida agrupaci\u00f3n regional.<\/strong><\/li>\n<\/ul>\n<p style=\"text-align: justify;\">Una novedosa experiencia vivieron cuarenta estudiantes de 7\u00b0 B\u00e1sico del Colegio Gabriela Mistral de Ovalle, quienes fueron parte del Programa de Apreciaci\u00f3n de la M\u00fasica Nacional (PAMN) que lleva adelante el Ministerio de las Culturas, las Artes y el Patrimonio a lo largo y ancho del territorio nacional.<\/p>\n<p style=\"text-align: justify;\">Alumnos y alumnas del establecimiento participaron en un ciclo de mediaci\u00f3n musical, basado en el desarrollo y trabajo de diferentes t\u00e9cnicas. Adem\u00e1s, se interiorizaron sobre la historia de esta reconocida agrupaci\u00f3n limarina de m\u00e1s de treinta a\u00f1os de trayectoria a nivel nacional. \u201cFue todo excelente, me gust\u00f3 mucho la experiencia, la m\u00fasica fue muy relajante. Me gust\u00f3 verlos cantar en vivo, el ritmo de la m\u00fasica. Hab\u00eda escuchado hablar un poco sobre el \u2018Grupo Tamaya\u2019, pero no conoc\u00eda mucho la m\u00fasica andina y me termin\u00f3 encantando\u201d, reconoci\u00f3 el estudiante, Felipe Tobar.<\/p>\n<p style=\"text-align: justify;\">Luego de varias sesiones de mediaci\u00f3n musical, la agrupaci\u00f3n ovallina realiz\u00f3 una presentaci\u00f3n en dependencias del colegio donde interpretaron algunos de sus \u00e9xitos m\u00e1s conocidos, como \u201cAlameda\u201d, \u201cYarav\u00ed\u201d, \u201cAlgo diferente\u201d, \u201cHuayno de la nostalgia\u201d, y \u201cVer\u00f3nica\u201d, entre otros.<\/p>\n<p style=\"text-align: justify;\">Edgardo Guerra, miembro del Grupo Tamaya, se\u00f1al\u00f3 que \u201cha sido una experiencia maravillosa el poder compartir con ni\u00f1os, y que ellos disfruten nuestra m\u00fasica es lo mejor que nos puede pasar. Me recuerda mi ni\u00f1ez cuando cantaba en el colegio y no sab\u00eda tocar ning\u00fan instrumento, pero cantaba igual, as\u00ed que creo que es una experiencia gratificante y enriquecedora absolutamente\u201d.<\/p>\n<p style=\"text-align: justify;\">El Programa de Apreciaci\u00f3n de la M\u00fasica Nacional promueve fortalecer los aprendizajes creativos a partir del desarrollo de proyectos y actividades de mediaci\u00f3n cultura art\u00edstica destinadas a ni\u00f1os, ni\u00f1as y j\u00f3venes en edad escolar.<\/p>\n<p style=\"text-align: justify;\">Cedric Steinlen, seremi de las Culturas, destac\u00f3 que \u201cpara nuestro ministerio es importante aumentar de manera cuantitativa y cualitativa la oferta de contenidos\u00a0 que se vinculen directamente con la educaci\u00f3n art\u00edstica musical, que le permita a ni\u00f1as, ni\u00f1os y j\u00f3venes aprender y elevar su capital cultural y el de sus familias. Adem\u00e1s este tipo de experiencias promueve el disfrute, la comprensi\u00f3n y la confianza, entre otros valores\u201d.<\/p>\n<p style=\"text-align: justify;\">Hasta noviembre diferentes agrupaciones musicales recorrer\u00e1n establecimientos educacionales de la regi\u00f3n para realizar ciclos de mediaciones musicales, como la Orquesta Sinf\u00f3nica Latinoamericana del Centro Cultural San Francisco, Crisis, Orquesta Sinf\u00f3nica Universidad de La Serena, Innefable, Sudamerijazz, Juan Antonio \u00abChicoria\u00bb S\u00e1nchez, Polter, Cain, Less, Viejo Pez y Kraz.<\/p>\n<p>&nbsp;<\/p>\n","protected":false},"excerpt":{"rendered":"<p>AUDIO : \u00a0Cedric Steinlen &#8211; Seremi de las Culturas Alumnos y alumnas del Colegio Gabriela Mistral finalizaron su participaci\u00f3n en el Programa de Apreciaci\u00f3n de la M\u00fasica Nacional (PAMN), en una intervenci\u00f3n realizada en dependencias del establecimiento junto a la reconocida agrupaci\u00f3n regional. Una novedosa experiencia vivieron cuarenta estudiantes de<\/p>\n","protected":false},"author":1,"featured_media":1924,"comment_status":"closed","ping_status":"open","sticky":false,"template":"","format":"standard","meta":{"footnotes":""},"categories":[16],"tags":[],"class_list":["post-1923","post","type-post","status-publish","format-standard","has-post-thumbnail","hentry","category-seremi-de-cultura"],"_links":{"self":[{"href":"https:\/\/minutaregional.cl\/index.php?rest_route=\/wp\/v2\/posts\/1923","targetHints":{"allow":["GET"]}}],"collection":[{"href":"https:\/\/minutaregional.cl\/index.php?rest_route=\/wp\/v2\/posts"}],"about":[{"href":"https:\/\/minutaregional.cl\/index.php?rest_route=\/wp\/v2\/types\/post"}],"author":[{"embeddable":true,"href":"https:\/\/minutaregional.cl\/index.php?rest_route=\/wp\/v2\/users\/1"}],"replies":[{"embeddable":true,"href":"https:\/\/minutaregional.cl\/index.php?rest_route=%2Fwp%2Fv2%2Fcomments&post=1923"}],"version-history":[{"count":2,"href":"https:\/\/minutaregional.cl\/index.php?rest_route=\/wp\/v2\/posts\/1923\/revisions"}],"predecessor-version":[{"id":1928,"href":"https:\/\/minutaregional.cl\/index.php?rest_route=\/wp\/v2\/posts\/1923\/revisions\/1928"}],"wp:featuredmedia":[{"embeddable":true,"href":"https:\/\/minutaregional.cl\/index.php?rest_route=\/wp\/v2\/media\/1924"}],"wp:attachment":[{"href":"https:\/\/minutaregional.cl\/index.php?rest_route=%2Fwp%2Fv2%2Fmedia&parent=1923"}],"wp:term":[{"taxonomy":"category","embeddable":true,"href":"https:\/\/minutaregional.cl\/index.php?rest_route=%2Fwp%2Fv2%2Fcategories&post=1923"},{"taxonomy":"post_tag","embeddable":true,"href":"https:\/\/minutaregional.cl\/index.php?rest_route=%2Fwp%2Fv2%2Ftags&post=1923"}],"curies":[{"name":"wp","href":"https:\/\/api.w.org\/{rel}","templated":true}]}}