{"id":1919,"date":"2022-09-24T02:15:25","date_gmt":"2022-09-24T02:15:25","guid":{"rendered":"https:\/\/minutaregional.cl\/?p=1919"},"modified":"2022-09-24T02:15:25","modified_gmt":"2022-09-24T02:15:25","slug":"region-de-coquimbo-inicia-participacion-en-final-nacional-de-juegos-deportivos-escolares-2022","status":"publish","type":"post","link":"https:\/\/minutaregional.cl\/?p=1919","title":{"rendered":"Regi\u00f3n de Coquimbo inicia participaci\u00f3n en  Final Nacional de  Juegos Deportivos  Escolares 2022."},"content":{"rendered":"<div style=\"text-align: justify;\"><b><i>En Caldera, \u00a0 la regi\u00f3n \u00a0de Coquimbo, inicia su participaci\u00f3n en la Gran Final Nacional de los Juegos Deportivos Escolares, \u00a0los deportistas-escolares \u00a0participar\u00e1n tanto damas como varones, \u00a0el torneo \u00a0 tendr\u00e1 como sedes, comunas de \u00a0las regiones de Atacama, Biob\u00edo, Araucan\u00eda y Metropolitana.<\/i><\/b><\/p>\n<p>M\u00e1s de un centenar \u00a0de deportistas escolares, damas y varones de la \u00a0categor\u00eda sub 14, formar\u00e1n la delegaci\u00f3n regional, que intervendr\u00e1 en la gran Final Nacional de los Juegos Deportivos Escolares \u00a02022, la que est\u00e1 formada \u00a0por Colegios, Liceos y Escuelas de las tres provincias \u00a0de \u00a0 la regi\u00f3n, \u00a0que se ganaron el derecho de participar, \u00a0en este \u00a0evento nacional, al resultar campeones \u00a0de la fase regional, \u00a0de estos mismo juegos, \u00a0competir\u00e1n en \u00a0variadas disciplinas deportivas, tanto colectivas como individuales, tales como: \u00a0 ajedrez, \u00a0atletismo, balonmano, b\u00e1squetbol, \u00a0futsal, judo, \u00a0nataci\u00f3n, tenis de mesa \u00a0y \u00a0voleibol, torneo que se realizar\u00e1, \u00a0 en distintos \u00a0escenarios deportivos, \u00a0en \u00a0algunas comunas \u00a0de las regiones de Atacama, Biob\u00edo, Araucan\u00eda y Metropolitana.<\/p>\n<p>En efecto, la selecci\u00f3n femenina de futsal \u00a0del Liceo Bicentenario Alejandro \u00c1lvarez Jofr\u00e9 \u00a0de Ovalle marcar\u00e1 el inicio de esta Final Nacional, \u00a0la que a partir del \u00a023 y hasta el 29 de septiembre, competir\u00e1 en esta \u00a0primera etapa de clasificaci\u00f3n en la Final Nacional, \u00a0donde integrar\u00e1 el Grupo \u201cD\u201d y \u00a0se \u00a0enfrentar\u00e1 \u00a0a sus iguales de las regiones de Los Lagos, Los R\u00edos y Magallanes, encuentros que se realizar\u00e1n en el gimnasio CEVS, delegaci\u00f3n emprender\u00e1, \u00a0 por estos d\u00edas a la nortina comuna de Caldera<\/p>\n<p>El Director Regional del Instituto Nacional de Deportes, Jonathan Pino Naranjo, se\u00f1al\u00f3 al respecto:\u00a0<b><i>\u201cEstamos finalizando un proceso que comenz\u00f3, \u00a0con las etapas comunales de los Juegos, cada colegio, escuela o liceo, se esmer\u00f3 en la preparaci\u00f3n, puso esfuerzo \u00a0y esp\u00edritu deportivo en cada presentaci\u00f3n, \u00a0agradezco el esfuerzo de los profesores, que guiaron \u00a0y que alentaron a sus estudiantes, como tambi\u00e9n a los padres y la familia que acompa\u00f1aron a los escolares \u2013 deportistas, mis mejores deseos de \u00e9xito a las selecciones damas y varones, \u00a0que nos representar\u00e1n en las distintas sedes \u00a0en la Final Nacional, de seguro que ser\u00e1 una gran final, para todos\u201d<\/i><\/b>.<\/p>\n<p>Para el Seremi del Deporte Fernando \u00a0Medina Vergara,\u00a0<b><i>\u201cEsta es una real oportunidad para las estudiantes de vivir \u00a0una \u00a0competencia \u00a0nacional, \u00a0torneo que se reactiva, \u00a0luego de dos a\u00f1os \u00a0de pandemia, adem\u00e1s \u00a0de \u00a0competir representando a \u00a0su comuna y a su regi\u00f3n, es una gran experiencia para su formaci\u00f3n como deportistas, \u00a0estos Juegos, \u00a0 abren un sinn\u00famero de opciones, \u00a0a los deportistas, m\u00e1s a\u00fan si estos son escolares, a los que consideramos la base, \u00a0 para la formaci\u00f3n futura, \u00a0en todas las disciplinas deportivas, esperemos que esta competencia, \u00a0sea de gran beneficio \u00a0para todos los \u00a0deportistas regionales\u201d.<\/i><\/b><\/p>\n<p>En deportes colectivos, la regi\u00f3n de Coquimbo se ver\u00e1 representada en voleibol por equipos serenense, en\u00a0 damas lo har\u00e1 el\u00a0 Colegio Ger\u00f3nimo Rendic\u00a0 y en varones \u00a0por \u00a0el Colegio Sagrados Corazones, mientras que \u00a0el Colegio Santa Teresa de Illapel y el Colegio San Francisco de As\u00eds \u00a0de Salamanca, lo har\u00e1n en b\u00e1squetbol, \u00a0en balonmano la delegaci\u00f3n regional estar\u00e1 integrada por el Colegio Christ School de La Serena, en damas y en varones lo har\u00e1 el Liceo Bicentenario Alejandro \u00c1lvarez Jofr\u00e9 de Ovalle, en futsal \u00a0damas\u00a0 se repite el liceo ovallino, y en varones ser\u00e1 el Colegio San Ignacio de Loyola de Illapel, \u00a0 mientras que en deportes individuales como ajedrez, tenis de mesa, judo, nataci\u00f3n y atletismo, \u00a0la delegaci\u00f3n estar\u00e1 integrada \u00a0por \u00a0escolares de casi toda las comunas de la regi\u00f3n.<\/p>\n<p>Las Gran Final Nacional, \u00a0 se realizar\u00e1 \u00a0de acuerdo a la distribuci\u00f3n geogr\u00e1fica \u00a0hecha por la Organizaci\u00f3n y con fechas alternas, \u00a0quedando de la siguiente manera: Regi\u00f3n \u00a0de Atacama: Futsal \u00a0F y M \u00a0(Caldera y Copiap\u00f3); Regi\u00f3n de La Araucan\u00eda: Judo y Ajedrez \u00a0F y M (Puc\u00f3n) Tenis de Mesa y Voleibol \u00a0F y M (Villarrica); Regi\u00f3n de Bio Bio: Balonmano F y M, (Santa B\u00e1rbara); B\u00e1squetbol \u00a0F \u00a0y M, Ciclismo F y M \u00a0(Concepci\u00f3n); Regi\u00f3n Metropolitana: \u00a0Atletismo \u00a0F y M, \u00a0Nataci\u00f3n F y M (Santiago). Los Juegos Deportivo \u00a0Escolares, son un evento deportivo, \u00a0que re\u00fane a \u00a0escolares sub 14 y a\u00a0juveniles, \u00a0 damas y varones, de establecimientos educacionales \u00a0de \u00a0b\u00e1sica y media, \u00a0convocados por el Ministerio del Deporte y ejecutado por el Instituto Nacional \u00a0de Deportes.<\/p><\/div>\n<div><\/div>\n","protected":false},"excerpt":{"rendered":"<p>En Caldera, \u00a0 la regi\u00f3n \u00a0de Coquimbo, inicia su participaci\u00f3n en la Gran Final Nacional de los Juegos Deportivos Escolares, \u00a0los deportistas-escolares \u00a0participar\u00e1n tanto damas como varones, \u00a0el torneo \u00a0 tendr\u00e1 como sedes, comunas de \u00a0las regiones de Atacama, Biob\u00edo, Araucan\u00eda y Metropolitana. M\u00e1s de un centenar \u00a0de deportistas escolares,<\/p>\n","protected":false},"author":1,"featured_media":1921,"comment_status":"closed","ping_status":"open","sticky":false,"template":"","format":"standard","meta":{"footnotes":""},"categories":[37],"tags":[],"class_list":["post-1919","post","type-post","status-publish","format-standard","has-post-thumbnail","hentry","category-ind-coquimbo"],"_links":{"self":[{"href":"https:\/\/minutaregional.cl\/index.php?rest_route=\/wp\/v2\/posts\/1919","targetHints":{"allow":["GET"]}}],"collection":[{"href":"https:\/\/minutaregional.cl\/index.php?rest_route=\/wp\/v2\/posts"}],"about":[{"href":"https:\/\/minutaregional.cl\/index.php?rest_route=\/wp\/v2\/types\/post"}],"author":[{"embeddable":true,"href":"https:\/\/minutaregional.cl\/index.php?rest_route=\/wp\/v2\/users\/1"}],"replies":[{"embeddable":true,"href":"https:\/\/minutaregional.cl\/index.php?rest_route=%2Fwp%2Fv2%2Fcomments&post=1919"}],"version-history":[{"count":1,"href":"https:\/\/minutaregional.cl\/index.php?rest_route=\/wp\/v2\/posts\/1919\/revisions"}],"predecessor-version":[{"id":1922,"href":"https:\/\/minutaregional.cl\/index.php?rest_route=\/wp\/v2\/posts\/1919\/revisions\/1922"}],"wp:featuredmedia":[{"embeddable":true,"href":"https:\/\/minutaregional.cl\/index.php?rest_route=\/wp\/v2\/media\/1921"}],"wp:attachment":[{"href":"https:\/\/minutaregional.cl\/index.php?rest_route=%2Fwp%2Fv2%2Fmedia&parent=1919"}],"wp:term":[{"taxonomy":"category","embeddable":true,"href":"https:\/\/minutaregional.cl\/index.php?rest_route=%2Fwp%2Fv2%2Fcategories&post=1919"},{"taxonomy":"post_tag","embeddable":true,"href":"https:\/\/minutaregional.cl\/index.php?rest_route=%2Fwp%2Fv2%2Ftags&post=1919"}],"curies":[{"name":"wp","href":"https:\/\/api.w.org\/{rel}","templated":true}]}}