{"id":1916,"date":"2022-09-24T02:07:01","date_gmt":"2022-09-24T02:07:01","guid":{"rendered":"https:\/\/minutaregional.cl\/?p=1916"},"modified":"2022-09-24T02:07:01","modified_gmt":"2022-09-24T02:07:01","slug":"aguas-del-valle-invierte-mas-de-135-millones-en-renovacion-de-redes-de-alcantarillado-en-la-serena","status":"publish","type":"post","link":"https:\/\/minutaregional.cl\/?p=1916","title":{"rendered":"Aguas del Valle invierte m\u00e1s de $135 millones en renovaci\u00f3n de redes de alcantarillado en La Serena"},"content":{"rendered":"<ul>\n<li>Se trata de una obra en la calzada poniente de Av. Balmaceda, entre calle Juan Antonio R\u00edos y Av. Huanhual\u00ed, que permitir\u00e1 seguir robusteciendo el servicio, beneficiando a 550 hogares.<\/li>\n<\/ul>\n<p><strong>La Serena, 23 de septiembre de 2022.<\/strong>\u00a0Aguas del Valle inform\u00f3 que comenzar\u00e1 a ejecutar a partir del 26 de septiembre, una obra de renovaci\u00f3n de 130 metros de redes de alcantarillado en un tramo acotado de Av. Balmaceda en La Serena. Los trabajos benefician a 550 hogares y tienen una inversi\u00f3n que supera los $ 135 millones.<\/p>\n<p>El subgerente zonal Elqui de Aguas del Valle, Giancarlo Sotomayor, detall\u00f3 que \u201cesta obra nos permite renovar nuestra infraestructura, adem\u00e1s de minimizar el riesgo de obstrucciones y afloramiento de aguas servidas. En ese sentido, reiteramos el llamado al buen uso de esta red. Nuestro objetivo es seguir optimizando el servicio en la comuna de La Serena\u201d.<\/p>\n<p>Los trabajos se desarrollar\u00e1n bajo la modalidad de zanja abierta y estar\u00e1n debidamente se\u00f1alizados para el resguardo de los transe\u00fantes y vecinos del sector.<\/p>\n<p><strong>Desv\u00edo de tr\u00e1nsito<\/strong><\/p>\n<p>La obra se desarrollar\u00e1 en Avenida Balmaceda, entre calle Juan Antonio R\u00edos y Av. Huanhual\u00ed, desde el 26 de septiembre al 25 de noviembre.<\/p>\n<p>Se utilizar\u00e1 la totalidad de la calzada poniente (direcci\u00f3n norte a sur) de lunes a viernes entre las 8:00 y las 20:00 horas, fuera de ese horario se habilitar\u00e1 media calzada, por lo que se implementar\u00e1 un plan de desv\u00edos.<\/p>\n<p>Para quienes se desplazan de norte a sur por dicha arteria las alternativas ser\u00e1n: Juan Antonio R\u00edos, Av. Estadio y Huanhual\u00ed \u2013 para retomar Av. Balmaceda.<\/p>\n<p>La informaci\u00f3n en detalle de los trabajos y sus beneficios fue comunicada a los vecinos del sector, dirigentes comunales, gremios del transporte p\u00fablico y se realizaron las coordinaciones con las autoridades correspondientes.<\/p>\n<p>Aguas del Valle recuerda que el Fono Servicio 600 400 4444 y tambi\u00e9n la cuenta de Twitter @AguasdelValle est\u00e1n a disposici\u00f3n para atender consultas.<\/p>\n<p>&nbsp;<\/p>\n","protected":false},"excerpt":{"rendered":"<p>Se trata de una obra en la calzada poniente de Av. Balmaceda, entre calle Juan Antonio R\u00edos y Av. Huanhual\u00ed, que permitir\u00e1 seguir robusteciendo el servicio, beneficiando a 550 hogares. La Serena, 23 de septiembre de 2022.\u00a0Aguas del Valle inform\u00f3 que comenzar\u00e1 a ejecutar a partir del 26 de septiembre,<\/p>\n","protected":false},"author":1,"featured_media":1917,"comment_status":"closed","ping_status":"open","sticky":false,"template":"","format":"standard","meta":{"footnotes":""},"categories":[45],"tags":[],"class_list":["post-1916","post","type-post","status-publish","format-standard","has-post-thumbnail","hentry","category-aguas-del-valle"],"_links":{"self":[{"href":"https:\/\/minutaregional.cl\/index.php?rest_route=\/wp\/v2\/posts\/1916","targetHints":{"allow":["GET"]}}],"collection":[{"href":"https:\/\/minutaregional.cl\/index.php?rest_route=\/wp\/v2\/posts"}],"about":[{"href":"https:\/\/minutaregional.cl\/index.php?rest_route=\/wp\/v2\/types\/post"}],"author":[{"embeddable":true,"href":"https:\/\/minutaregional.cl\/index.php?rest_route=\/wp\/v2\/users\/1"}],"replies":[{"embeddable":true,"href":"https:\/\/minutaregional.cl\/index.php?rest_route=%2Fwp%2Fv2%2Fcomments&post=1916"}],"version-history":[{"count":1,"href":"https:\/\/minutaregional.cl\/index.php?rest_route=\/wp\/v2\/posts\/1916\/revisions"}],"predecessor-version":[{"id":1918,"href":"https:\/\/minutaregional.cl\/index.php?rest_route=\/wp\/v2\/posts\/1916\/revisions\/1918"}],"wp:featuredmedia":[{"embeddable":true,"href":"https:\/\/minutaregional.cl\/index.php?rest_route=\/wp\/v2\/media\/1917"}],"wp:attachment":[{"href":"https:\/\/minutaregional.cl\/index.php?rest_route=%2Fwp%2Fv2%2Fmedia&parent=1916"}],"wp:term":[{"taxonomy":"category","embeddable":true,"href":"https:\/\/minutaregional.cl\/index.php?rest_route=%2Fwp%2Fv2%2Fcategories&post=1916"},{"taxonomy":"post_tag","embeddable":true,"href":"https:\/\/minutaregional.cl\/index.php?rest_route=%2Fwp%2Fv2%2Ftags&post=1916"}],"curies":[{"name":"wp","href":"https:\/\/api.w.org\/{rel}","templated":true}]}}