{"id":1909,"date":"2022-09-23T15:30:54","date_gmt":"2022-09-23T15:30:54","guid":{"rendered":"https:\/\/minutaregional.cl\/?p=1909"},"modified":"2022-09-23T15:30:54","modified_gmt":"2022-09-23T15:30:54","slug":"festival-trees-seas-el-evento-nacional-que-busca-generar-conciencia-medioambiental-y-promover-la-conservacion-de-los-ecosistemas-dunares","status":"publish","type":"post","link":"https:\/\/minutaregional.cl\/?p=1909","title":{"rendered":"Festival \u201cTrees &#038; Seas\u201d: El Evento Nacional que Busca Generar Conciencia Medioambiental y Promover la Conservaci\u00f3n de los Ecosistemas Dunares"},"content":{"rendered":"<p style=\"text-align: justify;\">Hasta el 25 de septiembre se estar\u00e1n desarrollando las actividades del festival \u201cTrees &amp; Seas\u201d, evento que busca generar un puente entre la conservaci\u00f3n dunar y el oc\u00e9ano, para enfatizar que m\u00faltiples comunidades pueden construir un solo planeta, m\u00e1s justo y sano para todos. Es por esto, que se han unido distintas entidades a nivel local como \u201cOlas Limpias\u201d, \u201cProyecto Adelaida\u201d y la \u201cCorporaci\u00f3n Regional de Desarrollo Productivo (CRDP)\u201d, quienes han realizado acciones de regeneraci\u00f3n, conservaci\u00f3n, concientizaci\u00f3n y educaci\u00f3n, para movilizar a la comunidad a realizar un esfuerzo global de cuidar el planeta.<\/p>\n<p style=\"text-align: justify;\">En el marco de las actividades del festival, se inaugur\u00f3 un panel informativo patrocinado por la Corporaci\u00f3n Regional de Desarrollo Productivo (a un costado de la Cafeter\u00eda Poisson), en el que se muestra las distintas especies end\u00e9micas y la flora que se encuentran en los ecosistemas dunares de la Regi\u00f3n de Coquimbo. Este panel se suma a los que ya est\u00e1n instalados en otros sectores de la Avenida del Mar de La Serena, y contiene informaci\u00f3n que busca educar sobre la biodiversidad del lugar y detectar las amenazas existentes para la flora y fauna dunar.<\/p>\n<p style=\"text-align: justify;\">Respecto a trabajo colaborativo y de concientizaci\u00f3n medioambiental, el Gerente de la Corporaci\u00f3n Regional de Desarrollo Productivo, Manuel Schneider, indic\u00f3 que \u201cnos asociamos con los organizadores de este festival porque desde el Gobierno Regional y la CRDP hemos trabajando desde hace tiempo para proteger los sistemas dunares. Esta escuela de surf va a apadrinar este sector del panel informativo y buscar\u00e1n generar conciencia respecto a la protecci\u00f3n del sistema dunar y las especies que habitan, tanto aves como flora nativa del sector. La idea es cuidarla, mantenerla y a su vez ir potenciando el turismo sostenible que estamos buscando en el sector del borde costero\u201d.<\/p>\n<p style=\"text-align: justify;\"><strong>Cuidado de Ecosistemas Dunares <\/strong><\/p>\n<p style=\"text-align: justify;\">Al respecto Diego Rojas, director ejecutivo de la Organizaci\u00f3n Olas Limpias, indic\u00f3 que ellos como \u201centidad no gubernamental formada por surfistas, buscan conservar y preservar el borde costero a trav\u00e9s de la educaci\u00f3n ambiental junto con la experiencia de poder surfear para todas y todos quienes quieran sumarse a este tipo de causas\u201d. Adem\u00e1s, se refiri\u00f3 a la importancia del cuidado de estos ecosistemas, declarando que \u201ces la principal fuente de protecci\u00f3n contra la erosi\u00f3n costera que es uno de los principales efectos del cambio clim\u00e1tico que afecta tanto a nivel local como nacional, siendo Chile uno de los pa\u00edses m\u00e1s afectados por estos factores clim\u00e1ticos y el aumento del nivel del mar\u201d.<\/p>\n<p style=\"text-align: justify;\">El evento internacional tambi\u00e9n ha contado con la presencia de la Organizaci\u00f3n Plastic Ocean, quienes han sido part\u00edcipe de todas las actividades y acciones que promueve el festival \u201cTrees &amp; Seas\u201d. Viviana Pinto, Directora Ejecutiva de la Organizaci\u00f3n Plastic Ocean, indic\u00f3 que \u201ceste festival se est\u00e1 realizando en distintas ubicaciones a nivel internacional y nacional, con el fin de concientizar a las personas sobre los ecosistemas marinos como terrestres y la relaci\u00f3n que tiene entre ellos, y tambi\u00e9n mostrar el rol que nosotros tenemos para su conservaci\u00f3n\u201d.<\/p>\n<p style=\"text-align: justify;\"><strong>Hasta el 25 de septiembre puedes ser parte del festival \u201cTrees &amp; Seas\u201d<\/strong><\/p>\n<p style=\"text-align: justify;\">El festival, que se est\u00e1 realizando paralelamente en Rapa Nui, la Regi\u00f3n Metropolitana y La Serena, ha visibilizado la importancia del borde costero y su biodiversidad. El objetivo es que m\u00e1s gente se sume a las limpiezas de playas y humedales, que acudan a las charlas y que visibilicen el cuidado del ecosistema dunar. Quienes quieran revisar el itinerario de las actividades programadas, solo deben ingresar a la p\u00e1gina web <a href=\"http:\/\/www.treesandseas.cl\">www.treesandseas.cl<\/a>.<\/p>\n","protected":false},"excerpt":{"rendered":"<p>Hasta el 25 de septiembre se estar\u00e1n desarrollando las actividades del festival \u201cTrees &amp; Seas\u201d, evento que busca generar un puente entre la conservaci\u00f3n dunar y el oc\u00e9ano, para enfatizar que m\u00faltiples comunidades pueden construir un solo planeta, m\u00e1s justo y sano para todos. Es por esto, que se han<\/p>\n","protected":false},"author":1,"featured_media":1910,"comment_status":"closed","ping_status":"open","sticky":false,"template":"","format":"standard","meta":{"footnotes":""},"categories":[1],"tags":[],"class_list":["post-1909","post","type-post","status-publish","format-standard","has-post-thumbnail","hentry","category-noticias-regionales"],"_links":{"self":[{"href":"https:\/\/minutaregional.cl\/index.php?rest_route=\/wp\/v2\/posts\/1909","targetHints":{"allow":["GET"]}}],"collection":[{"href":"https:\/\/minutaregional.cl\/index.php?rest_route=\/wp\/v2\/posts"}],"about":[{"href":"https:\/\/minutaregional.cl\/index.php?rest_route=\/wp\/v2\/types\/post"}],"author":[{"embeddable":true,"href":"https:\/\/minutaregional.cl\/index.php?rest_route=\/wp\/v2\/users\/1"}],"replies":[{"embeddable":true,"href":"https:\/\/minutaregional.cl\/index.php?rest_route=%2Fwp%2Fv2%2Fcomments&post=1909"}],"version-history":[{"count":1,"href":"https:\/\/minutaregional.cl\/index.php?rest_route=\/wp\/v2\/posts\/1909\/revisions"}],"predecessor-version":[{"id":1911,"href":"https:\/\/minutaregional.cl\/index.php?rest_route=\/wp\/v2\/posts\/1909\/revisions\/1911"}],"wp:featuredmedia":[{"embeddable":true,"href":"https:\/\/minutaregional.cl\/index.php?rest_route=\/wp\/v2\/media\/1910"}],"wp:attachment":[{"href":"https:\/\/minutaregional.cl\/index.php?rest_route=%2Fwp%2Fv2%2Fmedia&parent=1909"}],"wp:term":[{"taxonomy":"category","embeddable":true,"href":"https:\/\/minutaregional.cl\/index.php?rest_route=%2Fwp%2Fv2%2Fcategories&post=1909"},{"taxonomy":"post_tag","embeddable":true,"href":"https:\/\/minutaregional.cl\/index.php?rest_route=%2Fwp%2Fv2%2Ftags&post=1909"}],"curies":[{"name":"wp","href":"https:\/\/api.w.org\/{rel}","templated":true}]}}