{"id":1903,"date":"2022-09-23T15:11:29","date_gmt":"2022-09-23T15:11:29","guid":{"rendered":"https:\/\/minutaregional.cl\/?p=1903"},"modified":"2022-09-23T15:11:29","modified_gmt":"2022-09-23T15:11:29","slug":"feria-gastronomica-food-service-2022-contara-por-primera-vez-con-espacio-de-innovacion-alimentaria","status":"publish","type":"post","link":"https:\/\/minutaregional.cl\/?p=1903","title":{"rendered":"Feria Gastron\u00f3mica Food &#038; Service 2022 Contar\u00e1 por Primera vez con Espacio de Innovaci\u00f3n Alimentaria"},"content":{"rendered":"<p style=\"text-align: justify;\"><i>La iniciativa se realizar\u00e1 en coordinaci\u00f3n con el programa de Corfo, Transforma Alimentos, logrando reunir a startups, empresas, representantes de la academia y tambi\u00e9n el mundo p\u00fablico.<\/i><i><\/i><\/p>\n<p style=\"text-align: justify;\"><b>Jueves Septiembre de 2022.-<\/b>\u00a0Presentar el trabajo de empresas y emprendedores, junto a universidades e instituciones p\u00fablicas que promueven la innovaci\u00f3n y el emprendimiento en el sector alimentos del pa\u00eds, es el principal objetivo de la primera versi\u00f3n del\u00a0<b>Espacio de Innovaci\u00f3n Alimentaria de Chile<\/b>, que se realizar\u00e1 los d\u00edas 27, 28 y 29 de septiembre.<\/p>\n<p style=\"text-align: justify;\">La actividad nace a trav\u00e9s de la colaboraci\u00f3n de\u00a0<a href=\"https:\/\/www.espaciofoodservice.cl\/?gclid=Cj0KCQjwj7CZBhDHARIsAPPWv3dcCOoAnm5yvQLBpfx96p-o6APGs4a3K1SeY5m6vm2Tu52MPDj9OhYaAjO4EALw_wcB\" target=\"_blank\" rel=\"nofollow noopener noreferrer\">Espacio Food &amp; Service<\/a>, la feria de la industria alimentaria m\u00e1s importante del pa\u00eds, en coordinaci\u00f3n con el programa estrat\u00e9gico\u00a0<a href=\"https:\/\/transformaalimentos.cl\/\" target=\"_blank\" rel=\"nofollow noopener noreferrer\">Transforma Alimentos<\/a>, iniciativa impulsada por Corfo y apoyada por el Ministerio de Agricultura.<\/p>\n<p style=\"text-align: justify;\">\u201cSabemos que uno de los mayores desaf\u00edos frente a la crisis ambiental que enfrenta el planeta ser\u00e1 asegurar el abastecimiento de alimentos. En ese marco, el desarrollo de nuestra industria alimentaria debe seguir avanzando en diversificaci\u00f3n y asegurar su sostenibilidad, y para ello son fundamentales la ciencia, la tecnolog\u00eda y la innovaci\u00f3n. Desde Corfo, a trav\u00e9s del programa Transforma Alimentos y otras iniciativas, estamos comprometidos con fomentar un ecosistema que permita un trabajo coordinado entre el sector privado y diversas instituciones del Estado para fortalecer este sector vital para el desarrollo del pa\u00eds\u201d, explica Jos\u00e9 Miguel Benavente, vicepresidente ejecutivo de Corfo.<\/p>\n<p style=\"text-align: justify;\"><b>Los participantes<\/b><b><\/b><\/p>\n<p style=\"text-align: justify;\">El\u00a0<b>Espacio de Innovaci\u00f3n Alimentaria de Chile<\/b>\u00a0nace de manera colaborativa entre Espacio Food &amp; Service,\u00a0<a href=\"https:\/\/transformaalimentos.cl\/\" target=\"_blank\" rel=\"nofollow noopener noreferrer\">Transforma Alimentos<\/a>\u00a0y las siguientes startups, empresas y entidades: Liva Company; Luyef Biotechnologies; Orizon S.A.; Gelymar SA; Lythium SpA; Natpro Chile; PF Alimentos; IncubatecUFRO; el Departamento de Ingenier\u00eda en Alimentos de la Universidad de La Serena y la Facultad de Ingenier\u00eda Agr\u00edcola de la Universidad de Concepci\u00f3n.<\/p>\n<p style=\"text-align: justify;\">Adem\u00e1s, se suman el Centro de Innovaci\u00f3n Gastron\u00f3mica INACAP y los programas estrat\u00e9gicos regionales M\u00e1sMar Transforma, de la regi\u00f3n de Coquimbo; HortiCrece, de O\u2019Higgins; Maule Alimenta, del Maule y Mejill\u00f3n, de Los Lagos. A ellos se unen el Consorcio de Ingredientes Funcionales y Aditivos Naturales, IFAN y el Centro Tecnol\u00f3gico para la Innovaci\u00f3n Alimentaria, CeTA; junto a Corfo, ProChile, la Fundaci\u00f3n para la Innovaci\u00f3n Agraria, FIA e InvestChile.<\/p>\n<p style=\"text-align: justify;\">Se trata de 140 m2 de espacio f\u00edsico, localizados dentro del pabell\u00f3n principal, con diferentes zonas para la entrega de informaci\u00f3n, networking, activaciones gastron\u00f3micas y preparaciones innovadoras de las empresas participantes, adem\u00e1s de una exhibici\u00f3n con las 50 iniciativas seleccionadas para el Cat\u00e1logo de Innovaci\u00f3n Alimentaria de Chile 2022.<\/p>\n<p style=\"text-align: justify;\">\u201cEs un hito muy relevante, ya que por primera vez habr\u00e1 un pabell\u00f3n dedicado especialmente a la innovaci\u00f3n alimentaria de Chile, donde gracias a un esfuerzo colaborativo se presentar\u00e1 el trabajo de instituciones, universidades y empresas de distintos sectores y regiones del pa\u00eds, buscando tambi\u00e9n facilitar las conexiones con los miles de visitantes que se esperan en esta nueva versi\u00f3n\u201d comenta Graciela Urrutia, gerenta de Transforma Alimentos.<\/p>\n<p style=\"text-align: justify;\"><b>Novedades, tendencias y gastronom\u00eda<\/b><b><\/b><\/p>\n<p style=\"text-align: justify;\">Durante 2022\u00a0<a href=\"https:\/\/www.espaciofoodservice.cl\/?gclid=Cj0KCQjwj7CZBhDHARIsAPPWv3dcCOoAnm5yvQLBpfx96p-o6APGs4a3K1SeY5m6vm2Tu52MPDj9OhYaAjO4EALw_wcB\" target=\"_blank\" rel=\"nofollow noopener noreferrer\">Espacio Food &amp; Service<\/a>\u00a0llevar\u00e1 a cabo su d\u00e9cima versi\u00f3n, reuniendo a los principales actores de la industria alimentaria para mostrar y conocer las \u00faltimas novedades y tendencias en productos, servicios y tecnolog\u00edas, generando adem\u00e1s nuevas oportunidades de negocios y v\u00ednculos comerciales.<\/p>\n<p style=\"text-align: justify;\">Para Andr\u00e9s Ilabaca, director Comercial\u00a0<a href=\"https:\/\/www.espaciofoodservice.cl\/?gclid=Cj0KCQjwj7CZBhDHARIsAPPWv3dcCOoAnm5yvQLBpfx96p-o6APGs4a3K1SeY5m6vm2Tu52MPDj9OhYaAjO4EALw_wcB\" target=\"_blank\" rel=\"nofollow noopener noreferrer\">Espacio Food &amp; Service<\/a>, dar\u00e1 cuenta de la gran oportunidad que existe de vincular el espacio p\u00fablico con el privado, cuyo esfuerzo se transforma en una actividad concreta que generar\u00e1 un valor agregado al pa\u00eds y a la industria alimentaria.<\/p>\n<p style=\"text-align: justify;\">\u201cLa presencia de Transforma Alimentos, sin duda, eleva el car\u00e1cter profesional que tiene la feria, pero a su vez, se convierte en una gran oportunidad para este programa estrat\u00e9gico y para los miles de emprendimientos de nuestro pa\u00eds que buscan mostrarse al mundo de la industria alimentaria, ya que ac\u00e1 participan cientos de empresarios, quienes indagan permanentemente alternativas de colaboraci\u00f3n con los expositores\u201d, afirma.<\/p>\n<p style=\"text-align: justify;\">Las novedades y tendencias en materia culinaria tambi\u00e9n tendr\u00e1n un rol protag\u00f3nico y el Espacio de Innovaci\u00f3n Alimentaria de Chile las destacar\u00e1, a trav\u00e9s del Centro de Innovaci\u00f3n Gastron\u00f3mica de INACAP, con presentaciones a cargo de su subdirector, el chef Eugenio Melo.<\/p>\n<p style=\"text-align: justify;\">\u201cEstamos convencidos de la importancia de sumar valor a las innovaciones alimentarias por medio de la gastronom\u00eda. La t\u00e9cnica culinaria es capaz de lograr que estos alimentos, escalen al siguiente nivel, para que los consumidores los valoren a\u00fan m\u00e1s\u201d, concluye.<\/p>\n<p>&nbsp;<\/p>\n","protected":false},"excerpt":{"rendered":"<p>La iniciativa se realizar\u00e1 en coordinaci\u00f3n con el programa de Corfo, Transforma Alimentos, logrando reunir a startups, empresas, representantes de la academia y tambi\u00e9n el mundo p\u00fablico. Jueves Septiembre de 2022.-\u00a0Presentar el trabajo de empresas y emprendedores, junto a universidades e instituciones p\u00fablicas que promueven la innovaci\u00f3n y el emprendimiento<\/p>\n","protected":false},"author":1,"featured_media":1904,"comment_status":"closed","ping_status":"open","sticky":false,"template":"","format":"standard","meta":{"footnotes":""},"categories":[1],"tags":[],"class_list":["post-1903","post","type-post","status-publish","format-standard","has-post-thumbnail","hentry","category-noticias-regionales"],"_links":{"self":[{"href":"https:\/\/minutaregional.cl\/index.php?rest_route=\/wp\/v2\/posts\/1903","targetHints":{"allow":["GET"]}}],"collection":[{"href":"https:\/\/minutaregional.cl\/index.php?rest_route=\/wp\/v2\/posts"}],"about":[{"href":"https:\/\/minutaregional.cl\/index.php?rest_route=\/wp\/v2\/types\/post"}],"author":[{"embeddable":true,"href":"https:\/\/minutaregional.cl\/index.php?rest_route=\/wp\/v2\/users\/1"}],"replies":[{"embeddable":true,"href":"https:\/\/minutaregional.cl\/index.php?rest_route=%2Fwp%2Fv2%2Fcomments&post=1903"}],"version-history":[{"count":1,"href":"https:\/\/minutaregional.cl\/index.php?rest_route=\/wp\/v2\/posts\/1903\/revisions"}],"predecessor-version":[{"id":1905,"href":"https:\/\/minutaregional.cl\/index.php?rest_route=\/wp\/v2\/posts\/1903\/revisions\/1905"}],"wp:featuredmedia":[{"embeddable":true,"href":"https:\/\/minutaregional.cl\/index.php?rest_route=\/wp\/v2\/media\/1904"}],"wp:attachment":[{"href":"https:\/\/minutaregional.cl\/index.php?rest_route=%2Fwp%2Fv2%2Fmedia&parent=1903"}],"wp:term":[{"taxonomy":"category","embeddable":true,"href":"https:\/\/minutaregional.cl\/index.php?rest_route=%2Fwp%2Fv2%2Fcategories&post=1903"},{"taxonomy":"post_tag","embeddable":true,"href":"https:\/\/minutaregional.cl\/index.php?rest_route=%2Fwp%2Fv2%2Ftags&post=1903"}],"curies":[{"name":"wp","href":"https:\/\/api.w.org\/{rel}","templated":true}]}}