{"id":1894,"date":"2022-09-23T14:16:18","date_gmt":"2022-09-23T14:16:18","guid":{"rendered":"https:\/\/minutaregional.cl\/?p=1894"},"modified":"2022-09-23T14:16:18","modified_gmt":"2022-09-23T14:16:18","slug":"comerciantes-ambulantes-de-la-serena-se-capacitan-y-conocen-herramientas-de-formalizacion-y-apoyo-economico","status":"publish","type":"post","link":"https:\/\/minutaregional.cl\/?p=1894","title":{"rendered":"Comerciantes Ambulantes de La Serena se Capacitan y Conocen Herramientas de Formalizaci\u00f3n y Apoyo Econ\u00f3mico"},"content":{"rendered":"<ul>\n<li style=\"text-align: justify;\"><strong><em>El Gobierno, a trav\u00e9s del Ministerio de Econom\u00eda, y servicios como Sercotec y el Servicio de Impuestos Internos se estar\u00e1n desarrollando una serie de inducciones que buscan apoyar su regularizaci\u00f3n, de cara a lo que ser\u00e1 su reubicaci\u00f3n definitiva.<\/em><\/strong><\/li>\n<\/ul>\n<p style=\"text-align: justify;\">El proceso de recuperaci\u00f3n del centro de La Serena no solo ha permitido entregar a la comunidad un espacio p\u00fablico y comercial, tambi\u00e9n abri\u00f3 una oportunidad para los los vendedores irregulares que ocuparon esa zona.<\/p>\n<p style=\"text-align: justify;\">Esto porque la estrategia de intervenci\u00f3n va m\u00e1s all\u00e1 del \u00e1mbito de la seguridad, siendo la formalizaci\u00f3n de estos comerciantes uno de los objetivos centrales de dicha medida.<\/p>\n<p style=\"text-align: justify;\">Es por ello que a trav\u00e9s del Ministerio de Econom\u00eda se est\u00e1 desarrollando una serie de capacitaciones y jornadas informativas sobre los procesos de regularizaci\u00f3n y difusi\u00f3n de los mec\u00e1nicos de apoyo econ\u00f3mico a los que podr\u00edan acceder los trabajadores y trabajadoras.<\/p>\n<p style=\"text-align: justify;\"><strong>\u201cEstamos cumpliendo con el compromiso de poder acercarnos a los comerciantes para favorecer cuales son las instancias de formalizaci\u00f3n, explicarlas de manera pr\u00e1ctica, cercana, amable para que puedan ir formaliz\u00e1ndose y acceder a una serie de, sobre capacitaci\u00f3n, postulaci\u00f3n a cr\u00e9ditos y de distintas iniciativas que pueden ser avaladas y apoyadas por el estado. Existe un muy buen inter\u00e9s y una muy buena participaci\u00f3n por parte de los interesados y creemos que permite dar un paso m\u00e1s para mantener la recuperaci\u00f3n de espacios p\u00fablicos\u201d<\/strong>, explic\u00f3 el Delegado Presidencial, Rub\u00e9n Quezada.<\/p>\n<p style=\"text-align: justify;\">La autoridad regional detall\u00f3 que en estas capacitaciones participan servicios como Sercotec e Impuestos Internos, informando procedimientos y requisitos de las principales herramientas que tiene el Estado para levantar y apoyar a los emprendedores.<\/p>\n<p style=\"text-align: justify;\">Este jueves fue el primero de estos encuentros, donde acudieron cuatro de los sindicatos de comerciantes, cerca de 100 personas.<\/p>\n<p style=\"text-align: justify;\">Para Paloma Rodr\u00edguez, Vocera de los sindicatos, <strong>\u201ces una muy buena oportunidad que se nos est\u00e1 abriendo desde que empezamos las conversaciones con el municipio y con la Delegaci\u00f3n. Como compa\u00f1eros creemos que esto nos abre un camino a muchas posibilidades, a crecer, a pensar m\u00e1s en grande. A todos nos qued\u00f3 muy claro y esperamos que esto se d\u00e9 para bien para todos porque era lo que est\u00e1bamos buscando desde un principio\u201d<\/strong>.<\/p>\n<p style=\"text-align: justify;\">En tanto, Rodrigo Past\u00e9n, Presidente del Sindicato n\u00b04, destac\u00f3 que <strong>\u201cEstamos en el camino a la formalizaci\u00f3n, hoy el consumidor nos est\u00e1 mirando con mejor cara, no como nos miraban antes como el ambulante callejero, el que tiraba pa\u00f1o, ahora nos est\u00e1n comprando m\u00e1s, se est\u00e1 viendo con mejor ojo el camino que estamos tomando nosotros. Estamos dispuestos a todo, a cualquier tipo de ayuda que nos quieran dar y a cualquier capacitaci\u00f3n vamos a acudir\u201d<\/strong>.<\/p>\n<p style=\"text-align: justify;\">Por su parte, el Seremi de Econom\u00eda, Nicol\u00e1s Ledezma, sostuvo que <strong>\u201cuna vez estando formalizados ellos pueden acceder a los concursos que realiza Sercotec, Corfo u otras instituciones que entregan recursos frescos para hacer inversi\u00f3n de capital o inversi\u00f3n en capacitaciones. Queremos empezar un trabajo con ellos para que ya en los concursos que vengan el pr\u00f3ximo a\u00f1o tengan la posibilidad de postular, ganar estos recursos que les permitan avanzar en sus negocios y con ello tambi\u00e9n ofrecerle nuevas oportunidades de comercio a la ciudad\u201d<\/strong>.<\/p>\n<p style=\"text-align: justify;\">De esta manera los sindicatos se van preparando de cara a lo que ser\u00e1 su instalaci\u00f3n en un terreno definitivo que fue gestionado con apoyo de la Municipalidad de La Serena (ubicado en calle Cantournet) donde se implementar\u00e1 un proyecto con todas las condiciones para puedan continuar con sus actividades.<\/p>\n","protected":false},"excerpt":{"rendered":"<p>El Gobierno, a trav\u00e9s del Ministerio de Econom\u00eda, y servicios como Sercotec y el Servicio de Impuestos Internos se estar\u00e1n desarrollando una serie de inducciones que buscan apoyar su regularizaci\u00f3n, de cara a lo que ser\u00e1 su reubicaci\u00f3n definitiva. El proceso de recuperaci\u00f3n del centro de La Serena no solo<\/p>\n","protected":false},"author":1,"featured_media":1895,"comment_status":"closed","ping_status":"open","sticky":false,"template":"","format":"standard","meta":{"footnotes":""},"categories":[36,39],"tags":[],"class_list":["post-1894","post","type-post","status-publish","format-standard","has-post-thumbnail","hentry","category-dppcoquimbo","category-sercotec"],"_links":{"self":[{"href":"https:\/\/minutaregional.cl\/index.php?rest_route=\/wp\/v2\/posts\/1894","targetHints":{"allow":["GET"]}}],"collection":[{"href":"https:\/\/minutaregional.cl\/index.php?rest_route=\/wp\/v2\/posts"}],"about":[{"href":"https:\/\/minutaregional.cl\/index.php?rest_route=\/wp\/v2\/types\/post"}],"author":[{"embeddable":true,"href":"https:\/\/minutaregional.cl\/index.php?rest_route=\/wp\/v2\/users\/1"}],"replies":[{"embeddable":true,"href":"https:\/\/minutaregional.cl\/index.php?rest_route=%2Fwp%2Fv2%2Fcomments&post=1894"}],"version-history":[{"count":1,"href":"https:\/\/minutaregional.cl\/index.php?rest_route=\/wp\/v2\/posts\/1894\/revisions"}],"predecessor-version":[{"id":1896,"href":"https:\/\/minutaregional.cl\/index.php?rest_route=\/wp\/v2\/posts\/1894\/revisions\/1896"}],"wp:featuredmedia":[{"embeddable":true,"href":"https:\/\/minutaregional.cl\/index.php?rest_route=\/wp\/v2\/media\/1895"}],"wp:attachment":[{"href":"https:\/\/minutaregional.cl\/index.php?rest_route=%2Fwp%2Fv2%2Fmedia&parent=1894"}],"wp:term":[{"taxonomy":"category","embeddable":true,"href":"https:\/\/minutaregional.cl\/index.php?rest_route=%2Fwp%2Fv2%2Fcategories&post=1894"},{"taxonomy":"post_tag","embeddable":true,"href":"https:\/\/minutaregional.cl\/index.php?rest_route=%2Fwp%2Fv2%2Ftags&post=1894"}],"curies":[{"name":"wp","href":"https:\/\/api.w.org\/{rel}","templated":true}]}}