{"id":1886,"date":"2022-09-22T21:53:09","date_gmt":"2022-09-22T21:53:09","guid":{"rendered":"https:\/\/minutaregional.cl\/?p=1886"},"modified":"2022-09-22T22:11:50","modified_gmt":"2022-09-22T22:11:50","slug":"delegado-ruben-quezada-el-dia-de-hoy-tenemos-un-escenario-epidemiologico-distinto-que-nos-permite-tomar-otras-medidas-en-el-avance-de-la-pandemia","status":"publish","type":"post","link":"https:\/\/minutaregional.cl\/?p=1886","title":{"rendered":"Delegado Rub\u00e9n Quezada: \u201cEl d\u00eda de hoy tenemos un escenario epidemiol\u00f3gico distinto que nos permite tomar otras medidas en el avance de la pandemia\u201d"},"content":{"rendered":"<audio class=\"wp-audio-shortcode\" id=\"audio-1886-1\" preload=\"none\" style=\"width: 100%;\" controls=\"controls\"><source type=\"audio\/mpeg\" src=\"https:\/\/minutaregional.cl\/wp-content\/uploads\/2022\/09\/MEDIDAS-SANITARIAS-Seremi-de-Salud-Paola-Salas.mp3?_=1\" \/><a href=\"https:\/\/minutaregional.cl\/wp-content\/uploads\/2022\/09\/MEDIDAS-SANITARIAS-Seremi-de-Salud-Paola-Salas.mp3\">https:\/\/minutaregional.cl\/wp-content\/uploads\/2022\/09\/MEDIDAS-SANITARIAS-Seremi-de-Salud-Paola-Salas.mp3<\/a><\/audio>\n<p>AUDIO : Seremi de Salud Paola Salas<\/p>\n<audio class=\"wp-audio-shortcode\" id=\"audio-1886-2\" preload=\"none\" style=\"width: 100%;\" controls=\"controls\"><source type=\"audio\/mpeg\" src=\"https:\/\/minutaregional.cl\/wp-content\/uploads\/2022\/09\/MEDIDAS-SANITARIAS-Seremi-de-Gobierno-Fernando-Viveros.mp3?_=2\" \/><a href=\"https:\/\/minutaregional.cl\/wp-content\/uploads\/2022\/09\/MEDIDAS-SANITARIAS-Seremi-de-Gobierno-Fernando-Viveros.mp3\">https:\/\/minutaregional.cl\/wp-content\/uploads\/2022\/09\/MEDIDAS-SANITARIAS-Seremi-de-Gobierno-Fernando-Viveros.mp3<\/a><\/audio>\n<p>AUDIO : Seremi de Gobierno Fernando Viveros<\/p>\n<audio class=\"wp-audio-shortcode\" id=\"audio-1886-3\" preload=\"none\" style=\"width: 100%;\" controls=\"controls\"><source type=\"audio\/mpeg\" src=\"https:\/\/minutaregional.cl\/wp-content\/uploads\/2022\/09\/MEDIDAS-SANITARIAS-Delegado-Presidencial-Ruben-Quezada.mp3?_=3\" \/><a href=\"https:\/\/minutaregional.cl\/wp-content\/uploads\/2022\/09\/MEDIDAS-SANITARIAS-Delegado-Presidencial-Ruben-Quezada.mp3\">https:\/\/minutaregional.cl\/wp-content\/uploads\/2022\/09\/MEDIDAS-SANITARIAS-Delegado-Presidencial-Ruben-Quezada.mp3<\/a><\/audio>\n<p>AUDIO :\u00a0 Delegado Presidencial Ruben Quezada<\/p>\n<ul>\n<li style=\"text-align: justify;\"><strong><em>La autoridad, junto a la Seremi de Salud, Paola Salas y el Seremi de Gobierno, Fernando Viveros, profundizaron en las nuevas determinaciones en el contexto de la emergencia sanitaria. Remarcaron en la necesidad de mantener las indicaciones b\u00e1sicas y a continuar recibiendo las dosis de vacunas contra el Covid19.<\/em><\/strong><\/li>\n<\/ul>\n<p style=\"text-align: justify;\"><strong>\u00a0<\/strong>El nuevo Escenario de Apertura anunciado por el Ministerio de Salud, comenzar\u00e1 a regir desde el pr\u00f3ximo 1 de octubre, con nuevas medidas como la eliminaci\u00f3n del uso obligatorio de las mascarillas (salvo en centros de salud), la descontinuaci\u00f3n de la exigencia del pase de movilidad, eliminaci\u00f3n de los aforos, entre otras disposiciones.<\/p>\n<p style=\"text-align: justify;\">Medidas que fueron destacadas por las autoridades regionales, encabezadas por el Delegado Presidencial Rub\u00e9n Quezada, quien sostuvo que <strong>\u201cexiste un comit\u00e9 t\u00e9cnico asesor que nos ha ido orientando y que, junto a la ciencia y la evidencia, nos permite pedirle a las personas conciencia y prudencia. Con estas medidas se van a liberar restricciones, pero que en cualquier caso de que sea necesario tengamos que implementar las restricciones vamos a hacerlo, porque esto va avanzando y retrocediendo en medida del avance o retroceso de la pandemia y los cuidados que se tengan\u201d<\/strong>.<\/p>\n<p style=\"text-align: justify;\">Adem\u00e1s, el Delegado Presidencial remarc\u00f3 que <strong>\u201cel d\u00eda de hoy tenemos un escenario epidemiol\u00f3gico distinto que nos permite tomar otras medidas en el avance de la pandemia\u201d<\/strong>, dado, especialmente, gracias a los efectos de la vacunaci\u00f3n y las m\u00faltiples medidas de prevenci\u00f3n de contagios por Covid19.<\/p>\n<p style=\"text-align: justify;\">Y es que las cifras hoy muestran un panorama distinto. Hasta la fecha existe un 85% de ocupaci\u00f3n hospitalaria lo que se traduce en 125 camas disponibles, tras un esfuerzo para aumentar la capacidad de camas cr\u00edticas. Y de las 742 camas que se mantienen ocupadas, solo un 6% est\u00e1n con pacientes con Covid.<\/p>\n<p style=\"text-align: justify;\">A esto le sumamos que se albergan 7 pacientes en las unidades de pacientes cr\u00edticos, lo que es menos del 5% de la ocupaci\u00f3n de las camas cr\u00edticas y que la curva de contagios diarios de contagios en la regi\u00f3n ha ido en decrecimiento.<\/p>\n<p style=\"text-align: justify;\">Hace menos de dos meses, detall\u00f3 la Seremi de Salud Paola Salas, exist\u00edan 800 confirmados diarios, hoy ya se reportan cantidades que var\u00edan entre los 50 y 100 casos . <strong>\u201cEso nos da un margen de seguridad epidemiol\u00f3gica de que bajo 80 casos diarios, podemos controlar ese n\u00famero de casos, porque tenemos una red asistencial que va a poder atenderlos de buena manera y tambi\u00e9n eso se debe a que nuestra poblaci\u00f3n ha tomado con m\u00e1s seriedad la protecci\u00f3n del coronavirus, especialmente quienes han acudido a vacunarse\u201d<\/strong>, indic\u00f3 la Seremi de Salud.<\/p>\n<p style=\"text-align: justify;\">Sin embargo, insiste y refuerza el llamado a mantener las medidas b\u00e1sicas sanitarias, como el lavado de manos de forma permanente. <strong>\u201cLa pandemia no se ha terminado, y por lo tanto, todas las medidas se adoptaron fueron confiando en que la poblaci\u00f3n va a mantener el autocuidado\u201d<\/strong>, acot\u00f3 Paola Salas, de la misma forma en que insisti\u00f3 en que la poblaci\u00f3n debe continuar con su proceso de vacunaci\u00f3n: <strong>\u201cnecesitamos que la poblaci\u00f3n que se vacune sea la de mayor riesgo. En este momento la vacuna que llegar\u00eda a nuestra regi\u00f3n a fines de octubre que ser\u00eda la bivalente, es una vacuna que tiene ambos virus, el inicial y el de ahora \u00f3micron, es decir, que es alto espectro. Por lo que invitamos a la poblaci\u00f3n a que se vacune a quienes son los grupos de riesgo\u201d<\/strong>, puntualiz\u00f3.<\/p>\n<p style=\"text-align: justify;\">Por otra parte, el Seremi de Gobierno, Fernando Viveros, adelant\u00f3 que en los pr\u00f3ximos d\u00edas se iniciar\u00e1 una campa\u00f1a de informaci\u00f3n que buscar\u00e1 promover la prevenci\u00f3n y la implementaci\u00f3n de estas nuevas medidas sanitarias <strong>\u201cjunto a todos los seremis, participando en encuentros con la comunidad, explicando c\u00f3mo debemos movernos en el transporte p\u00fablico y c\u00f3mo comportarnos en los servicios y las escuelas\u201d<\/strong>.<\/p>\n<p style=\"text-align: justify;\">El objetivo, se\u00f1al\u00f3 el Vocero de Gobierno, es <strong>\u201ctransmitir la informaci\u00f3n a toda la sociedad desde las organizaciones y desde cada uno de nosotros. Queremos llegar a todos los lugares de la regi\u00f3n, de forma clara e insistiendo que la pandemia no ha terminado pero que con las nuevas condiciones sanitarias hemos podido adoptar estas nuevas medidas\u201d<\/strong>.<\/p>\n","protected":false},"excerpt":{"rendered":"<p>AUDIO : Seremi de Salud Paola Salas AUDIO : Seremi de Gobierno Fernando Viveros AUDIO :\u00a0 Delegado Presidencial Ruben Quezada La autoridad, junto a la Seremi de Salud, Paola Salas y el Seremi de Gobierno, Fernando Viveros, profundizaron en las nuevas determinaciones en el contexto de la emergencia sanitaria. Remarcaron<\/p>\n","protected":false},"author":1,"featured_media":1887,"comment_status":"closed","ping_status":"open","sticky":false,"template":"","format":"standard","meta":{"footnotes":""},"categories":[51,36],"tags":[],"class_list":["post-1886","post","type-post","status-publish","format-standard","has-post-thumbnail","hentry","category-seremisalud_coquimbo","category-dppcoquimbo"],"_links":{"self":[{"href":"https:\/\/minutaregional.cl\/index.php?rest_route=\/wp\/v2\/posts\/1886","targetHints":{"allow":["GET"]}}],"collection":[{"href":"https:\/\/minutaregional.cl\/index.php?rest_route=\/wp\/v2\/posts"}],"about":[{"href":"https:\/\/minutaregional.cl\/index.php?rest_route=\/wp\/v2\/types\/post"}],"author":[{"embeddable":true,"href":"https:\/\/minutaregional.cl\/index.php?rest_route=\/wp\/v2\/users\/1"}],"replies":[{"embeddable":true,"href":"https:\/\/minutaregional.cl\/index.php?rest_route=%2Fwp%2Fv2%2Fcomments&post=1886"}],"version-history":[{"count":3,"href":"https:\/\/minutaregional.cl\/index.php?rest_route=\/wp\/v2\/posts\/1886\/revisions"}],"predecessor-version":[{"id":1893,"href":"https:\/\/minutaregional.cl\/index.php?rest_route=\/wp\/v2\/posts\/1886\/revisions\/1893"}],"wp:featuredmedia":[{"embeddable":true,"href":"https:\/\/minutaregional.cl\/index.php?rest_route=\/wp\/v2\/media\/1887"}],"wp:attachment":[{"href":"https:\/\/minutaregional.cl\/index.php?rest_route=%2Fwp%2Fv2%2Fmedia&parent=1886"}],"wp:term":[{"taxonomy":"category","embeddable":true,"href":"https:\/\/minutaregional.cl\/index.php?rest_route=%2Fwp%2Fv2%2Fcategories&post=1886"},{"taxonomy":"post_tag","embeddable":true,"href":"https:\/\/minutaregional.cl\/index.php?rest_route=%2Fwp%2Fv2%2Ftags&post=1886"}],"curies":[{"name":"wp","href":"https:\/\/api.w.org\/{rel}","templated":true}]}}