{"id":1879,"date":"2022-09-22T17:01:15","date_gmt":"2022-09-22T17:01:15","guid":{"rendered":"https:\/\/minutaregional.cl\/?p=1879"},"modified":"2022-09-22T17:01:15","modified_gmt":"2022-09-22T17:01:15","slug":"consul-de-canada-conoce-el-rol-de-la-pdi-ante-emergencias-y-control-migratorio-en-la-region","status":"publish","type":"post","link":"https:\/\/minutaregional.cl\/?p=1879","title":{"rendered":"C\u00d3NSUL DE CANAD\u00c1 CONOCE EL ROL DE LA PDI ANTE EMERGENCIAS Y CONTROL MIGRATORIO EN LA REGI\u00d3N"},"content":{"rendered":"<audio class=\"wp-audio-shortcode\" id=\"audio-1879-1\" preload=\"none\" style=\"width: 100%;\" controls=\"controls\"><source type=\"audio\/mpeg\" src=\"https:\/\/minutaregional.cl\/wp-content\/uploads\/2022\/09\/CUNA-CONSUL-CANADA_02.mp3?_=1\" \/><a href=\"https:\/\/minutaregional.cl\/wp-content\/uploads\/2022\/09\/CUNA-CONSUL-CANADA_02.mp3\">https:\/\/minutaregional.cl\/wp-content\/uploads\/2022\/09\/CUNA-CONSUL-CANADA_02.mp3<\/a><\/audio>\n<p>AUDIO :Consul de Canada<\/p>\n<p>El representante del pa\u00eds norteamericano, se reuni\u00f3 con el Departamento de Migraciones y Polic\u00eda Internacional La Serena para potenciar los servicios consulares y el turismo de su pa\u00eds a la conurbaci\u00f3n.<\/p>\n<p>Con el fin de ayudar de manera m\u00e1s eficiente a los turistas de Canad\u00e1 que se encuentren de visita en la regi\u00f3n de Coquimbo y que sufran alg\u00fan problema relacionado con alguna emergencia, el c\u00f3nsul de dicho pa\u00eds, Fran\u00e7oise Lavertue, sostuvo una reuni\u00f3n de trabajo con la PDI.<\/p>\n<p>El encuentro protocolar y la jornada de trabajo con el diplom\u00e1tico y su equipo se desarroll\u00f3 en las dependencias del Departamento de Migraciones y Polic\u00eda Internacional La Serena junto al jefe de dicha unidad y el jefe de la Brigada Investigadora de Delitos Sexuales La Serena.<\/p>\n<p>\u201cLa PDI es una contraparte importante para nosotros en distintos \u00e1mbitos, tanto por el control de fronteras como por su rol investigativo. Vinimos para estar mejor preparados\u00a0en caso de crisis, ayudar a los ciudadanos canadienses y, si es necesario, a las instituciones que lo requieran\u201d, se\u00f1al\u00f3 Fran\u00e7ois Lavertue, c\u00f3nsul de Canad\u00e1. \u201cEsto nos permite prestar mejores y m\u00e1s eficientes servicios consulares a nuestros connacionales, en casos de emergencia, ya sea por causas naturales, como terremotos, maremotos, entre otros fen\u00f3menos, o por la participaci\u00f3n de terceros y se conviertan en v\u00edctimas de delitos\u201d, expres\u00f3 el diplom\u00e1tico.<\/p>\n<p>Debido a que La Serena y Coquimbo son ciudades tur\u00edsticas y destinos preferidos por ciertos p\u00fablicos extranjeros del hemisferio norte y los que buscan recorrer circuitos denominados de Intereses Especiales, el nuevo representante del consulado canadiense gestion\u00f3 y coordin\u00f3 reuniones de trabajo con varias instituciones, tras asumir en el cargo diplom\u00e1tico hace unas pocas semanas.<\/p>\n<p>\u201cEl c\u00f3nsul est\u00e1 interioriz\u00e1ndose de las capacidades de cada regi\u00f3n, quiere formarse la idea de la capacidad de respuesta de un organismo p\u00fablico ante las necesidades que tenga un migrante. Abordamos temas que buscan dilucidar el rol que cumplen los detectives y su trabajo dentro del control migratorio, los lineamientos institucionales, las l\u00edneas de apoyo y ayuda que pueden encontrar en la PDI y en otros servicios, para tener acceso a la Salud, Educaci\u00f3n y, por cierto, la Seguridad, si se presenta alg\u00fan problema que pueda afectar a un turista en nuestra regi\u00f3n\u201d, se\u00f1al\u00f3 el subprefecto Germ\u00e1n Cerda, jefe del Departamento de Migraciones y Polic\u00eda Internacional La Serena.<\/p>\n<p>En definitiva, el c\u00f3nsul busca interiorizarse de la realidad que existe al servicio del migrante en regiones, y as\u00ed, garantizar un turismo regular y seguro para sus connacionales y que nuestro pa\u00eds se instale como un destino atractivo dentro del mercado canadiense. La agenda del diplom\u00e1tico tambi\u00e9n consider\u00f3 el trabajo con representantes de otros organismos p\u00fablicos de la Regi\u00f3n Policial de Coquimbo, como la Oficina Nacional de Emergencias (ONEMI), entre otros servicios.<\/p>\n","protected":false},"excerpt":{"rendered":"<p>AUDIO :Consul de Canada El representante del pa\u00eds norteamericano, se reuni\u00f3 con el Departamento de Migraciones y Polic\u00eda Internacional La Serena para potenciar los servicios consulares y el turismo de su pa\u00eds a la conurbaci\u00f3n. Con el fin de ayudar de manera m\u00e1s eficiente a los turistas de Canad\u00e1 que<\/p>\n","protected":false},"author":1,"featured_media":1881,"comment_status":"closed","ping_status":"open","sticky":false,"template":"","format":"standard","meta":{"footnotes":""},"categories":[14],"tags":[],"class_list":["post-1879","post","type-post","status-publish","format-standard","has-post-thumbnail","hentry","category-pdi"],"_links":{"self":[{"href":"https:\/\/minutaregional.cl\/index.php?rest_route=\/wp\/v2\/posts\/1879","targetHints":{"allow":["GET"]}}],"collection":[{"href":"https:\/\/minutaregional.cl\/index.php?rest_route=\/wp\/v2\/posts"}],"about":[{"href":"https:\/\/minutaregional.cl\/index.php?rest_route=\/wp\/v2\/types\/post"}],"author":[{"embeddable":true,"href":"https:\/\/minutaregional.cl\/index.php?rest_route=\/wp\/v2\/users\/1"}],"replies":[{"embeddable":true,"href":"https:\/\/minutaregional.cl\/index.php?rest_route=%2Fwp%2Fv2%2Fcomments&post=1879"}],"version-history":[{"count":1,"href":"https:\/\/minutaregional.cl\/index.php?rest_route=\/wp\/v2\/posts\/1879\/revisions"}],"predecessor-version":[{"id":1882,"href":"https:\/\/minutaregional.cl\/index.php?rest_route=\/wp\/v2\/posts\/1879\/revisions\/1882"}],"wp:featuredmedia":[{"embeddable":true,"href":"https:\/\/minutaregional.cl\/index.php?rest_route=\/wp\/v2\/media\/1881"}],"wp:attachment":[{"href":"https:\/\/minutaregional.cl\/index.php?rest_route=%2Fwp%2Fv2%2Fmedia&parent=1879"}],"wp:term":[{"taxonomy":"category","embeddable":true,"href":"https:\/\/minutaregional.cl\/index.php?rest_route=%2Fwp%2Fv2%2Fcategories&post=1879"},{"taxonomy":"post_tag","embeddable":true,"href":"https:\/\/minutaregional.cl\/index.php?rest_route=%2Fwp%2Fv2%2Ftags&post=1879"}],"curies":[{"name":"wp","href":"https:\/\/api.w.org\/{rel}","templated":true}]}}