{"id":1875,"date":"2022-09-22T14:44:29","date_gmt":"2022-09-22T14:44:29","guid":{"rendered":"https:\/\/minutaregional.cl\/?p=1875"},"modified":"2022-09-22T14:44:29","modified_gmt":"2022-09-22T14:44:29","slug":"gobierno-triplicara-los-recursos-para-financiar-proyectos-presentados-al-fondo-de-proteccion-ambiental-en-la-region","status":"publish","type":"post","link":"https:\/\/minutaregional.cl\/?p=1875","title":{"rendered":"Gobierno Triplicar\u00e1 los Recursos para Financiar Proyectos Presentados al Fondo de Protecci\u00f3n Ambiental en la Regi\u00f3n"},"content":{"rendered":"<ul>\n<li style=\"text-align: justify;\"><strong><em>Esta herramienta permite apoyar proyectos sustentables generados por ciudadanos, establecimientos educacionales y pueblos originarios.<\/em><\/strong><\/li>\n<\/ul>\n<p style=\"text-align: justify;\">En el invernadero \u201cLa revuelta de las plantas\u201d del Club de Adulto Mayor \u201cAlegr\u00eda y Amistad\u201d de Coquimbo se efectu\u00f3 el lanzamiento regional del Fondo de Protecci\u00f3n Ambiental (FPA) 2023 del Ministerio del Medio Ambiente, que invita a organizaciones a postular iniciativas ambientales. Para esta versi\u00f3n, se financiar\u00e1n hasta por $6.000.000, proyectos orientados a la protecci\u00f3n o reparaci\u00f3n del medio ambiente, el desarrollo sustentable, la preservaci\u00f3n de la naturaleza o la conservaci\u00f3n del patrimonio ambiental. Se podr\u00e1 postular hasta el pr\u00f3ximo martes 11 de octubre, en cualquiera de las tres l\u00edneas concursables, ingresando a la p\u00e1gina web fondos.mma.gob.cl.<\/p>\n<p style=\"text-align: justify;\">\u00c9ste es un fondo concursable nacional para apoyar proyectos presentados por organizaciones sociales cuyas l\u00edneas concursables van dirigidas a proyectos sustentables generados por ciudadanos, establecimientos educacionales y pueblos originarios.<\/p>\n<p style=\"text-align: justify;\"><strong>Proyecto exitoso en Coquimbo<\/strong><\/p>\n<p style=\"text-align: justify;\">En el a\u00f1o 2019, el Club de Adulto Mayor \u201cAlegr\u00eda y Amistad\u201d se adjudic\u00f3 el proyecto \u201cprimer invernadero comunitario El Llano, La Revuelta de las Plantas\u201d por $4.000.000 de pesos, iniciativa que ha ido generando un cambio cultural entre los vecinos y vecinas.<\/p>\n<p style=\"text-align: justify;\">Noemi Vicencio presidenta del Club de Adulto Mayor Alegr\u00eda y Amistad explic\u00f3 que \u201c<strong>una vez adjudicado el proyecto empezamos a capacitarnos, a aprender a hacer compost, entonces despu\u00e9s ver c\u00f3mo crec\u00edan las plantas, c\u00f3mo ve\u00edamos los alm\u00e1cigos que fueron floreciendo y convirti\u00e9ndose en lo que ahora es el invernadero, replicando todo esto en nuestras casas\u201d<\/strong>.<\/p>\n<p style=\"text-align: justify;\">Mientras que Ana Mar\u00eda Figueroa, presidenta de la Junta de Vecinos V\u00edctor Domingo Silva la adjudicaci\u00f3n del proyecto \u201c<strong>ha significado un aprendizaje, una participaci\u00f3n de personas interesadas en aprender y llevarlo a lo cotidiano. De los proyectos que he visto, este lo encuentro maravilloso, nuestra idea es ojal\u00e1 expandirlo, lograr una ampliaci\u00f3n que nos permita tener m\u00e1s cultivos, que los ni\u00f1os puedan participar, hacer capacitaciones, hay mucho por hacer<\/strong>\u201d.<\/p>\n<p style=\"text-align: justify;\">Al respecto, el Delegado Presidencial Regional Rub\u00e9n Quezada destac\u00f3 que \u201c<strong>estas iniciativas tienen muchas aristas positivas, hemos tenido un Fondo de Protecci\u00f3n Ambiental que no solo cumple su objetivo de poder relevar la importancia del cuidado del medio ambiente y la econom\u00eda circular, sino tambi\u00e9n agrupa a las personas, y le ense\u00f1a a ni\u00f1os y ni\u00f1as valores como la constancia, la paciencia, el cuidado de las plantas y tambi\u00e9n permite recoger la sabidur\u00eda de nuestros adultos mayores y de los pueblos originarios<\/strong>\u201d.<\/p>\n<p style=\"text-align: justify;\"><strong>Fondo de Protecci\u00f3n Ambiental 2023._<\/strong><\/p>\n<p style=\"text-align: justify;\">Este a\u00f1o se anunciaron tres l\u00edneas concursables: Proyectos Sustentables Ciudadanos; Proyectos Sustentables para Pueblos Ind\u00edgenas; Proyectos Sustentables en Establecimientos Educacionales. Para ello el Ministerio del Medio Ambiente dispuso de 4 l\u00edneas tem\u00e1ticas, estas son: Cambio Clim\u00e1tico y Descontaminaci\u00f3n Ambiental; Econom\u00eda Circular y Gesti\u00f3n de Residuos; Eficiencia H\u00eddrica y Energ\u00e9tica; Valoraci\u00f3n y Conservaci\u00f3n de la Biodiversidad.<\/p>\n<p style=\"text-align: justify;\">El Seremi del Medio Ambiente de la Regi\u00f3n de Coquimbo, Leonardo Gros, explic\u00f3 que \u201c<strong>es un fondo que financia iniciativas de hasta 6 millones de pesos de fondos no reembolsables y la idea es que desarrollen soluciones, planteen proyectos que apunten a la mejor gesti\u00f3n del medio ambiente en los territorios<\/strong>\u201d.<\/p>\n<p style=\"text-align: justify;\">Asimismo, la autoridad ambiental destac\u00f3 que \u201c<strong>hemos hecho un esfuerzo como ministerio triplicando los recursos disponibles para este a\u00f1o, ojal\u00e1 tengamos muchos participantes y proyectos tan exitosos como el de Coquimbo<\/strong>\u201d.<\/p>\n","protected":false},"excerpt":{"rendered":"<p>Esta herramienta permite apoyar proyectos sustentables generados por ciudadanos, establecimientos educacionales y pueblos originarios. En el invernadero \u201cLa revuelta de las plantas\u201d del Club de Adulto Mayor \u201cAlegr\u00eda y Amistad\u201d de Coquimbo se efectu\u00f3 el lanzamiento regional del Fondo de Protecci\u00f3n Ambiental (FPA) 2023 del Ministerio del Medio Ambiente, que<\/p>\n","protected":false},"author":1,"featured_media":1876,"comment_status":"closed","ping_status":"open","sticky":false,"template":"","format":"standard","meta":{"footnotes":""},"categories":[36,38],"tags":[],"class_list":["post-1875","post","type-post","status-publish","format-standard","has-post-thumbnail","hentry","category-dppcoquimbo","category-seremia-medio-ambiente"],"_links":{"self":[{"href":"https:\/\/minutaregional.cl\/index.php?rest_route=\/wp\/v2\/posts\/1875","targetHints":{"allow":["GET"]}}],"collection":[{"href":"https:\/\/minutaregional.cl\/index.php?rest_route=\/wp\/v2\/posts"}],"about":[{"href":"https:\/\/minutaregional.cl\/index.php?rest_route=\/wp\/v2\/types\/post"}],"author":[{"embeddable":true,"href":"https:\/\/minutaregional.cl\/index.php?rest_route=\/wp\/v2\/users\/1"}],"replies":[{"embeddable":true,"href":"https:\/\/minutaregional.cl\/index.php?rest_route=%2Fwp%2Fv2%2Fcomments&post=1875"}],"version-history":[{"count":1,"href":"https:\/\/minutaregional.cl\/index.php?rest_route=\/wp\/v2\/posts\/1875\/revisions"}],"predecessor-version":[{"id":1877,"href":"https:\/\/minutaregional.cl\/index.php?rest_route=\/wp\/v2\/posts\/1875\/revisions\/1877"}],"wp:featuredmedia":[{"embeddable":true,"href":"https:\/\/minutaregional.cl\/index.php?rest_route=\/wp\/v2\/media\/1876"}],"wp:attachment":[{"href":"https:\/\/minutaregional.cl\/index.php?rest_route=%2Fwp%2Fv2%2Fmedia&parent=1875"}],"wp:term":[{"taxonomy":"category","embeddable":true,"href":"https:\/\/minutaregional.cl\/index.php?rest_route=%2Fwp%2Fv2%2Fcategories&post=1875"},{"taxonomy":"post_tag","embeddable":true,"href":"https:\/\/minutaregional.cl\/index.php?rest_route=%2Fwp%2Fv2%2Ftags&post=1875"}],"curies":[{"name":"wp","href":"https:\/\/api.w.org\/{rel}","templated":true}]}}