{"id":1868,"date":"2022-09-22T13:20:59","date_gmt":"2022-09-22T13:20:59","guid":{"rendered":"https:\/\/minutaregional.cl\/?p=1868"},"modified":"2022-09-22T14:37:05","modified_gmt":"2022-09-22T14:37:05","slug":"diputado-manouchehri-si-la-dictadura-de-maduro-no-respeta-los-ddhh-menos-respetara-una-opinion","status":"publish","type":"post","link":"https:\/\/minutaregional.cl\/?p=1868","title":{"rendered":"Diputado Manouchehri: \u201cSi la dictadura de Maduro no respeta los DDHH, menos respetar\u00e1 una opini\u00f3n\u201d"},"content":{"rendered":"<audio class=\"wp-audio-shortcode\" id=\"audio-1868-1\" preload=\"none\" style=\"width: 100%;\" controls=\"controls\"><source type=\"audio\/mpeg\" src=\"https:\/\/minutaregional.cl\/wp-content\/uploads\/2022\/09\/CUNA-D-Manouchehri-por-dichos-D-Cabello-Venezuela-contra-Boric-22sep22.mp3?_=1\" \/><a href=\"https:\/\/minutaregional.cl\/wp-content\/uploads\/2022\/09\/CUNA-D-Manouchehri-por-dichos-D-Cabello-Venezuela-contra-Boric-22sep22.mp3\">https:\/\/minutaregional.cl\/wp-content\/uploads\/2022\/09\/CUNA-D-Manouchehri-por-dichos-D-Cabello-Venezuela-contra-Boric-22sep22.mp3<\/a><\/audio>\n<p>AUDIO : DIPUTADO MANOUCHEHRI<\/p>\n<p>El dirigente del Partido Socialista Unido de Venezuela, Diosdado Cabello, critic\u00f3 e insult\u00f3 al Presidente Gabriel Boric por su discurso en las Naciones Unidas. En la instancia, el mandatario chileno mencion\u00f3 la crisis humanitaria que sufre Venezuela.<\/p>\n<p>El diputado socialista Daniel Manouchehri conden\u00f3 las declaraciones del vicepresidente del partido de Nicol\u00e1s Maduro. \u201cLos insultos del se\u00f1or Cabello al Presidente Boric son repudiables. Est\u00e1 claro, si la Dictadura de Maduro no respeta los derechos humanos de sus compatriotas, menos van a respetar las opiniones pol\u00edticas de un presidente de otro pa\u00eds\u201d, indic\u00f3.<\/p>\n<p>Asimismo, Manouchehri grafic\u00f3 que \u201cel presidente Boric describi\u00f3 una situaci\u00f3n que existe en Venezuela, pero se qued\u00f3 corto: el r\u00e9gimen venezolano act\u00faa como una dictadura y viola sistem\u00e1ticamente los derechos humanos\u201d.<\/p>\n<div style=\"width: 800px;\" class=\"wp-video\"><video class=\"wp-video-shortcode\" id=\"video-1868-1\" width=\"800\" height=\"450\" preload=\"metadata\" controls=\"controls\"><source type=\"video\/mp4\" src=\"https:\/\/minutaregional.cl\/wp-content\/uploads\/2022\/09\/VIDEO-D-Manouchehri-por-dichos-D-Cabello-Venezuela-contra-Boric-22sep22-FULL.m4v?_=1\" \/><a href=\"https:\/\/minutaregional.cl\/wp-content\/uploads\/2022\/09\/VIDEO-D-Manouchehri-por-dichos-D-Cabello-Venezuela-contra-Boric-22sep22-FULL.m4v\">https:\/\/minutaregional.cl\/wp-content\/uploads\/2022\/09\/VIDEO-D-Manouchehri-por-dichos-D-Cabello-Venezuela-contra-Boric-22sep22-FULL.m4v<\/a><\/video><\/div>\n","protected":false},"excerpt":{"rendered":"<p>AUDIO : DIPUTADO MANOUCHEHRI El dirigente del Partido Socialista Unido de Venezuela, Diosdado Cabello, critic\u00f3 e insult\u00f3 al Presidente Gabriel Boric por su discurso en las Naciones Unidas. En la instancia, el mandatario chileno mencion\u00f3 la crisis humanitaria que sufre Venezuela. El diputado socialista Daniel Manouchehri conden\u00f3 las declaraciones del<\/p>\n","protected":false},"author":1,"featured_media":1870,"comment_status":"closed","ping_status":"open","sticky":false,"template":"","format":"standard","meta":{"footnotes":""},"categories":[26],"tags":[],"class_list":["post-1868","post","type-post","status-publish","format-standard","has-post-thumbnail","hentry","category-camara-de-diputadas-y-diputados"],"_links":{"self":[{"href":"https:\/\/minutaregional.cl\/index.php?rest_route=\/wp\/v2\/posts\/1868","targetHints":{"allow":["GET"]}}],"collection":[{"href":"https:\/\/minutaregional.cl\/index.php?rest_route=\/wp\/v2\/posts"}],"about":[{"href":"https:\/\/minutaregional.cl\/index.php?rest_route=\/wp\/v2\/types\/post"}],"author":[{"embeddable":true,"href":"https:\/\/minutaregional.cl\/index.php?rest_route=\/wp\/v2\/users\/1"}],"replies":[{"embeddable":true,"href":"https:\/\/minutaregional.cl\/index.php?rest_route=%2Fwp%2Fv2%2Fcomments&post=1868"}],"version-history":[{"count":3,"href":"https:\/\/minutaregional.cl\/index.php?rest_route=\/wp\/v2\/posts\/1868\/revisions"}],"predecessor-version":[{"id":1874,"href":"https:\/\/minutaregional.cl\/index.php?rest_route=\/wp\/v2\/posts\/1868\/revisions\/1874"}],"wp:featuredmedia":[{"embeddable":true,"href":"https:\/\/minutaregional.cl\/index.php?rest_route=\/wp\/v2\/media\/1870"}],"wp:attachment":[{"href":"https:\/\/minutaregional.cl\/index.php?rest_route=%2Fwp%2Fv2%2Fmedia&parent=1868"}],"wp:term":[{"taxonomy":"category","embeddable":true,"href":"https:\/\/minutaregional.cl\/index.php?rest_route=%2Fwp%2Fv2%2Fcategories&post=1868"},{"taxonomy":"post_tag","embeddable":true,"href":"https:\/\/minutaregional.cl\/index.php?rest_route=%2Fwp%2Fv2%2Ftags&post=1868"}],"curies":[{"name":"wp","href":"https:\/\/api.w.org\/{rel}","templated":true}]}}