{"id":1864,"date":"2022-09-21T23:04:15","date_gmt":"2022-09-21T23:04:15","guid":{"rendered":"https:\/\/minutaregional.cl\/?p=1864"},"modified":"2022-09-21T23:04:15","modified_gmt":"2022-09-21T23:04:15","slug":"diputado-manouchehri-las-mascarillas-se-terminan-no-gracias-a-los-antivacunas-sino-por-quienes-se-vacunaron","status":"publish","type":"post","link":"https:\/\/minutaregional.cl\/?p=1864","title":{"rendered":"Diputado Manouchehri: \u201cLas mascarillas se terminan no gracias a los antivacunas, sino por quienes se vacunaron\u201d"},"content":{"rendered":"<audio class=\"wp-audio-shortcode\" id=\"audio-1864-1\" preload=\"none\" style=\"width: 100%;\" controls=\"controls\"><source type=\"audio\/mpeg\" src=\"https:\/\/minutaregional.cl\/wp-content\/uploads\/2022\/09\/CUNA-D-Manouchehri-flexibilizacion-uso-mascarilla-sep22.mp3?_=1\" \/><a href=\"https:\/\/minutaregional.cl\/wp-content\/uploads\/2022\/09\/CUNA-D-Manouchehri-flexibilizacion-uso-mascarilla-sep22.mp3\">https:\/\/minutaregional.cl\/wp-content\/uploads\/2022\/09\/CUNA-D-Manouchehri-flexibilizacion-uso-mascarilla-sep22.mp3<\/a><\/audio>\n<p>AUDIO : Diputado Manouchehri<\/p>\n<p>A m\u00e1s de dos a\u00f1os del inicio de la pandemia de Covid-19, el gobierno anunci\u00f3 la flexibilizaci\u00f3n de medidas sanitarias, como el fin de la exigencia del Pase de Movilidad y limitaci\u00f3n de la obligatoriedad del uso de mascarilla en situaciones y recintos espec\u00edficos.<\/p>\n<p>El diputado socialista Daniel Manouchehri aplaudi\u00f3 la medida, destacando la labor del desarrollo cient\u00edfico y las medidas de cuidado de la poblaci\u00f3n. \u201cSeamos claros. Ha sido la ciencia y aquellos que se han vacunado los que han permitido que hoy d\u00eda podamos prescindir del uso de la mascarilla\u201d, se\u00f1al\u00f3.<\/p>\n<p>A su vez, el legislador emplaz\u00f3 a los grupos antivacunas que se atribuyeron el \u201ctriunfo\u201d por la flexibilizaci\u00f3n de medidas sanitarias. \u201cNo han sido ni los terraplanistas ni los antivacunas los que han permitido este avance. Ha sido la ciencia la que ha permitido que disminuya el ritmo de muertes y que podamos hoy d\u00eda transitar libremente por las calles\u201d, indic\u00f3.<\/p>\n","protected":false},"excerpt":{"rendered":"<p>AUDIO : Diputado Manouchehri A m\u00e1s de dos a\u00f1os del inicio de la pandemia de Covid-19, el gobierno anunci\u00f3 la flexibilizaci\u00f3n de medidas sanitarias, como el fin de la exigencia del Pase de Movilidad y limitaci\u00f3n de la obligatoriedad del uso de mascarilla en situaciones y recintos espec\u00edficos. El diputado<\/p>\n","protected":false},"author":1,"featured_media":1735,"comment_status":"closed","ping_status":"open","sticky":false,"template":"","format":"standard","meta":{"footnotes":""},"categories":[26],"tags":[],"class_list":["post-1864","post","type-post","status-publish","format-standard","has-post-thumbnail","hentry","category-camara-de-diputadas-y-diputados"],"_links":{"self":[{"href":"https:\/\/minutaregional.cl\/index.php?rest_route=\/wp\/v2\/posts\/1864","targetHints":{"allow":["GET"]}}],"collection":[{"href":"https:\/\/minutaregional.cl\/index.php?rest_route=\/wp\/v2\/posts"}],"about":[{"href":"https:\/\/minutaregional.cl\/index.php?rest_route=\/wp\/v2\/types\/post"}],"author":[{"embeddable":true,"href":"https:\/\/minutaregional.cl\/index.php?rest_route=\/wp\/v2\/users\/1"}],"replies":[{"embeddable":true,"href":"https:\/\/minutaregional.cl\/index.php?rest_route=%2Fwp%2Fv2%2Fcomments&post=1864"}],"version-history":[{"count":1,"href":"https:\/\/minutaregional.cl\/index.php?rest_route=\/wp\/v2\/posts\/1864\/revisions"}],"predecessor-version":[{"id":1866,"href":"https:\/\/minutaregional.cl\/index.php?rest_route=\/wp\/v2\/posts\/1864\/revisions\/1866"}],"wp:featuredmedia":[{"embeddable":true,"href":"https:\/\/minutaregional.cl\/index.php?rest_route=\/wp\/v2\/media\/1735"}],"wp:attachment":[{"href":"https:\/\/minutaregional.cl\/index.php?rest_route=%2Fwp%2Fv2%2Fmedia&parent=1864"}],"wp:term":[{"taxonomy":"category","embeddable":true,"href":"https:\/\/minutaregional.cl\/index.php?rest_route=%2Fwp%2Fv2%2Fcategories&post=1864"},{"taxonomy":"post_tag","embeddable":true,"href":"https:\/\/minutaregional.cl\/index.php?rest_route=%2Fwp%2Fv2%2Ftags&post=1864"}],"curies":[{"name":"wp","href":"https:\/\/api.w.org\/{rel}","templated":true}]}}