{"id":1855,"date":"2022-09-20T20:46:13","date_gmt":"2022-09-20T20:46:13","guid":{"rendered":"https:\/\/minutaregional.cl\/?p=1855"},"modified":"2022-09-20T20:51:28","modified_gmt":"2022-09-20T20:51:28","slug":"mayores-fiscalizaciones-y-visitantes-las-cifras-que-dejan-estas-fiestas-patrias","status":"publish","type":"post","link":"https:\/\/minutaregional.cl\/?p=1855","title":{"rendered":"Mayores Fiscalizaciones y Visitantes: Las Cifras Que Dejan Estas Fiestas Patrias"},"content":{"rendered":"<audio class=\"wp-audio-shortcode\" id=\"audio-1855-1\" preload=\"none\" style=\"width: 100%;\" controls=\"controls\"><source type=\"audio\/mpeg\" src=\"https:\/\/minutaregional.cl\/wp-content\/uploads\/2022\/09\/BALANCE-Ruben-Quezada-Delegado-Presidencial-Regional.mp3?_=1\" \/><a href=\"https:\/\/minutaregional.cl\/wp-content\/uploads\/2022\/09\/BALANCE-Ruben-Quezada-Delegado-Presidencial-Regional.mp3\">https:\/\/minutaregional.cl\/wp-content\/uploads\/2022\/09\/BALANCE-Ruben-Quezada-Delegado-Presidencial-Regional.mp3<\/a><\/audio>\n<p>AUDIO :Ruben Quezada Delegado Presidencial Regional<\/p>\n<audio class=\"wp-audio-shortcode\" id=\"audio-1855-2\" preload=\"none\" style=\"width: 100%;\" controls=\"controls\"><source type=\"audio\/mpeg\" src=\"https:\/\/minutaregional.cl\/wp-content\/uploads\/2022\/09\/BALANCE-General-Carabineros-Rodrigo-Espinoza.mp3?_=2\" \/><a href=\"https:\/\/minutaregional.cl\/wp-content\/uploads\/2022\/09\/BALANCE-General-Carabineros-Rodrigo-Espinoza.mp3\">https:\/\/minutaregional.cl\/wp-content\/uploads\/2022\/09\/BALANCE-General-Carabineros-Rodrigo-Espinoza.mp3<\/a><\/audio>\n<p>AUDIO :\u00a0General Carabineros Rodrigo Espinoza<\/p>\n<p>&nbsp;<\/p>\n<ul>\n<li style=\"text-align: justify;\"><strong><em>El Delegado Presidencial Rub\u00e9n Quezada destac\u00f3 la capacidad de respuesta de la regi\u00f3n durante las celebraciones. Si bien se incrementaron los controles en diversos \u00e1mbitos, lament\u00f3 el fallecimiento de cuatro personas. \u201cNuestro compromiso con la reactivaci\u00f3n econ\u00f3mica y el cuidado de la poblaci\u00f3n se mantiene firme y estamos viendo buenos resultados, pero nunca ser\u00e1n los mejores resultados si seguimos con v\u00edctimas fatales\u201d, acot\u00f3.<\/em><\/strong><\/li>\n<\/ul>\n<p style=\"text-align: justify;\"><strong>\u00a0<\/strong>Diversas cifras arroj\u00f3 el trabajo implementado en la Regi\u00f3n de Coquimbo para velar por la seguridad durante estas fiestas patrias, adem\u00e1s de apoyar al sector turismo, considerando la gran cantidad de visitantes.<\/p>\n<p style=\"text-align: justify;\">Una planificaci\u00f3n que abord\u00f3 las \u00e1reas de salud, obras p\u00fablicas, econom\u00eda, vialidad y seguridad p\u00fablica que fue destacada por el Delegado Presidencial Rub\u00e9n Quezada tras el balance post 18.<\/p>\n<p style=\"text-align: justify;\"><strong>\u201cHubo buenos resultados de Carabineros, con m\u00e1s multas y detenidos en comparaci\u00f3n al a\u00f1o pasado. Pero tenemos otros servicios que estuvieron colaborando. Con SENDA se aument\u00f3 en 30% su cantidad de controles y triplic\u00f3 la cantidad de conductores que fueron detectados conduciendo bajo la influencia del alcohol\u201d<\/strong>, dijo la autoridad.<\/p>\n<p style=\"text-align: justify;\">Por otra parte, inform\u00f3 que se cursaron 60 sumarios sanitarios que derivaron en m\u00e1s de 800 kilos de carne decomisada en mal estado. Mientras que, en t\u00e9rmino de ingresos, solo entre los d\u00edas 15 y 16 de septiembre ingresaron 36 mil veh\u00edculos a la regi\u00f3n y se realizaron 54 vuelos desde el aeropuerto La Florida, demostrando la coordinaci\u00f3n entre el Ministerio de Obras P\u00fablicas, las concesionarias y Carabineros.<\/p>\n<p style=\"text-align: justify;\">Desde la instituci\u00f3n policial tambi\u00e9n destacaron algunos resultados. En esta l\u00ednea, el Jefe de la IV Zona de Carabineros, General Rodrigo Espinoza, detall\u00f3 que <strong>\u201chicimos m\u00e1s de 6800 fiscalizaciones, 1000 m\u00e1s que el a\u00f1o pasado. Se detuvo a 15 personas por conducir en estado de ebriedad, 7 m\u00e1s que el a\u00f1o pasado. Y se cursaron 478 infracciones, 100 m\u00e1s que en el 2021. Es decir que hubo un despliegue efectivo, presencia en terreno para que el tr\u00e1nsito se diera de manera normal\u201d<\/strong>.<\/p>\n<p style=\"text-align: justify;\">Asimismo, el alto mando apunt\u00f3 al trabajo realizado en rutas y lugares de celebraci\u00f3n, como las pampillas de Vicu\u00f1a y Ovalle <strong>\u201cdonde hubo flujos importantes\u00a0 de visitantes que abordamos con varios puntos de control. En San Isidro hubo hasta 85 mil personas por d\u00eda, en Los Pe\u00f1ones hubo 80 mil, en Los Vilos 2 mil, Punitaqui 4 mil personas. El despliegue de recursos dio cuenta que se hizo una buena labor<\/strong>\u201d.<\/p>\n<p style=\"text-align: justify;\">Sin embargo, la regi\u00f3n report\u00f3 4 personas fallecidas en accidentes. Pese a representar un 50% menos que el a\u00f1o 2021, el Delegado Presidencial Rub\u00e9n Quezada coment\u00f3 que <strong>\u201cnuestro compromiso con la reactivaci\u00f3n econ\u00f3mica y el cuidado de la poblaci\u00f3n se mantiene firme y estamos viendo buenos resultados, pero nunca ser\u00e1n los mejores resultados si seguimos con v\u00edctimas fatales y, por lo mismo, nuestro llamado es a acentuar la corresponsabilidad con la comunidad\u201d<\/strong>.<\/p>\n<p style=\"text-align: justify;\"><strong>Impacto tur\u00edstico._<\/strong><\/p>\n<p style=\"text-align: justify;\">Desde el punto de vista econ\u00f3mico, el Delegado Quezada destac\u00f3 el efecto de estas fiestas patrias en el sector turismo, ya que tambi\u00e9n se vieron incrementos de turistas en sectores como la Avenida del Mar que proyectaba un 70% de ocupaci\u00f3n, seg\u00fan SERNATUR.<\/p>\n<p style=\"text-align: justify;\"><strong>\u201cLos locatarios est\u00e1n sacando cuentas alegres. Subi\u00f3 en un 10% la capacidad hotelera, tambi\u00e9n aument\u00f3 la ocupaci\u00f3n en Choapa y en destinos como Punta de Choros que alcanzaron un 80%\u201d<\/strong>, se\u00f1al\u00f3 el Delegado, remarcando que <strong>\u201cse ha podido garantizar un cuidado, un trabajo conjunto y una buena respuesta de la regi\u00f3n y de las personas, lo que nos da luces de lo que va a ser dos fines de semana largo y la temporada estival que esperamos recibir en mejores condiciones\u201d<\/strong>.<\/p>\n","protected":false},"excerpt":{"rendered":"<p>AUDIO :Ruben Quezada Delegado Presidencial Regional AUDIO :\u00a0General Carabineros Rodrigo Espinoza &nbsp; El Delegado Presidencial Rub\u00e9n Quezada destac\u00f3 la capacidad de respuesta de la regi\u00f3n durante las celebraciones. Si bien se incrementaron los controles en diversos \u00e1mbitos, lament\u00f3 el fallecimiento de cuatro personas. \u201cNuestro compromiso con la reactivaci\u00f3n econ\u00f3mica y<\/p>\n","protected":false},"author":1,"featured_media":1862,"comment_status":"closed","ping_status":"open","sticky":false,"template":"","format":"standard","meta":{"footnotes":""},"categories":[36],"tags":[],"class_list":["post-1855","post","type-post","status-publish","format-standard","has-post-thumbnail","hentry","category-dppcoquimbo"],"_links":{"self":[{"href":"https:\/\/minutaregional.cl\/index.php?rest_route=\/wp\/v2\/posts\/1855","targetHints":{"allow":["GET"]}}],"collection":[{"href":"https:\/\/minutaregional.cl\/index.php?rest_route=\/wp\/v2\/posts"}],"about":[{"href":"https:\/\/minutaregional.cl\/index.php?rest_route=\/wp\/v2\/types\/post"}],"author":[{"embeddable":true,"href":"https:\/\/minutaregional.cl\/index.php?rest_route=\/wp\/v2\/users\/1"}],"replies":[{"embeddable":true,"href":"https:\/\/minutaregional.cl\/index.php?rest_route=%2Fwp%2Fv2%2Fcomments&post=1855"}],"version-history":[{"count":3,"href":"https:\/\/minutaregional.cl\/index.php?rest_route=\/wp\/v2\/posts\/1855\/revisions"}],"predecessor-version":[{"id":1861,"href":"https:\/\/minutaregional.cl\/index.php?rest_route=\/wp\/v2\/posts\/1855\/revisions\/1861"}],"wp:featuredmedia":[{"embeddable":true,"href":"https:\/\/minutaregional.cl\/index.php?rest_route=\/wp\/v2\/media\/1862"}],"wp:attachment":[{"href":"https:\/\/minutaregional.cl\/index.php?rest_route=%2Fwp%2Fv2%2Fmedia&parent=1855"}],"wp:term":[{"taxonomy":"category","embeddable":true,"href":"https:\/\/minutaregional.cl\/index.php?rest_route=%2Fwp%2Fv2%2Fcategories&post=1855"},{"taxonomy":"post_tag","embeddable":true,"href":"https:\/\/minutaregional.cl\/index.php?rest_route=%2Fwp%2Fv2%2Ftags&post=1855"}],"curies":[{"name":"wp","href":"https:\/\/api.w.org\/{rel}","templated":true}]}}