{"id":1847,"date":"2022-09-16T10:51:37","date_gmt":"2022-09-16T10:51:37","guid":{"rendered":"https:\/\/minutaregional.cl\/?p=1847"},"modified":"2022-09-16T10:51:37","modified_gmt":"2022-09-16T10:51:37","slug":"diputado-manouchehri-oficia-a-minsal-y-mineduc-para-eliminar-mascarillas-en-colegios","status":"publish","type":"post","link":"https:\/\/minutaregional.cl\/?p=1847","title":{"rendered":"Diputado Manouchehri Oficia a Minsal y Mineduc para Eliminar Mascarillas en Colegios"},"content":{"rendered":"<p style=\"text-align: justify;\">El diputado socialista Daniel Manouchehri apunt\u00f3 de lleno a la eliminaci\u00f3n del uso de mascarillas en los escolares. \u201cEl uso de la mascarilla en los colegios es algo obsoleto y que afecta el aprendizaje de nuestros ni\u00f1os y ni\u00f1as. Est\u00e1 dem\u00e1s. Nos encontramos en otro momento. Los ni\u00f1os est\u00e1n mayoritariamente vacunados\u201d, indic\u00f3.<\/p>\n<p style=\"text-align: justify;\">El legislador de la Regi\u00f3n de Coquimbo se refiri\u00f3 a los efectos negativos del uso de cubrebocas por parte de los estudiantes. \u201cEl uso de mascarilla dificulta el proceso de educaci\u00f3n de nuestros ni\u00f1os y ni\u00f1as. Impacta en el desarrollo fon\u00e9tico, en el proceso de aprender a leer y escribir y en el estado emocional\u201d.<\/p>\n<p style=\"text-align: justify;\">En esa l\u00ednea, Manouchehri anunci\u00f3 que oficiar\u00e1 al Ministerio de Salud y al Ministerio de Educaci\u00f3n para poner t\u00e9rmino al uso de la mascarilla en los colegios. \u201cNuestros ni\u00f1os y ni\u00f1as deben ser la prioridad\u201d, enfatiz\u00f3.<\/p>\n<p style=\"text-align: justify;\">En las \u00faltimas horas el ministro de Educaci\u00f3n, Marco Antonio \u00c1vila, adelant\u00f3 que el gobierno estudiar\u00e1 la flexibilizaci\u00f3n del uso de mascarilla en los establecimientos escolares.<\/p>\n<p>&nbsp;<\/p>\n","protected":false},"excerpt":{"rendered":"<p>El diputado socialista Daniel Manouchehri apunt\u00f3 de lleno a la eliminaci\u00f3n del uso de mascarillas en los escolares. \u201cEl uso de la mascarilla en los colegios es algo obsoleto y que afecta el aprendizaje de nuestros ni\u00f1os y ni\u00f1as. Est\u00e1 dem\u00e1s. Nos encontramos en otro momento. Los ni\u00f1os est\u00e1n mayoritariamente<\/p>\n","protected":false},"author":1,"featured_media":1848,"comment_status":"closed","ping_status":"open","sticky":false,"template":"","format":"standard","meta":{"footnotes":""},"categories":[26],"tags":[],"class_list":["post-1847","post","type-post","status-publish","format-standard","has-post-thumbnail","hentry","category-camara-de-diputadas-y-diputados"],"_links":{"self":[{"href":"https:\/\/minutaregional.cl\/index.php?rest_route=\/wp\/v2\/posts\/1847","targetHints":{"allow":["GET"]}}],"collection":[{"href":"https:\/\/minutaregional.cl\/index.php?rest_route=\/wp\/v2\/posts"}],"about":[{"href":"https:\/\/minutaregional.cl\/index.php?rest_route=\/wp\/v2\/types\/post"}],"author":[{"embeddable":true,"href":"https:\/\/minutaregional.cl\/index.php?rest_route=\/wp\/v2\/users\/1"}],"replies":[{"embeddable":true,"href":"https:\/\/minutaregional.cl\/index.php?rest_route=%2Fwp%2Fv2%2Fcomments&post=1847"}],"version-history":[{"count":1,"href":"https:\/\/minutaregional.cl\/index.php?rest_route=\/wp\/v2\/posts\/1847\/revisions"}],"predecessor-version":[{"id":1849,"href":"https:\/\/minutaregional.cl\/index.php?rest_route=\/wp\/v2\/posts\/1847\/revisions\/1849"}],"wp:featuredmedia":[{"embeddable":true,"href":"https:\/\/minutaregional.cl\/index.php?rest_route=\/wp\/v2\/media\/1848"}],"wp:attachment":[{"href":"https:\/\/minutaregional.cl\/index.php?rest_route=%2Fwp%2Fv2%2Fmedia&parent=1847"}],"wp:term":[{"taxonomy":"category","embeddable":true,"href":"https:\/\/minutaregional.cl\/index.php?rest_route=%2Fwp%2Fv2%2Fcategories&post=1847"},{"taxonomy":"post_tag","embeddable":true,"href":"https:\/\/minutaregional.cl\/index.php?rest_route=%2Fwp%2Fv2%2Ftags&post=1847"}],"curies":[{"name":"wp","href":"https:\/\/api.w.org\/{rel}","templated":true}]}}