{"id":1841,"date":"2022-09-14T21:20:28","date_gmt":"2022-09-14T21:20:28","guid":{"rendered":"https:\/\/minutaregional.cl\/?p=1841"},"modified":"2022-09-14T21:23:17","modified_gmt":"2022-09-14T21:23:17","slug":"pdi-detiene-a-imputado-por-crimen-en-multicancha","status":"publish","type":"post","link":"https:\/\/minutaregional.cl\/?p=1841","title":{"rendered":"PDI DETIENE A IMPUTADO POR CRIMEN EN MULTICANCHA"},"content":{"rendered":"<ul>\n<li style=\"text-align: justify;\">El hecho ocurri\u00f3 el d\u00eda 25 de marzo, en la poblaci\u00f3n Olivar bajo de la comuna de Coquimbo.<\/li>\n<\/ul>\n<p style=\"text-align: justify;\">Los detectives de la Brigada de Homicidios La Serena, realizaron una serie de diligencias investigativas para lograr detener al autor del crimen de un joven de 19 a\u00f1os de edad, hecho ocurrido el d\u00eda 25 de marzo del presente a\u00f1o, en la multi cancha ubicada en calle 11 de septiembre con pasaje Espa\u00f1a, poblaci\u00f3n Olivar Bajo de la comuna puerto.<\/p>\n<p style=\"text-align: justify;\">La investigaci\u00f3n de la PDI, indica que la v\u00edctima habr\u00eda estado compartiendo con un amigo, en los alrededores de la multi cancha, cuando fue sorprendido por M.A.C.R, \u00a0quien lo habr\u00eda herido de muerte con un arma de fuego.<\/p>\n<p style=\"text-align: justify;\">El trabajo en el sitio del suceso, el empadronamiento de testigos y el an\u00e1lisis criminal realizado por los investigadores, en coordinaci\u00f3n con el Ministerio P\u00fablico, logr\u00f3 posicionar cient\u00edficamente al imputado en el hecho investigado.<\/p>\n<p style=\"text-align: justify;\">Con la orden del Tribunal, los detectives \u00a0<strong><em>\u201cprocedieron a la detenci\u00f3n de una persona mayor de edad, de sexo masculino, sindicado como el autor del homicidio del joven de 19 a\u00f1os de edad\u201d<\/em><\/strong> se\u00f1al\u00f3 el subprefecto Germ\u00e1n Trigo, de la Brigada de Homicidios La Serena.<\/p>\n<p style=\"text-align: justify;\">Los antecedentes que fueron entregados al Ministerio P\u00fablico para la formalizaci\u00f3n del imputado por el delito de Homicidio. El sujeto qued\u00f3 en prisi\u00f3n preventiva mientras dure la investigaci\u00f3n.<\/p>\n","protected":false},"excerpt":{"rendered":"<p>El hecho ocurri\u00f3 el d\u00eda 25 de marzo, en la poblaci\u00f3n Olivar bajo de la comuna de Coquimbo. Los detectives de la Brigada de Homicidios La Serena, realizaron una serie de diligencias investigativas para lograr detener al autor del crimen de un joven de 19 a\u00f1os de edad, hecho ocurrido<\/p>\n","protected":false},"author":1,"featured_media":1843,"comment_status":"closed","ping_status":"open","sticky":false,"template":"","format":"standard","meta":{"footnotes":""},"categories":[14],"tags":[],"class_list":["post-1841","post","type-post","status-publish","format-standard","has-post-thumbnail","hentry","category-pdi"],"_links":{"self":[{"href":"https:\/\/minutaregional.cl\/index.php?rest_route=\/wp\/v2\/posts\/1841","targetHints":{"allow":["GET"]}}],"collection":[{"href":"https:\/\/minutaregional.cl\/index.php?rest_route=\/wp\/v2\/posts"}],"about":[{"href":"https:\/\/minutaregional.cl\/index.php?rest_route=\/wp\/v2\/types\/post"}],"author":[{"embeddable":true,"href":"https:\/\/minutaregional.cl\/index.php?rest_route=\/wp\/v2\/users\/1"}],"replies":[{"embeddable":true,"href":"https:\/\/minutaregional.cl\/index.php?rest_route=%2Fwp%2Fv2%2Fcomments&post=1841"}],"version-history":[{"count":1,"href":"https:\/\/minutaregional.cl\/index.php?rest_route=\/wp\/v2\/posts\/1841\/revisions"}],"predecessor-version":[{"id":1842,"href":"https:\/\/minutaregional.cl\/index.php?rest_route=\/wp\/v2\/posts\/1841\/revisions\/1842"}],"wp:featuredmedia":[{"embeddable":true,"href":"https:\/\/minutaregional.cl\/index.php?rest_route=\/wp\/v2\/media\/1843"}],"wp:attachment":[{"href":"https:\/\/minutaregional.cl\/index.php?rest_route=%2Fwp%2Fv2%2Fmedia&parent=1841"}],"wp:term":[{"taxonomy":"category","embeddable":true,"href":"https:\/\/minutaregional.cl\/index.php?rest_route=%2Fwp%2Fv2%2Fcategories&post=1841"},{"taxonomy":"post_tag","embeddable":true,"href":"https:\/\/minutaregional.cl\/index.php?rest_route=%2Fwp%2Fv2%2Ftags&post=1841"}],"curies":[{"name":"wp","href":"https:\/\/api.w.org\/{rel}","templated":true}]}}