{"id":1833,"date":"2022-09-14T21:05:56","date_gmt":"2022-09-14T21:05:56","guid":{"rendered":"https:\/\/minutaregional.cl\/?p=1833"},"modified":"2022-09-14T21:14:52","modified_gmt":"2022-09-14T21:14:52","slug":"inspeccionan-condiciones-sanitarias-para-el-funcionamiento-de-la-pampilla-de-san-isidro-vicuna","status":"publish","type":"post","link":"https:\/\/minutaregional.cl\/?p=1833","title":{"rendered":"Inspeccionan Condiciones Sanitarias para el Funcionamiento de la Pampilla de San Isidro #VICU\u00d1A"},"content":{"rendered":"<audio class=\"wp-audio-shortcode\" id=\"audio-1833-1\" preload=\"none\" style=\"width: 100%;\" controls=\"controls\"><source type=\"audio\/mpeg\" src=\"https:\/\/minutaregional.cl\/wp-content\/uploads\/2022\/09\/Cunas-Seremi-Salud.mp3?_=1\" \/><a href=\"https:\/\/minutaregional.cl\/wp-content\/uploads\/2022\/09\/Cunas-Seremi-Salud.mp3\">https:\/\/minutaregional.cl\/wp-content\/uploads\/2022\/09\/Cunas-Seremi-Salud.mp3<\/a><\/audio>\n<p>AUDIO : Seremi de Salud Paola Salas<\/p>\n<ul>\n<li style=\"text-align: justify;\"><strong><em>El recinto espera recibir a m\u00e1s de 10 mil personas durante Fiestas Patrias.<\/em><\/strong><\/li>\n<\/ul>\n<p style=\"text-align: justify;\">Con la finalidad de determinar las buenas condiciones sanitarias y de seguridad de eventos masivos durante el 18 de septiembre, la Seremi de Salud Paola Salas, junto al Delegado Presidencial Rub\u00e9n Quezada, se trasladaron hasta la Pampilla de San Isidro en la comuna de Vicu\u00f1a, una de las principales fiestas de la regi\u00f3n para celebrar el mes patrio.<\/p>\n<p style=\"text-align: justify;\">Durante el recorrido, se inspeccionaron las condiciones sanitarias del lugar como el agua potable, luz el\u00e9ctrica y cociner\u00edas, adem\u00e1s de los accesos, todo para asegurar a los cerca de 10 mil visitantes, seguridad y condiciones \u00f3ptimas.<\/p>\n<p style=\"text-align: justify;\">\u201cEs un evento que va a albergar a m\u00e1s de 10 mil personas durante estos d\u00edas, que requiere nuestro apoyo y comprensi\u00f3n en t\u00e9rminos de seguridad, de salud y de distintos apoyos que podamos dar al municipio de Vicu\u00f1a para que lleve adelante esta pampilla\u201d, se\u00f1al\u00f3 el Delegado Presidencial Rub\u00e9n Quezada.<\/p>\n<p style=\"text-align: justify;\">En relaci\u00f3n a los temas sanitarios, la Seremi de Salud Paola Salas enfatiz\u00f3 en que uno de los requisitos para ingresar a este tipo de eventos es el Pase de Movilidad.<\/p>\n<p style=\"text-align: justify;\">\u201cLa Seremi de Salud es quien eval\u00faa las condiciones sanitarias de estos eventos durante el 18 de septiembre. En t\u00e9rminos pr\u00e1cticos para las personas que vengan a la Pampilla, tienen que traer su Pase de Movilidad, quienes no lo tengan, pueden ingresar con una PCR negativa de 24 horas anteriores\u201d, puntualiz\u00f3.<\/p>\n<p style=\"text-align: justify;\">En este sentido, el Alcalde de la comuna de Vicu\u00f1a Rafael Vera, enfatiz\u00f3 en que este evento cuenta con todas las condiciones para su correcto funcionamiento.<\/p>\n<p style=\"text-align: justify;\">\u201cLe hemos invitado a ver el esfuerzo que estamos haciendo en conjunto, para que esta Pampilla efectivamente est\u00e9 a la altura en t\u00e9rminos de seguridad, seguridad alimenticia y sanitaria de la mejor forma posible. Por eso estoy convencido que, con el apoyo de todos, este evento entregar\u00e1 todo lo que la gente busca\u201d.<\/p>\n<p style=\"text-align: justify;\">En el recinto, se revisaron las condiciones sanitarias de m\u00e1s de 20 locales que vender\u00e1n expendio de alimento durante la Pampilla de San Isidro, para asegurar que cumplan con las condiciones \u00f3ptimas para quienes asistan a este evento.<\/p>\n<p>&nbsp;<\/p>\n<p>&nbsp;<\/p>\n","protected":false},"excerpt":{"rendered":"<p>AUDIO : Seremi de Salud Paola Salas El recinto espera recibir a m\u00e1s de 10 mil personas durante Fiestas Patrias. Con la finalidad de determinar las buenas condiciones sanitarias y de seguridad de eventos masivos durante el 18 de septiembre, la Seremi de Salud Paola Salas, junto al Delegado Presidencial<\/p>\n","protected":false},"author":1,"featured_media":1834,"comment_status":"closed","ping_status":"open","sticky":false,"template":"","format":"standard","meta":{"footnotes":""},"categories":[51],"tags":[],"class_list":["post-1833","post","type-post","status-publish","format-standard","has-post-thumbnail","hentry","category-seremisalud_coquimbo"],"_links":{"self":[{"href":"https:\/\/minutaregional.cl\/index.php?rest_route=\/wp\/v2\/posts\/1833","targetHints":{"allow":["GET"]}}],"collection":[{"href":"https:\/\/minutaregional.cl\/index.php?rest_route=\/wp\/v2\/posts"}],"about":[{"href":"https:\/\/minutaregional.cl\/index.php?rest_route=\/wp\/v2\/types\/post"}],"author":[{"embeddable":true,"href":"https:\/\/minutaregional.cl\/index.php?rest_route=\/wp\/v2\/users\/1"}],"replies":[{"embeddable":true,"href":"https:\/\/minutaregional.cl\/index.php?rest_route=%2Fwp%2Fv2%2Fcomments&post=1833"}],"version-history":[{"count":4,"href":"https:\/\/minutaregional.cl\/index.php?rest_route=\/wp\/v2\/posts\/1833\/revisions"}],"predecessor-version":[{"id":1840,"href":"https:\/\/minutaregional.cl\/index.php?rest_route=\/wp\/v2\/posts\/1833\/revisions\/1840"}],"wp:featuredmedia":[{"embeddable":true,"href":"https:\/\/minutaregional.cl\/index.php?rest_route=\/wp\/v2\/media\/1834"}],"wp:attachment":[{"href":"https:\/\/minutaregional.cl\/index.php?rest_route=%2Fwp%2Fv2%2Fmedia&parent=1833"}],"wp:term":[{"taxonomy":"category","embeddable":true,"href":"https:\/\/minutaregional.cl\/index.php?rest_route=%2Fwp%2Fv2%2Fcategories&post=1833"},{"taxonomy":"post_tag","embeddable":true,"href":"https:\/\/minutaregional.cl\/index.php?rest_route=%2Fwp%2Fv2%2Ftags&post=1833"}],"curies":[{"name":"wp","href":"https:\/\/api.w.org\/{rel}","templated":true}]}}