{"id":1830,"date":"2022-09-14T20:49:20","date_gmt":"2022-09-14T20:49:20","guid":{"rendered":"https:\/\/minutaregional.cl\/?p=1830"},"modified":"2022-09-14T20:49:20","modified_gmt":"2022-09-14T20:49:20","slug":"el-47-de-los-rezagados-de-vacunacion-covid-son-adultos-de-18-a-49-anos","status":"publish","type":"post","link":"https:\/\/minutaregional.cl\/?p=1830","title":{"rendered":"El 47% de los Rezagados de Vacunaci\u00f3n Covid son Adultos de 18 a 49 a\u00f1os"},"content":{"rendered":"<ul>\n<li><strong>Adem\u00e1s, se informaron 170 casos nuevos de la enfermedad.<\/strong><\/li>\n<\/ul>\n<p><strong>\u00a0<\/strong>En un nuevo balance sanitario, la Seremi de Salud Paola Salas informo que la regi\u00f3n cuenta con 163 mil personas rezagadas que est\u00e1n pendientes en sus dosis de vacunaci\u00f3n contra el Covid_19.<\/p>\n<p>\u201cActualmente en la regi\u00f3n de Coquimbo tenemos un total de 163.052 personas rezagadas y de ellas el 47 % son del grupo etario entre los 18 a los 49 a\u00f1os, quienes no han completado sus esquemas de vacunaci\u00f3n contra el Covid_19\u201d, indic\u00f3 la Seremi Paola Salas.<\/p>\n<p>En este sentido, la Autoridad Sanitaria se\u00f1al\u00f3 que \u201cContinuamos con m\u00e1s de 52 puntos de vacunaci\u00f3n en toda la regi\u00f3n de Coquimbo y, adem\u00e1s, estamos acercando este proceso a lugares de alta afluencia de p\u00fablico, lugares de trabajo para que todos puedan acceder sus dosis correspondientes\u201d.<\/p>\n<p>Finalmente, la Seremi Salas record\u00f3 que es importante contar con el pase de movilidad para acudir a eventos masivos y actividades de celebraci\u00f3n de Fiestas Patrias.<\/p>\n<p><strong><u>Balance sanitario:<\/u><\/strong><\/p>\n<p>En relaci\u00f3n con el balance sanitario, la Autoridad de Salud inform\u00f3 170 casos nuevos de Covid_19, llegando la regi\u00f3n a los 185.104 casos acumulados de la enfermedad, con 706 activos.<\/p>\n<p>En cuanto al detalle de casos nuevos, la Autoridad Sanitaria regional informo \u201c61 de La Serena, 33 de Coquimbo, 01 de Andacollo, 01 de Paihuano, 02 de Vicu\u00f1a, 04 de Illapel, 01 de Canela, 02 de Los Vilos, 17 de Salamanca, 27 de Ovalle, 01 de Combarbal\u00e1, 05 de Monte Patria, 03 de Punitaqui, 02 de R\u00edo Hurtado, 01 de otra regi\u00f3n y 9 sin notificar\u201d se\u00f1al\u00f3 la autoridad.<\/p>\n<p>&nbsp;<\/p>\n<p><strong><u>BALANCE REGI\u00d3N DE COQUIMBO<\/u><\/strong><\/p>\n<p>Mi\u00e9rcoles 14 de septiembre del 2022<\/p>\n<p>170 casos nuevos<\/p>\n<p>185.104 casos acumulados<\/p>\n<p>706 casos activos<\/p>\n<p>1.823 personas fallecidas<\/p>\n<p>Residencias Sanitarias: 20% de ocupaci\u00f3n<\/p>\n<p><strong>Detalle Casos Nuevos:<\/strong><\/p>\n<p>61 de La Serena<\/p>\n<p>33 de Coquimbo<\/p>\n<p>01 de Andacollo<\/p>\n<p>01 de Paihuano<\/p>\n<p>02 de Vicu\u00f1a<\/p>\n<p>04 de Illapel<\/p>\n<p>01 de Canela<\/p>\n<p>02 de Los Vilos<\/p>\n<p>17 de Salamanca<\/p>\n<p>27 de Ovalle<\/p>\n<p>01 de Combarbal\u00e1<\/p>\n<p>05 de Monte Patria<\/p>\n<p>03 de Punitaqui<\/p>\n<p>02 de R\u00edo Hurtado<\/p>\n<p>01 de otra regi\u00f3n<\/p>\n<p>09 sin notificar<\/p>\n<p>&nbsp;<\/p>\n","protected":false},"excerpt":{"rendered":"<p>Adem\u00e1s, se informaron 170 casos nuevos de la enfermedad. \u00a0En un nuevo balance sanitario, la Seremi de Salud Paola Salas informo que la regi\u00f3n cuenta con 163 mil personas rezagadas que est\u00e1n pendientes en sus dosis de vacunaci\u00f3n contra el Covid_19. \u201cActualmente en la regi\u00f3n de Coquimbo tenemos un total<\/p>\n","protected":false},"author":1,"featured_media":1831,"comment_status":"closed","ping_status":"open","sticky":false,"template":"","format":"standard","meta":{"footnotes":""},"categories":[51,1],"tags":[],"class_list":["post-1830","post","type-post","status-publish","format-standard","has-post-thumbnail","hentry","category-seremisalud_coquimbo","category-noticias-regionales"],"_links":{"self":[{"href":"https:\/\/minutaregional.cl\/index.php?rest_route=\/wp\/v2\/posts\/1830","targetHints":{"allow":["GET"]}}],"collection":[{"href":"https:\/\/minutaregional.cl\/index.php?rest_route=\/wp\/v2\/posts"}],"about":[{"href":"https:\/\/minutaregional.cl\/index.php?rest_route=\/wp\/v2\/types\/post"}],"author":[{"embeddable":true,"href":"https:\/\/minutaregional.cl\/index.php?rest_route=\/wp\/v2\/users\/1"}],"replies":[{"embeddable":true,"href":"https:\/\/minutaregional.cl\/index.php?rest_route=%2Fwp%2Fv2%2Fcomments&post=1830"}],"version-history":[{"count":1,"href":"https:\/\/minutaregional.cl\/index.php?rest_route=\/wp\/v2\/posts\/1830\/revisions"}],"predecessor-version":[{"id":1832,"href":"https:\/\/minutaregional.cl\/index.php?rest_route=\/wp\/v2\/posts\/1830\/revisions\/1832"}],"wp:featuredmedia":[{"embeddable":true,"href":"https:\/\/minutaregional.cl\/index.php?rest_route=\/wp\/v2\/media\/1831"}],"wp:attachment":[{"href":"https:\/\/minutaregional.cl\/index.php?rest_route=%2Fwp%2Fv2%2Fmedia&parent=1830"}],"wp:term":[{"taxonomy":"category","embeddable":true,"href":"https:\/\/minutaregional.cl\/index.php?rest_route=%2Fwp%2Fv2%2Fcategories&post=1830"},{"taxonomy":"post_tag","embeddable":true,"href":"https:\/\/minutaregional.cl\/index.php?rest_route=%2Fwp%2Fv2%2Ftags&post=1830"}],"curies":[{"name":"wp","href":"https:\/\/api.w.org\/{rel}","templated":true}]}}