{"id":1812,"date":"2022-09-14T14:49:11","date_gmt":"2022-09-14T14:49:11","guid":{"rendered":"https:\/\/minutaregional.cl\/?p=1812"},"modified":"2022-09-14T14:49:11","modified_gmt":"2022-09-14T14:49:11","slug":"celebran-en-ovalle-semana-de-las-personas-mayores-y-el-envejecimiento-saludable","status":"publish","type":"post","link":"https:\/\/minutaregional.cl\/?p=1812","title":{"rendered":"Celebran en Ovalle Semana de las Personas Mayores y el Envejecimiento Saludable"},"content":{"rendered":"<ul>\n<li style=\"text-align: justify;\"><strong><em>Durante cuatro jornadas los adultos mayores participaron de actividades deportivas, recreativas, art\u00edsticas y culturales, con el prop\u00f3sito de promover estilos de vida saludable que les permitan mantenerse activos.<\/em><\/strong><\/li>\n<\/ul>\n<p style=\"text-align: justify;\">Con gran entusiasmo personas mayores llegaron, el pasado viernes, hasta el espejo de agua de la alameda, para participar en el primer Festival \u201cNo est\u00e1s solo\u201d, una iniciativa enmarcada en la celebraci\u00f3n de la Semana de las Personas Mayores y el envejecimiento saludable, organizado en conjunto por el IP-CFT Santo Tom\u00e1s y el CESFAM Fray Jorge de la capital limarina.<\/p>\n<p style=\"text-align: justify;\">Una verdadera fiesta que fue un punto de encuentro entre adultos mayores y j\u00f3venes estudiantes, quienes pusieron sus conocimientos y energ\u00eda a disposici\u00f3n de los asistentes, entreg\u00e1ndoles valiosa informaci\u00f3n, que les permitir\u00e1 mejorar su calidad de vida, al mismo tiempo que disfrutaron de presentaciones musicales que los motivaron a bailar y mantenerse activos.<\/p>\n<p style=\"text-align: justify;\">Con este festival se cerr\u00f3 una semana llena de actividades, deportivas, recreativas, art\u00edsticas, culturales y de autocuidado orientadas a las personas mayores usuarias del Cesfam Fray Jorge, pero al mismo tiempo, con esto se inici\u00f3 la ejecuci\u00f3n del proyecto de innovaci\u00f3n social \u201cNo est\u00e1s solo\u201d, una iniciativa del establecimiento de educaci\u00f3n superior que busca entregar acompa\u00f1amiento a adultos mayores en situaci\u00f3n de soledad.<\/p>\n<p style=\"text-align: justify;\">Una intervenci\u00f3n integral y multidisciplinaria que se desarrollar\u00e1, por segundo a\u00f1o, formando una red de trabajo colaborativo entre alumnos y docentes de las carreras T\u00e9cnico en Enfermer\u00eda, Servicio Social, Analista Programador y Topograf\u00eda, a los que se sumar\u00e1 el centro de salud, como socio comunitario.<\/p>\n<p style=\"text-align: justify;\">Con respecto a este importante proyecto, la directora nacional de vinculaci\u00f3n con el medio de Santo Tom\u00e1s, Catalina Mujica Vicu\u00f1a, se\u00f1al\u00f3 que esta es \u201cuna actividad incre\u00edble donde los estudiantes est\u00e1n relacion\u00e1ndose, aprendiendo junto a personas mayores, pero tambi\u00e9n entreg\u00e1ndoles a ellos sus conocimientos, como por ejemplo los alumnos de gastronom\u00eda les muestran distintas preparaciones de c\u00f3mo pueden ocupar los alimentos que les entregan en el Cesfam\u201d.<\/p>\n<p style=\"text-align: justify;\">A esto, Mujica agreg\u00f3 que \u201clo que nosotros buscamos en Santo Tom\u00e1s es relacionarnos con la comunidad, aport\u00e1ndoles desde nuestro conocimiento, pero tambi\u00e9n d\u00e1ndoles la alegr\u00eda de estar con los j\u00f3venes, compartir y pasarlo bien\u201d.<\/p>\n<p style=\"text-align: justify;\">Por su parte, Jimena Rodr\u00edguez Salinas, directora del Cesfam Fray Jorge, dijo que esta \u201cha sido una semana muy productiva\u201d, a la vez que se refiri\u00f3 al proyecto \u201cNo est\u00e1s solo\u201d, diciendo que \u201cpara nosotros como instituci\u00f3n de salud, viendo la gran necesidad de nuestros adultos mayores, creemos que es relevante poder vincularnos a Santo Tom\u00e1s, puesto que ya se ve un beneficio que tiene directa relaci\u00f3n con este enlace del adulto hacia el centro de salud, con este enlace de los estudiantes para acompa\u00f1arlos y que no est\u00e9n m\u00e1s solos\u201d.<\/p>\n<p style=\"text-align: justify;\"><strong>Envejecimiento saludable <\/strong><\/p>\n<p style=\"text-align: justify;\">Con el prop\u00f3sito de incentivar a las personas mayores a mantenerse activos y saludables, la semana inici\u00f3 con el encuentro \u201cDeporte y envejecimiento saludable\u201d, en el Estadio Diaguita, en donde las personas mayores asistieron a una charla motivacional del atleta senior Francisco Rojas Cabrera, alias \u201cTormenta del desierto\u201d, al mismo tiempo que realizaron ejercicios de precalentamiento, adem\u00e1s de circuitos de movilidad y ejercicios cognitivos.<\/p>\n<p style=\"text-align: justify;\">El deportista senior, quien fue galardonado durante el festival, sostuvo en la oportunidad que \u201cse sinti\u00f3 muy motivado con la gente, por c\u00f3mo me recibieron. Gracias a Dios que tengo buena salud, entreno bien y tengo buena alimentaci\u00f3n, eso me ha ayudado mucho para llegar donde estoy, y me gusta mucho lo que hago. Nunca es tarde para esto, cualquier cosa de deporte que hagan es bueno para la salud y de ah\u00ed salen los grandes deportistas para los m\u00e1steres\u201d.<\/p>\n<p style=\"text-align: justify;\">A esto se sumaron encuentros culturales y art\u00edsticos, en los que las personas mayores fueron espectadores y tambi\u00e9n protagonistas. Por ello se destac\u00f3 su participaci\u00f3n entreg\u00e1ndole un reconocimiento a Luisa Ossand\u00f3n, qui\u00e9n pertenece al Club de adultos mayores, \u201cLa esperanza del ma\u00f1ana\u201d, y que cuenta con una importante trayectoria como dirigente.<\/p>\n<p style=\"text-align: justify;\">\u201cEsto ha sido espectacular, quiero agradecer a Santo Tom\u00e1s por esta iniciativa porque ha sido una semana llena de actividades en la que nos han regaloneado en conjunto con el CESFAM. Este reconocimiento me gust\u00f3 porque es un desaf\u00edo para seguir mejorando, soy una persona muy amistosa, alegre y me gusta trabajar, tengo vocaci\u00f3n social y me gustar\u00eda que todos los dirigentes sociales tengan esa misma energ\u00eda a pesar de nuestros a\u00f1os\u201d, afirm\u00f3 Ossand\u00f3n.<\/p>\n","protected":false},"excerpt":{"rendered":"<p>Durante cuatro jornadas los adultos mayores participaron de actividades deportivas, recreativas, art\u00edsticas y culturales, con el prop\u00f3sito de promover estilos de vida saludable que les permitan mantenerse activos. Con gran entusiasmo personas mayores llegaron, el pasado viernes, hasta el espejo de agua de la alameda, para participar en el primer<\/p>\n","protected":false},"author":1,"featured_media":1813,"comment_status":"closed","ping_status":"open","sticky":false,"template":"","format":"standard","meta":{"footnotes":""},"categories":[1],"tags":[],"class_list":["post-1812","post","type-post","status-publish","format-standard","has-post-thumbnail","hentry","category-noticias-regionales"],"_links":{"self":[{"href":"https:\/\/minutaregional.cl\/index.php?rest_route=\/wp\/v2\/posts\/1812","targetHints":{"allow":["GET"]}}],"collection":[{"href":"https:\/\/minutaregional.cl\/index.php?rest_route=\/wp\/v2\/posts"}],"about":[{"href":"https:\/\/minutaregional.cl\/index.php?rest_route=\/wp\/v2\/types\/post"}],"author":[{"embeddable":true,"href":"https:\/\/minutaregional.cl\/index.php?rest_route=\/wp\/v2\/users\/1"}],"replies":[{"embeddable":true,"href":"https:\/\/minutaregional.cl\/index.php?rest_route=%2Fwp%2Fv2%2Fcomments&post=1812"}],"version-history":[{"count":1,"href":"https:\/\/minutaregional.cl\/index.php?rest_route=\/wp\/v2\/posts\/1812\/revisions"}],"predecessor-version":[{"id":1814,"href":"https:\/\/minutaregional.cl\/index.php?rest_route=\/wp\/v2\/posts\/1812\/revisions\/1814"}],"wp:featuredmedia":[{"embeddable":true,"href":"https:\/\/minutaregional.cl\/index.php?rest_route=\/wp\/v2\/media\/1813"}],"wp:attachment":[{"href":"https:\/\/minutaregional.cl\/index.php?rest_route=%2Fwp%2Fv2%2Fmedia&parent=1812"}],"wp:term":[{"taxonomy":"category","embeddable":true,"href":"https:\/\/minutaregional.cl\/index.php?rest_route=%2Fwp%2Fv2%2Fcategories&post=1812"},{"taxonomy":"post_tag","embeddable":true,"href":"https:\/\/minutaregional.cl\/index.php?rest_route=%2Fwp%2Fv2%2Ftags&post=1812"}],"curies":[{"name":"wp","href":"https:\/\/api.w.org\/{rel}","templated":true}]}}